{"id":48521,"date":"2023-02-17T00:00:00","date_gmt":"2023-02-16T23:00:00","guid":{"rendered":"https:\/\/imagazine.it\/palmanova-unesco-riunione-plenaria-a-zagabria\/"},"modified":"2023-02-17T00:00:00","modified_gmt":"2023-02-16T23:00:00","slug":"palmanova-unesco-riunione-plenaria-a-zagabria","status":"publish","type":"post","link":"https:\/\/imagazine.it\/home_desk\/palmanova-unesco-riunione-plenaria-a-zagabria\/","title":{"rendered":"Palmanova-Unesco, riunione plenaria a Zagabria"},"content":{"rendered":"<p> \tZAGABRIA &#8211; Si \u00e8 tenuta a Zagabria la riunione plenaria tra tutte le citt\u00e0 che fanno parte del sito transnazionale UNESCO \u201c<em>Opere di difesa veneziane tra XVI e XVII secolo: Stato da Terra-Stato da Mar occidentale<\/em>\u201d composto dalle citt\u00e0 di <strong>Palmanova, Bergamo e Peschiera del Garda per l\u2019Italia, Zara e Sebenico<\/strong> per la <strong>Croazia <\/strong>e<strong> Cattaro per il Montenegro.<\/strong><\/p>\n<p> \tTema dell\u2019incontro il coordinamento tra le sei citt\u00e0 per la compilazione del terzo ciclo periodico, un questionario che l\u2019UNESCO richiede a tutti i siti per fare il punto sullo <strong>stato di conservazione e sul programma di gestione<\/strong>.<\/p>\n<p> \t\u201c\u00c8 stata anche l&#8217;occasione per condividere alcune progettualit\u00e0 tra cui l&#8217;idea di <strong>realizzare eventi congiunti<\/strong> di celebrazione del riconoscimento, sulla scia della cena Unesco organizzata a Palmanova lo scorso anno. Stiamo inoltre lavorando a un <strong>nuovo sito web pi\u00f9 funzionale<\/strong> che ci consentir\u00e0 di aggiornare la nostra offerta culturale e turistica e di metterla in rete unitariamente&#8221;, commenta l\u2019assessore comunale a turismo e cultura <strong>Silvia Savi<\/strong>.<\/p>\n<p> \t&#8220;In questo ultimo anno il Gruppo di coordinamento internazionale composto dai rappresentanti delle sei citt\u00e0 ha avuto incontri mensili attraverso riunioni online. A ottobre c&#8217;era stato l&#8217;ultimo incontro in presenza a Palmanova che ci ha consentito di concludere positivamente il rapporto sulle raccomandazioni inerenti all&#8217;Icomos. Palmanova, in quell&#8217;occasione, ha fornito informazioni puntuali su alcuni progetti di infrastrutturazione turistica quali <strong>la torre piezometrica e il centro multimediale all\u2019ex caserma Filzi<\/strong>. In questa occasione invece l&#8217;attivit\u00e0 si \u00e8 concertata sul questionario che l&#8217;Unesco richiede per motivi principalmente statistici\u201d.<\/p>\n<p> \tIl primo ciclo di rendicontazione periodica \u00e8 iniziato nel 2000 e copr\u00ec tutte le regioni del mondo una per una. In Europa, il Primo Ciclo si \u00e8 svolto dal 2003 al 2006 e copriva tutte le propriet\u00e0 inscritte prima del 1997. Per il Secondo Ciclo, svoltosi dal 2012 al 2015 in Europa il numero di siti coinvolti \u00e8 raddoppiato dal Primo Ciclo di rendicontazione. Questo \u00e8 il terzo ciclo e per la prima volta coinvolge anche le opere di difesa veneziane.<\/p>\n<p> \t&#8220;Le relazioni internazionali sono sempre molto complesse ma costituiscono momenti di arricchimento per ciascuna citt\u00e0, tanto che nei prossimi mesi l&#8217;esito di questi incontri si concretizzer\u00e0 con la <strong>partecipazione reciproca a convegni a Bergamo, Palmanova e Zara<\/strong>&#8220;.<\/p>\n<p> \t\u00a0<\/p>\n","protected":false},"excerpt":{"rendered":"<p>Assieme a Bergamo, Peschiera del Garda, Zara, Sebenico e Cattaro individuati i nuovi obiettivi del sito transnazionale<\/p>\n","protected":false},"author":28,"featured_media":48522,"comment_status":"closed","ping_status":"closed","sticky":false,"template":"","format":"standard","meta":{"dwc-title":[],"dwc-content":[],"footnotes":""},"categories":[5],"tags":[],"class_list":["post-48521","post","type-post","status-publish","format-standard","has-post-thumbnail","hentry","category-attualita"],"rttpg_featured_image_url":{"full":["https:\/\/imagazine.it\/wp-content\/uploads\/2024\/02\/52069-1.webp",937,552,false],"landscape":["https:\/\/imagazine.it\/wp-content\/uploads\/2024\/02\/52069-1.webp",937,552,false],"portraits":["https:\/\/imagazine.it\/wp-content\/uploads\/2024\/02\/52069-1.webp",937,552,false],"thumbnail":["https:\/\/imagazine.it\/wp-content\/uploads\/2024\/02\/52069-1-150x150.webp",150,150,true],"medium":["https:\/\/imagazine.it\/wp-content\/uploads\/2024\/02\/52069-1-300x177.webp",300,177,true],"large":["https:\/\/imagazine.it\/wp-content\/uploads\/2024\/02\/52069-1.webp",640,377,false],"thumblist":["https:\/\/imagazine.it\/wp-content\/uploads\/2024\/02\/52069-1-300x300.webp",300,300,true],"thumbrelated":["https:\/\/imagazine.it\/wp-content\/uploads\/2024\/02\/52069-1-500x500.webp",500,500,true],"meccarouselthumb":["https:\/\/imagazine.it\/wp-content\/uploads\/2024\/02\/52069-1-474x324.webp",474,324,true],"gridsquare":["https:\/\/imagazine.it\/wp-content\/uploads\/2024\/02\/52069-1-391x260.webp",391,260,true],"tileview":["https:\/\/imagazine.it\/wp-content\/uploads\/2024\/02\/52069-1-300x400.webp",300,400,true],"1536x1536":["https:\/\/imagazine.it\/wp-content\/uploads\/2024\/02\/52069-1.webp",937,552,false],"2048x2048":["https:\/\/imagazine.it\/wp-content\/uploads\/2024\/02\/52069-1.webp",937,552,false],"newsup-slider-full":["https:\/\/imagazine.it\/wp-content\/uploads\/2024\/02\/52069-1.webp",937,552,false],"newsup-featured":["https:\/\/imagazine.it\/wp-content\/uploads\/2024\/02\/52069-1.webp",937,552,false],"newsup-medium":["https:\/\/imagazine.it\/wp-content\/uploads\/2024\/02\/52069-1-720x380.webp",720,380,true],"tptn_thumbnail":["https:\/\/imagazine.it\/wp-content\/uploads\/2024\/02\/52069-1.webp",250,147,false],"sow-carousel-default":["https:\/\/imagazine.it\/wp-content\/uploads\/2024\/02\/52069-1.webp",272,160,false]},"rttpg_author":{"display_name":"redazione","author_link":"https:\/\/imagazine.it\/home_desk\/author\/redazione\/"},"rttpg_comment":0,"rttpg_category":"<a href=\"https:\/\/imagazine.it\/home_desk\/category\/attualita\/\" rel=\"category tag\">ATTUALIT\u00c0<\/a>","rttpg_excerpt":"Assieme a Bergamo, Peschiera del Garda, Zara, Sebenico e Cattaro individuati i nuovi obiettivi del sito transnazionale","_links":{"self":[{"href":"https:\/\/imagazine.it\/home_desk\/wp-json\/wp\/v2\/posts\/48521","targetHints":{"allow":["GET"]}}],"collection":[{"href":"https:\/\/imagazine.it\/home_desk\/wp-json\/wp\/v2\/posts"}],"about":[{"href":"https:\/\/imagazine.it\/home_desk\/wp-json\/wp\/v2\/types\/post"}],"author":[{"embeddable":true,"href":"https:\/\/imagazine.it\/home_desk\/wp-json\/wp\/v2\/users\/28"}],"replies":[{"embeddable":true,"href":"https:\/\/imagazine.it\/home_desk\/wp-json\/wp\/v2\/comments?post=48521"}],"version-history":[{"count":0,"href":"https:\/\/imagazine.it\/home_desk\/wp-json\/wp\/v2\/posts\/48521\/revisions"}],"wp:featuredmedia":[{"embeddable":true,"href":"https:\/\/imagazine.it\/home_desk\/wp-json\/wp\/v2\/media\/48522"}],"wp:attachment":[{"href":"https:\/\/imagazine.it\/home_desk\/wp-json\/wp\/v2\/media?parent=48521"}],"wp:term":[{"taxonomy":"category","embeddable":true,"href":"https:\/\/imagazine.it\/home_desk\/wp-json\/wp\/v2\/categories?post=48521"},{"taxonomy":"post_tag","embeddable":true,"href":"https:\/\/imagazine.it\/home_desk\/wp-json\/wp\/v2\/tags?post=48521"}],"curies":[{"name":"wp","href":"https:\/\/api.w.org\/{rel}","templated":true}]}}