{"id":48517,"date":"2023-02-17T00:00:00","date_gmt":"2023-02-16T23:00:00","guid":{"rendered":"https:\/\/imagazine.it\/trecento-giovani-per-valorizzare-le-aree-interne-del-fvg\/"},"modified":"2023-02-17T00:00:00","modified_gmt":"2023-02-16T23:00:00","slug":"trecento-giovani-per-valorizzare-le-aree-interne-del-fvg","status":"publish","type":"post","link":"https:\/\/imagazine.it\/home_desk\/trecento-giovani-per-valorizzare-le-aree-interne-del-fvg\/","title":{"rendered":"Trecento giovani per valorizzare le aree interne del FVG"},"content":{"rendered":"<p> \tTRIESTE \u2013 <strong>Trecento candidature<\/strong> per 28 \u201cPercorsi spericolati\u201d ideati dalla Fondazione Pietro Pittini per favorire uno scambio generativo tra realt\u00e0 imprenditoriali innovative presenti nelle aree interne del Friuli Venezia Giulia e un gruppo di giovani formati e pronti a sperimentarsi come \u201cagenti di valorizzazione territoriale\u201d. \u00a0<\/p>\n<p> \tQuesto l\u2019edito della call di selezione del progetto, promosso dalla Fondazione insieme ai partner Meraki-desideri culturali, Rob de Matt e grazie al supporto della Coop. Sociale Cramars, di Avanzi e della Rete Rifai: le <strong>candidature sono giunte da tutte le regioni d\u2019Italia<\/strong>. Tra i giovani, la maggioranza (62,5%) appartiene alla fascia d\u2019et\u00e0 tra i 25 e i 30 anni, la gran parte sono in cerca di lavoro o stanno ancora studiando. Il 34,7% dei giovani \u00e8 in possesso di una laurea triennale, il 27,4% di quella magistrale, e ci sono state candidature anche da parte di laureati in possesso di Master o dottorati di ricerca come pure di studenti diplomati (22,4%).<\/p>\n<p> \t&#8220;Le tantissime candidature arrivate, anche grazie alle reti dei e delle partecipanti della prima edizione che hanno rilanciato e consigliato il percorso, sono sicuramente un segnale importante&#8221;, affermano <strong>Lucia Borso, Naima Comotti <\/strong>e <strong>Teresa De Martin<\/strong> per Meraki-desideri culturali.<\/p>\n<p> \t\u201cL\u2019iniziativa \u00ad\u2013 aggiunge <strong>Vanni Treu<\/strong> della Coop. Sociale Cramars \u2013 \u00e8 importante perch\u00e9 porta nella montagna friulana giovani che provengono da tutta Italia, dando loro l\u2019opportunit\u00e0 di affiancare alcune aziende locali nei piani di comunicazione, in uno scambio reciproco. L\u2019originalit\u00e0 di Percorsi Spericolati \u00e8 proprio questa: connettere il margine con le realt\u00e0 giovanili del resto d\u2019Italia\u201d.<\/p>\n<p> \t\u201cFar parte di <em>Percorsi spericolati<\/em> \u00e8 una grande opportunit\u00e0 anche per la Rete Rifai \u2013 sottolinea <strong>Aura Zanier<\/strong> \u2013 non solo perch\u00e9 costituisce una preziosa occasione di formazione ma anche e soprattutto perch\u00e9 permette la creazione di legami tra i suoi giovani partecipanti e i territori da cui provengono\u201d.<\/p>\n<p> \t\u201cNel raccoglie passioni, idee, immaginazione, convivialit\u00e0, capacit\u00e0 e aspirazioni, Percorsi Spericolati rappresenta per Avanzi-Sostenibilit\u00e0 per azioni \u00a0\u2013\u00a0 evidenzia <strong>Claudio Calvaresi<\/strong> \u2013 una grande opportunit\u00e0 di collaborazione, atta a portare un contributo su come costruire un credibile progetto imprenditoriale in relazione con il territorio e le attese degli attori locali\u201d.<\/p>\n<p> \t\u201cIn linea con la missione della Fondazione Pietro Pittini di valorizzare realt\u00e0 innovative e nuove forme di ri-attivazione dei territori al margine \u2013 conclude la presidente <strong>Marina Pittini<\/strong> \u2013 il progetto prevede un percorso di formazione multidisciplinare su alcune competenze chiave per imparare a promuovere e valorizzare le singole realt\u00e0 e i territori. A breve la Fondazione ufficializzer\u00e0 il nome dei 28 selezionati e delle imprese partecipanti e presenter\u00e0 il programma della seconda edizione\u201d.<\/p>\n<p> \t\u00a0<\/p>\n","protected":false},"excerpt":{"rendered":"<p>Chiusa la call del progetto &#8220;Percorsi spericolati&#8221; per favorire uno scambio generativo con le realt\u00e0 imprenditoriali innovative del territorio<\/p>\n","protected":false},"author":28,"featured_media":48518,"comment_status":"closed","ping_status":"closed","sticky":false,"template":"","format":"standard","meta":{"dwc-title":[],"dwc-content":[],"footnotes":""},"categories":[5],"tags":[],"class_list":["post-48517","post","type-post","status-publish","format-standard","has-post-thumbnail","hentry","category-attualita"],"rttpg_featured_image_url":{"full":["https:\/\/imagazine.it\/wp-content\/uploads\/2024\/02\/52064-1.webp",750,516,false],"landscape":["https:\/\/imagazine.it\/wp-content\/uploads\/2024\/02\/52064-1.webp",750,516,false],"portraits":["https:\/\/imagazine.it\/wp-content\/uploads\/2024\/02\/52064-1.webp",750,516,false],"thumbnail":["https:\/\/imagazine.it\/wp-content\/uploads\/2024\/02\/52064-1-150x150.webp",150,150,true],"medium":["https:\/\/imagazine.it\/wp-content\/uploads\/2024\/02\/52064-1-300x206.webp",300,206,true],"large":["https:\/\/imagazine.it\/wp-content\/uploads\/2024\/02\/52064-1.webp",640,440,false],"thumblist":["https:\/\/imagazine.it\/wp-content\/uploads\/2024\/02\/52064-1-300x300.webp",300,300,true],"thumbrelated":["https:\/\/imagazine.it\/wp-content\/uploads\/2024\/02\/52064-1-500x500.webp",500,500,true],"meccarouselthumb":["https:\/\/imagazine.it\/wp-content\/uploads\/2024\/02\/52064-1-474x324.webp",474,324,true],"gridsquare":["https:\/\/imagazine.it\/wp-content\/uploads\/2024\/02\/52064-1-391x260.webp",391,260,true],"tileview":["https:\/\/imagazine.it\/wp-content\/uploads\/2024\/02\/52064-1-300x400.webp",300,400,true],"1536x1536":["https:\/\/imagazine.it\/wp-content\/uploads\/2024\/02\/52064-1.webp",750,516,false],"2048x2048":["https:\/\/imagazine.it\/wp-content\/uploads\/2024\/02\/52064-1.webp",750,516,false],"newsup-slider-full":["https:\/\/imagazine.it\/wp-content\/uploads\/2024\/02\/52064-1.webp",750,516,false],"newsup-featured":["https:\/\/imagazine.it\/wp-content\/uploads\/2024\/02\/52064-1.webp",750,516,false],"newsup-medium":["https:\/\/imagazine.it\/wp-content\/uploads\/2024\/02\/52064-1-720x380.webp",720,380,true],"tptn_thumbnail":["https:\/\/imagazine.it\/wp-content\/uploads\/2024\/02\/52064-1.webp",250,172,false],"sow-carousel-default":["https:\/\/imagazine.it\/wp-content\/uploads\/2024\/02\/52064-1.webp",265,182,false]},"rttpg_author":{"display_name":"redazione","author_link":"https:\/\/imagazine.it\/home_desk\/author\/redazione\/"},"rttpg_comment":0,"rttpg_category":"<a href=\"https:\/\/imagazine.it\/home_desk\/category\/attualita\/\" rel=\"category tag\">ATTUALIT\u00c0<\/a>","rttpg_excerpt":"Chiusa la call del progetto \"Percorsi spericolati\" per favorire uno scambio generativo con le realt\u00e0 imprenditoriali innovative del territorio","_links":{"self":[{"href":"https:\/\/imagazine.it\/home_desk\/wp-json\/wp\/v2\/posts\/48517","targetHints":{"allow":["GET"]}}],"collection":[{"href":"https:\/\/imagazine.it\/home_desk\/wp-json\/wp\/v2\/posts"}],"about":[{"href":"https:\/\/imagazine.it\/home_desk\/wp-json\/wp\/v2\/types\/post"}],"author":[{"embeddable":true,"href":"https:\/\/imagazine.it\/home_desk\/wp-json\/wp\/v2\/users\/28"}],"replies":[{"embeddable":true,"href":"https:\/\/imagazine.it\/home_desk\/wp-json\/wp\/v2\/comments?post=48517"}],"version-history":[{"count":0,"href":"https:\/\/imagazine.it\/home_desk\/wp-json\/wp\/v2\/posts\/48517\/revisions"}],"wp:featuredmedia":[{"embeddable":true,"href":"https:\/\/imagazine.it\/home_desk\/wp-json\/wp\/v2\/media\/48518"}],"wp:attachment":[{"href":"https:\/\/imagazine.it\/home_desk\/wp-json\/wp\/v2\/media?parent=48517"}],"wp:term":[{"taxonomy":"category","embeddable":true,"href":"https:\/\/imagazine.it\/home_desk\/wp-json\/wp\/v2\/categories?post=48517"},{"taxonomy":"post_tag","embeddable":true,"href":"https:\/\/imagazine.it\/home_desk\/wp-json\/wp\/v2\/tags?post=48517"}],"curies":[{"name":"wp","href":"https:\/\/api.w.org\/{rel}","templated":true}]}}