{"id":48481,"date":"2023-02-14T00:00:00","date_gmt":"2023-02-13T23:00:00","guid":{"rendered":"https:\/\/imagazine.it\/pordenone-personale-del-verde-pubblico-a-scuola-di-potatura\/"},"modified":"2023-02-14T00:00:00","modified_gmt":"2023-02-13T23:00:00","slug":"pordenone-personale-del-verde-pubblico-a-scuola-di-potatura","status":"publish","type":"post","link":"https:\/\/imagazine.it\/home_desk\/pordenone-personale-del-verde-pubblico-a-scuola-di-potatura\/","title":{"rendered":"Pordenone, personale del verde pubblico a scuola di potatura"},"content":{"rendered":"<p> \tPORDENONE \u2013 Come tutelare la presenza degli alberi in citt\u00e0 e conciliarla con la pubblica incolumit\u00e0?<\/p>\n<p> \tPer rispondere a questo interrogativo e contestualmente migliorare il benessere delle piante in ambito urbano, GEA ha promosso un corso di potatura rivolto al proprio personale, che si occupa della cura del verde pubblico, in linea con la priorit\u00e0 che la societ\u00e0 partecipata del comune di Pordenone assegna alle tematiche ambientali.<\/p>\n<p> \tSe in natura, infatti, gli alberi si autoregolano, ci\u00f2 non \u00e8 possibile in ambito urbano, dove \u00e8 necessario l\u2019intervento dell\u2019uomo per eliminare i rami pericolanti, per accorciare quelli che occultano la segnaletica stradale o che si protendono eccessivamente verso i fabbricati.<\/p>\n<p> \tEcco che il costante affinamento delle tecniche di <strong>cura del verde urbano<\/strong> diventa la <strong>chiave per migliorare ambiente e sicurezza<\/strong>.<\/p>\n<p> \tA tale scopo GEA, che ha in carico la gestione del verde pubblico nel Comune di Pordenone, ha attivato un corso di formazione per accrescere la professionalit\u00e0 del proprio personale, aderire con sempre maggiore efficacia agli standard europei di potatura, contribuendo concretamente alla salvaguardia del patrimonio arboreo.<\/p>\n<p> \tLe maestranze dell\u2019azienda si sono applicate nello studio di elementi di fisiologia vegetale con approfondimenti specialistici da parte di professionisti del settore che hanno affiancato gli operatori in cantiere, per mettere in pratica gli aspetti teorici riguardanti il mantenimento e la conservazione degli alberi.<\/p>\n<p> \tUno degli argomenti approfonditi \u00e8 la cosiddetta \u201c<strong>potatura di formazione<\/strong>\u201d, tecnica utilizzata per indirizzare lo sviluppo e la crescita dell\u2019albero per prevenire o quantomeno mitigare situazioni di conflitto con edifici e viabilit\u00e0.<\/p>\n<p> \t\u00a0<\/p>\n","protected":false},"excerpt":{"rendered":"<p>Attivato un corso di formazione per affinare le tecniche di cura del verde urbano per migliorare ambiente e sicurezza<\/p>\n","protected":false},"author":28,"featured_media":48482,"comment_status":"closed","ping_status":"closed","sticky":false,"template":"","format":"standard","meta":{"dwc-title":[],"dwc-content":[],"footnotes":""},"categories":[5],"tags":[],"class_list":["post-48481","post","type-post","status-publish","format-standard","has-post-thumbnail","hentry","category-attualita"],"rttpg_featured_image_url":{"full":["https:\/\/imagazine.it\/wp-content\/uploads\/2024\/02\/52002-1.webp",1600,1200,false],"landscape":["https:\/\/imagazine.it\/wp-content\/uploads\/2024\/02\/52002-1.webp",1600,1200,false],"portraits":["https:\/\/imagazine.it\/wp-content\/uploads\/2024\/02\/52002-1.webp",1600,1200,false],"thumbnail":["https:\/\/imagazine.it\/wp-content\/uploads\/2024\/02\/52002-1-150x150.webp",150,150,true],"medium":["https:\/\/imagazine.it\/wp-content\/uploads\/2024\/02\/52002-1-300x225.webp",300,225,true],"large":["https:\/\/imagazine.it\/wp-content\/uploads\/2024\/02\/52002-1-1024x768.webp",640,480,true],"thumblist":["https:\/\/imagazine.it\/wp-content\/uploads\/2024\/02\/52002-1-300x300.webp",300,300,true],"thumbrelated":["https:\/\/imagazine.it\/wp-content\/uploads\/2024\/02\/52002-1-500x500.webp",500,500,true],"meccarouselthumb":["https:\/\/imagazine.it\/wp-content\/uploads\/2024\/02\/52002-1-474x324.webp",474,324,true],"gridsquare":["https:\/\/imagazine.it\/wp-content\/uploads\/2024\/02\/52002-1-391x260.webp",391,260,true],"tileview":["https:\/\/imagazine.it\/wp-content\/uploads\/2024\/02\/52002-1-300x400.webp",300,400,true],"1536x1536":["https:\/\/imagazine.it\/wp-content\/uploads\/2024\/02\/52002-1-1536x1152.webp",1536,1152,true],"2048x2048":["https:\/\/imagazine.it\/wp-content\/uploads\/2024\/02\/52002-1.webp",1600,1200,false],"newsup-slider-full":["https:\/\/imagazine.it\/wp-content\/uploads\/2024\/02\/52002-1-1280x720.webp",1280,720,true],"newsup-featured":["https:\/\/imagazine.it\/wp-content\/uploads\/2024\/02\/52002-1-1024x768.webp",1024,768,true],"newsup-medium":["https:\/\/imagazine.it\/wp-content\/uploads\/2024\/02\/52002-1-720x380.webp",720,380,true],"tptn_thumbnail":["https:\/\/imagazine.it\/wp-content\/uploads\/2024\/02\/52002-1.webp",250,188,false],"sow-carousel-default":["https:\/\/imagazine.it\/wp-content\/uploads\/2024\/02\/52002-1.webp",243,182,false]},"rttpg_author":{"display_name":"redazione","author_link":"https:\/\/imagazine.it\/home_desk\/author\/redazione\/"},"rttpg_comment":0,"rttpg_category":"<a href=\"https:\/\/imagazine.it\/home_desk\/category\/attualita\/\" rel=\"category tag\">ATTUALIT\u00c0<\/a>","rttpg_excerpt":"Attivato un corso di formazione per affinare le tecniche di cura del verde urbano per migliorare ambiente e sicurezza","_links":{"self":[{"href":"https:\/\/imagazine.it\/home_desk\/wp-json\/wp\/v2\/posts\/48481","targetHints":{"allow":["GET"]}}],"collection":[{"href":"https:\/\/imagazine.it\/home_desk\/wp-json\/wp\/v2\/posts"}],"about":[{"href":"https:\/\/imagazine.it\/home_desk\/wp-json\/wp\/v2\/types\/post"}],"author":[{"embeddable":true,"href":"https:\/\/imagazine.it\/home_desk\/wp-json\/wp\/v2\/users\/28"}],"replies":[{"embeddable":true,"href":"https:\/\/imagazine.it\/home_desk\/wp-json\/wp\/v2\/comments?post=48481"}],"version-history":[{"count":0,"href":"https:\/\/imagazine.it\/home_desk\/wp-json\/wp\/v2\/posts\/48481\/revisions"}],"wp:featuredmedia":[{"embeddable":true,"href":"https:\/\/imagazine.it\/home_desk\/wp-json\/wp\/v2\/media\/48482"}],"wp:attachment":[{"href":"https:\/\/imagazine.it\/home_desk\/wp-json\/wp\/v2\/media?parent=48481"}],"wp:term":[{"taxonomy":"category","embeddable":true,"href":"https:\/\/imagazine.it\/home_desk\/wp-json\/wp\/v2\/categories?post=48481"},{"taxonomy":"post_tag","embeddable":true,"href":"https:\/\/imagazine.it\/home_desk\/wp-json\/wp\/v2\/tags?post=48481"}],"curies":[{"name":"wp","href":"https:\/\/api.w.org\/{rel}","templated":true}]}}