{"id":48473,"date":"2023-02-13T00:00:00","date_gmt":"2023-02-12T23:00:00","guid":{"rendered":"https:\/\/imagazine.it\/staranzano-gli-studenti-diventano-ambasciatori-digitali\/"},"modified":"2023-02-13T00:00:00","modified_gmt":"2023-02-12T23:00:00","slug":"staranzano-gli-studenti-diventano-ambasciatori-digitali","status":"publish","type":"post","link":"https:\/\/imagazine.it\/home_desk\/staranzano-gli-studenti-diventano-ambasciatori-digitali\/","title":{"rendered":"Staranzano, gli studenti diventano ambasciatori digitali"},"content":{"rendered":"<p> \tSTARANZANO \u2013 A partire da marzo a Staranzano il turismo e le memorie del territorio parleranno la lingua dei giovani con il \u201c<strong><em>Digital Junior Ambassador #staranzanoslow<\/em><\/strong>\u201d.<\/p>\n<p> \tPresso la Sala Consiliare\u00a0 del Comune di Staranzano si \u00e8 tenuta la conferenza stampa di presentazione per l\u2019avvio del progetto che coinvolger\u00e0 studenti e studentesse delle terze e quarte classi superiori dell\u2019istituti B.E.M. (Brignoli, Einaudi e\u00a0 Marconi) in qualit\u00e0 di <em>social media content editors<\/em> e <em>video editors<\/em> per promuovere turisticamente\u00a0 il territorio, trasmettere le memorie dei luoghi e le tradizioni locali esercitando sul campo competenze sempre pi\u00f9 richieste dal mercato delle nuove professioni.<\/p>\n<p> \tPresenti all\u2019evento c\u2019erano il sindaco <strong>Riccardo Marchesan<\/strong>, l\u2019assessore della Gestione del Territorio, Mobilit\u00e0 sostenibile, Turismo e Commercio <strong>Manuela Tomadin<\/strong>, <strong>Paola Scarel<\/strong>, presidente dell\u2019Associazione Camper Club La Foce Dell&#8217;Isonzo APS, il dirigente scolastico <strong>Marco Fragiacomo<\/strong> dell\u2019Istituto Superiore ISIS Brignoli Einaudi Marconi, <strong>Romani Paludgnach<\/strong> dell\u2019Associazione WalkingRun CentroStorico ASD.<\/p>\n<p> \tI Junior saranno accompagnati da marzo nel percorso formativo da esperti del settore nell\u2019ambito della produzione di contenuti digitali video promozionali, della comunicazione e marketing digitale. Nello specifico collaboreranno alla creazione di contenuti per la comunicazione degli itinerari, dei luoghi, delle tradizioni e delle attivit\u00e0 che caratterizzano il contesto di <em>Staranzano Slow Tourism<\/em>.<\/p>\n<p> \tPromozione dell&#8217;imprenditoria giovanile, creazione di servizi per turisti e incremento della rete di partner sostenitori, sono tra gli obiettivi.<\/p>\n<p> \tIl progetto, sostenuto dal contributo della Fondazione Carigo e dell\u2019assessorato al Turismo del comune di Staranzano, vede quale capofila dell&#8217;iniziativa l&#8217;Associazione Camper Club La Foce Dell&#8217;Isonzo APS, in partnership con Pro Loco Staranzano, Istituto Superiore ISIS Brignoli Einaudi Marconi, Associazione Culturale Bisiaca, Associazione Bisiachi in Bici, Laboratorio Teatrale Cooperativo La Barraca, Associazione WalkingRun CentroStorico ASD e Lorella Di Mattia Coordinatrice del progetto.<\/p>\n<p> \tStaranzano Slow, al secondo atto, \u00e8 un progetto delineato e perseguito dall\u2019amministrazione comunale con l\u2019obiettivo di valorizzare la grande ricchezza ambientale del basso isontino, in particolare del territorio staranzanese, caratterizzato da un litorale interamente ricadente in aree protette con la Riserva Naturale Foce dell\u2019Isonzo, attraversato da una rete di percorsi ciclabili nella natura ma anche dalla ciclovia regionale FVG2 che collega Trieste a Grado fino a Venezia.<\/p>\n<p> \tLa fruizione dei paesaggi locali, degli ambienti protetti grazie alla mobilit\u00e0 lenta, correlati ai servizi offerti dalla ricettivit\u00e0, costituiscono uno degli obiettivi di sviluppo sostenibile per la comunit\u00e0 locale ma anche delle strategie di sviluppo della Regione Friuli Venezia Giulia tramite Promoturismo FVG.<\/p>\n<p> \tLe aziende operanti nel commercio, nelle attivit\u00e0 agrituristiche, nell\u2019accoglienza e assistenza dei turisti slow presenti nel territorio, insieme alle associazioni, rientrano in un percorso di condivisione e partecipazione di sviluppo degli obiettivi del progetto rivolto alla comunit\u00e0 estesa divenendo partner, promotori e beneficiari delle azioni delineate per favorire lo sviluppo economico del territorio legato al wellness, al turismo e alla mobilit\u00e0 slow.<\/p>\n<p> \t\u00a0<\/p>\n","protected":false},"excerpt":{"rendered":"<p>Il turismo e le memorie del territorio parleranno la lingua dei giovani grazie al coinvolgimento degli istituti Brignoli, Einaudi e  Marconi<\/p>\n","protected":false},"author":22,"featured_media":48474,"comment_status":"closed","ping_status":"closed","sticky":false,"template":"","format":"standard","meta":{"dwc-title":[],"dwc-content":[],"footnotes":""},"categories":[8],"tags":[],"class_list":["post-48473","post","type-post","status-publish","format-standard","has-post-thumbnail","hentry","category-turismo"],"rttpg_featured_image_url":{"full":["https:\/\/imagazine.it\/wp-content\/uploads\/2024\/02\/51993-1.webp",1000,609,false],"landscape":["https:\/\/imagazine.it\/wp-content\/uploads\/2024\/02\/51993-1.webp",1000,609,false],"portraits":["https:\/\/imagazine.it\/wp-content\/uploads\/2024\/02\/51993-1.webp",1000,609,false],"thumbnail":["https:\/\/imagazine.it\/wp-content\/uploads\/2024\/02\/51993-1-150x150.webp",150,150,true],"medium":["https:\/\/imagazine.it\/wp-content\/uploads\/2024\/02\/51993-1-300x183.webp",300,183,true],"large":["https:\/\/imagazine.it\/wp-content\/uploads\/2024\/02\/51993-1.webp",640,390,false],"thumblist":["https:\/\/imagazine.it\/wp-content\/uploads\/2024\/02\/51993-1-300x300.webp",300,300,true],"thumbrelated":["https:\/\/imagazine.it\/wp-content\/uploads\/2024\/02\/51993-1-500x500.webp",500,500,true],"meccarouselthumb":["https:\/\/imagazine.it\/wp-content\/uploads\/2024\/02\/51993-1-474x324.webp",474,324,true],"gridsquare":["https:\/\/imagazine.it\/wp-content\/uploads\/2024\/02\/51993-1-391x260.webp",391,260,true],"tileview":["https:\/\/imagazine.it\/wp-content\/uploads\/2024\/02\/51993-1-300x400.webp",300,400,true],"1536x1536":["https:\/\/imagazine.it\/wp-content\/uploads\/2024\/02\/51993-1.webp",1000,609,false],"2048x2048":["https:\/\/imagazine.it\/wp-content\/uploads\/2024\/02\/51993-1.webp",1000,609,false],"newsup-slider-full":["https:\/\/imagazine.it\/wp-content\/uploads\/2024\/02\/51993-1.webp",1000,609,false],"newsup-featured":["https:\/\/imagazine.it\/wp-content\/uploads\/2024\/02\/51993-1.webp",1000,609,false],"newsup-medium":["https:\/\/imagazine.it\/wp-content\/uploads\/2024\/02\/51993-1-720x380.webp",720,380,true],"tptn_thumbnail":["https:\/\/imagazine.it\/wp-content\/uploads\/2024\/02\/51993-1.webp",250,152,false],"sow-carousel-default":["https:\/\/imagazine.it\/wp-content\/uploads\/2024\/02\/51993-1.webp",272,166,false]},"rttpg_author":{"display_name":"Livio Nonis","author_link":"https:\/\/imagazine.it\/home_desk\/author\/nonis\/"},"rttpg_comment":0,"rttpg_category":"<a href=\"https:\/\/imagazine.it\/home_desk\/category\/turismo\/\" rel=\"category tag\">TURISMO<\/a>","rttpg_excerpt":"Il turismo e le memorie del territorio parleranno la lingua dei giovani grazie al coinvolgimento degli istituti Brignoli, Einaudi e Marconi","_links":{"self":[{"href":"https:\/\/imagazine.it\/home_desk\/wp-json\/wp\/v2\/posts\/48473","targetHints":{"allow":["GET"]}}],"collection":[{"href":"https:\/\/imagazine.it\/home_desk\/wp-json\/wp\/v2\/posts"}],"about":[{"href":"https:\/\/imagazine.it\/home_desk\/wp-json\/wp\/v2\/types\/post"}],"author":[{"embeddable":true,"href":"https:\/\/imagazine.it\/home_desk\/wp-json\/wp\/v2\/users\/22"}],"replies":[{"embeddable":true,"href":"https:\/\/imagazine.it\/home_desk\/wp-json\/wp\/v2\/comments?post=48473"}],"version-history":[{"count":0,"href":"https:\/\/imagazine.it\/home_desk\/wp-json\/wp\/v2\/posts\/48473\/revisions"}],"wp:featuredmedia":[{"embeddable":true,"href":"https:\/\/imagazine.it\/home_desk\/wp-json\/wp\/v2\/media\/48474"}],"wp:attachment":[{"href":"https:\/\/imagazine.it\/home_desk\/wp-json\/wp\/v2\/media?parent=48473"}],"wp:term":[{"taxonomy":"category","embeddable":true,"href":"https:\/\/imagazine.it\/home_desk\/wp-json\/wp\/v2\/categories?post=48473"},{"taxonomy":"post_tag","embeddable":true,"href":"https:\/\/imagazine.it\/home_desk\/wp-json\/wp\/v2\/tags?post=48473"}],"curies":[{"name":"wp","href":"https:\/\/api.w.org\/{rel}","templated":true}]}}