{"id":48465,"date":"2023-02-13T00:00:00","date_gmt":"2023-02-12T23:00:00","guid":{"rendered":"https:\/\/imagazine.it\/coppa-del-mondo-di-sci-paralimpico-sella-nevea-pronta-per-le-finali\/"},"modified":"2023-02-13T00:00:00","modified_gmt":"2023-02-12T23:00:00","slug":"coppa-del-mondo-di-sci-paralimpico-sella-nevea-pronta-per-le-finali","status":"publish","type":"post","link":"https:\/\/imagazine.it\/home_desk\/coppa-del-mondo-di-sci-paralimpico-sella-nevea-pronta-per-le-finali\/","title":{"rendered":"Coppa del mondo di sci paralimpico, Sella Nevea pronta per le finali"},"content":{"rendered":"<p> \tMILANO \u2013 Presentate a Milano le finali di <strong>Coppa del Mondo di sci alpino paralimpico<\/strong>, in programma tra <strong>Cortina<\/strong> e <strong>Sella Nevea<\/strong> tra il 7 e il 17 marzo prossimi.<\/p>\n<p> \t&#8220;Grazie alla Coppa del Mondo di sci paralimpico, lo sport, l&#8217;inclusione e la promozione del territorio tornano ancora una volta protagonisti in Friuli Venezia Giulia, trovando nei nostri poli sciistici luoghi ideali per accogliere eventi internazionali&#8221;, ha affermato l&#8217;assessore regionale al Turismo, <strong>Sergio Emidio Bini<\/strong>, intervenendo nell&#8217;incontro con i giornalisti, ospitato presso la sede della Fondazione Milano-Cortina 2026 alla presenza dei vertici della Federazione italiana sport invernali paralimpico, dei rappresentanti dei due Comitati organizzatori locali e di una delegazione di atleti, \u00e8 stato infatti ufficializzato il doppio evento, che vedr\u00e0 protagoniste, tra il 7 e il 12 marzo prossimi, <strong>Sella Nevea per le prove di velocit\u00e0 e dal 14 al 17 marzo a Cortina d&#8217;Ampezzo per le prove tecniche<\/strong>.<\/p>\n<p> \tNel dettaglio, il calendario degli appuntamenti a Sella Nevea prevede due giorni di allenamento &#8211; il 7 e l&#8217;8 marzo -, seguiti da altrettanti dedicati alle gare di Discesa libera.<\/p>\n<p> \tL&#8217;11 marzo \u00e8 infine previsto un turno di riposo, in preparazione del Super G che segner\u00e0 la chiusura della kermesse in Friuli Venezia Giulia e l&#8217;avvio della seconda parte a Cortina d&#8217;Ampezzo.<\/p>\n<p> \t\u00a0<\/p>\n","protected":false},"excerpt":{"rendered":"<p>La localit\u00e0 friulana ospiter\u00e0 le gare dell&#8217;evento assieme a Cortina d&#8217;Ampezzo. Oggi la presentazione a Milano<\/p>\n","protected":false},"author":28,"featured_media":48466,"comment_status":"closed","ping_status":"closed","sticky":false,"template":"","format":"standard","meta":{"dwc-title":[],"dwc-content":[],"footnotes":""},"categories":[38],"tags":[],"class_list":["post-48465","post","type-post","status-publish","format-standard","has-post-thumbnail","hentry","category-sport"],"rttpg_featured_image_url":{"full":["https:\/\/imagazine.it\/wp-content\/uploads\/2024\/02\/51986-1.webp",1000,812,false],"landscape":["https:\/\/imagazine.it\/wp-content\/uploads\/2024\/02\/51986-1.webp",1000,812,false],"portraits":["https:\/\/imagazine.it\/wp-content\/uploads\/2024\/02\/51986-1.webp",1000,812,false],"thumbnail":["https:\/\/imagazine.it\/wp-content\/uploads\/2024\/02\/51986-1-150x150.webp",150,150,true],"medium":["https:\/\/imagazine.it\/wp-content\/uploads\/2024\/02\/51986-1-300x244.webp",300,244,true],"large":["https:\/\/imagazine.it\/wp-content\/uploads\/2024\/02\/51986-1.webp",640,520,false],"thumblist":["https:\/\/imagazine.it\/wp-content\/uploads\/2024\/02\/51986-1-300x300.webp",300,300,true],"thumbrelated":["https:\/\/imagazine.it\/wp-content\/uploads\/2024\/02\/51986-1-500x500.webp",500,500,true],"meccarouselthumb":["https:\/\/imagazine.it\/wp-content\/uploads\/2024\/02\/51986-1-474x324.webp",474,324,true],"gridsquare":["https:\/\/imagazine.it\/wp-content\/uploads\/2024\/02\/51986-1-391x260.webp",391,260,true],"tileview":["https:\/\/imagazine.it\/wp-content\/uploads\/2024\/02\/51986-1-300x400.webp",300,400,true],"1536x1536":["https:\/\/imagazine.it\/wp-content\/uploads\/2024\/02\/51986-1.webp",1000,812,false],"2048x2048":["https:\/\/imagazine.it\/wp-content\/uploads\/2024\/02\/51986-1.webp",1000,812,false],"newsup-slider-full":["https:\/\/imagazine.it\/wp-content\/uploads\/2024\/02\/51986-1-1000x720.webp",1000,720,true],"newsup-featured":["https:\/\/imagazine.it\/wp-content\/uploads\/2024\/02\/51986-1.webp",1000,812,false],"newsup-medium":["https:\/\/imagazine.it\/wp-content\/uploads\/2024\/02\/51986-1-720x380.webp",720,380,true],"tptn_thumbnail":["https:\/\/imagazine.it\/wp-content\/uploads\/2024\/02\/51986-1.webp",250,203,false],"sow-carousel-default":["https:\/\/imagazine.it\/wp-content\/uploads\/2024\/02\/51986-1.webp",224,182,false]},"rttpg_author":{"display_name":"redazione","author_link":"https:\/\/imagazine.it\/home_desk\/author\/redazione\/"},"rttpg_comment":0,"rttpg_category":"<a href=\"https:\/\/imagazine.it\/home_desk\/category\/sport\/\" rel=\"category tag\">SPORT<\/a>","rttpg_excerpt":"La localit\u00e0 friulana ospiter\u00e0 le gare dell'evento assieme a Cortina d'Ampezzo. Oggi la presentazione a Milano","_links":{"self":[{"href":"https:\/\/imagazine.it\/home_desk\/wp-json\/wp\/v2\/posts\/48465","targetHints":{"allow":["GET"]}}],"collection":[{"href":"https:\/\/imagazine.it\/home_desk\/wp-json\/wp\/v2\/posts"}],"about":[{"href":"https:\/\/imagazine.it\/home_desk\/wp-json\/wp\/v2\/types\/post"}],"author":[{"embeddable":true,"href":"https:\/\/imagazine.it\/home_desk\/wp-json\/wp\/v2\/users\/28"}],"replies":[{"embeddable":true,"href":"https:\/\/imagazine.it\/home_desk\/wp-json\/wp\/v2\/comments?post=48465"}],"version-history":[{"count":0,"href":"https:\/\/imagazine.it\/home_desk\/wp-json\/wp\/v2\/posts\/48465\/revisions"}],"wp:featuredmedia":[{"embeddable":true,"href":"https:\/\/imagazine.it\/home_desk\/wp-json\/wp\/v2\/media\/48466"}],"wp:attachment":[{"href":"https:\/\/imagazine.it\/home_desk\/wp-json\/wp\/v2\/media?parent=48465"}],"wp:term":[{"taxonomy":"category","embeddable":true,"href":"https:\/\/imagazine.it\/home_desk\/wp-json\/wp\/v2\/categories?post=48465"},{"taxonomy":"post_tag","embeddable":true,"href":"https:\/\/imagazine.it\/home_desk\/wp-json\/wp\/v2\/tags?post=48465"}],"curies":[{"name":"wp","href":"https:\/\/api.w.org\/{rel}","templated":true}]}}