{"id":48457,"date":"2023-02-13T00:00:00","date_gmt":"2023-02-12T23:00:00","guid":{"rendered":"https:\/\/imagazine.it\/percorsi-di-sviluppo-della-bassa-orientale-una-strategia-intercomunale\/"},"modified":"2023-02-13T00:00:00","modified_gmt":"2023-02-12T23:00:00","slug":"percorsi-di-sviluppo-della-bassa-orientale-una-strategia-intercomunale","status":"publish","type":"post","link":"https:\/\/imagazine.it\/home_desk\/percorsi-di-sviluppo-della-bassa-orientale-una-strategia-intercomunale\/","title":{"rendered":"Percorsi di sviluppo della Bassa Orientale, una strategia intercomunale"},"content":{"rendered":"<p> \tAIELLO DEL FRIULI \u2013 Si chiama \u201c<em>Percorsi di Sviluppo della Bassa Orientale<\/em>\u201d il percorso di animazione locale rivolto ai cittadini per condividere le proprie idee all&#8217;interno di tavoli tematici e definire insieme una strategia intercomunale di sviluppo sostenibile.<\/p>\n<p> \tIl progetto, proposto dalle amministrazioni dei comuni di <strong>Aiello del Friuli, Campolongo Tapogliano, San Vito al Torre e Visco<\/strong>, \u00e8 organizzato dalla <strong>Cooperativa Cramars<\/strong> che da anni si occupa di animazione territoriale e sviluppo locale in collaborazione con <strong>Cristian Sedran<\/strong>, consulente per le Pubbliche amministrazioni ed esperto di finanziamenti pubblici.<\/p>\n<p> \tI tavoli a cui \u00e8 possibile intervenire con le proprie idee e proposte sono organizzati in quattro macro-ambiti: il primo tavolo riguarda i <strong>giovani<\/strong> e vuole essere uno spazio di ascolto e ricezione delle loro necessit\u00e0 in cui si possa immaginare attivit\u00e0, spazi e processi che contribuiscano a sensibilizzarli verso un futuro di comunit\u00e0.<\/p>\n<p> \tIl secondo tavolo riguarda <strong>turismo e cultura<\/strong> ed \u00e8 orientato alla definizione del patrimonio turistico e culturale del territorio in un&#8217;ottica di fruibilit\u00e0 condivisa, riflettendo inoltre a come coinvolgere attori e operatori presenti sul territorio nella valorizzazione dei servizi esistenti.<\/p>\n<p> \tLe <strong>comunit\u00e0 energetiche<\/strong> e le <strong>fonti rinnovabili<\/strong> riguarderanno il terzo tavolo, nel quale si intende discutere le proposte e le riflessioni sui modelli energetici virtuosi e comunitari e creare uno spazio di confronto sull&#8217;attuazione di progetti in materia di energie rinnovabili sul territorio.<\/p>\n<p> \tL\u2019ultimo tavolo riguarda la possibilit\u00e0 per i Comuni della Bassa Orientale <strong>attirare nuovi abitanti<\/strong> per riattivare il tessuto sociale e sfruttare il patrimonio edilizio disponibile sul territorio e non utilizzato.<\/p>\n<p> \tOgni tavolo avr\u00e0 a disposizione quattro incontri che si terranno online. Ognuno potr\u00e0 proporre, discutere e misurare le proprie idee guidati nell&#8217;uso di <em>Mosaic<\/em>, una piattaforma pensata per stimolare la discussione, definire idee e convertirle in soluzioni.<\/p>\n<p> \tAl termine degli incontri ogni equipe porter\u00e0 all&#8217;attenzione comunale delle proposte tangibili da inserire nella strategia comunale. Per maggiori informazioni si prega di contattare: <a href=\"mailto:info@cooperarnars.it\">info@cooperarnars.it<\/a>, o telefonare allo 0433 41943.<\/p>\n<p> \t\u00a0<\/p>\n","protected":false},"excerpt":{"rendered":"<p>Coinvolti i cittadini dei comuni di Aiello, Campolongo Tapogliano, San Vito al Torre e Visco. Quattro le aree tematiche coinvolte<\/p>\n","protected":false},"author":22,"featured_media":48458,"comment_status":"closed","ping_status":"closed","sticky":false,"template":"","format":"standard","meta":{"dwc-title":[],"dwc-content":[],"footnotes":""},"categories":[5],"tags":[],"class_list":["post-48457","post","type-post","status-publish","format-standard","has-post-thumbnail","hentry","category-attualita"],"rttpg_featured_image_url":{"full":["https:\/\/imagazine.it\/wp-content\/uploads\/2024\/02\/51987-1.webp",1920,1080,false],"landscape":["https:\/\/imagazine.it\/wp-content\/uploads\/2024\/02\/51987-1.webp",1920,1080,false],"portraits":["https:\/\/imagazine.it\/wp-content\/uploads\/2024\/02\/51987-1.webp",1920,1080,false],"thumbnail":["https:\/\/imagazine.it\/wp-content\/uploads\/2024\/02\/51987-1-150x150.webp",150,150,true],"medium":["https:\/\/imagazine.it\/wp-content\/uploads\/2024\/02\/51987-1-300x169.webp",300,169,true],"large":["https:\/\/imagazine.it\/wp-content\/uploads\/2024\/02\/51987-1-1024x576.webp",640,360,true],"thumblist":["https:\/\/imagazine.it\/wp-content\/uploads\/2024\/02\/51987-1-300x300.webp",300,300,true],"thumbrelated":["https:\/\/imagazine.it\/wp-content\/uploads\/2024\/02\/51987-1-500x500.webp",500,500,true],"meccarouselthumb":["https:\/\/imagazine.it\/wp-content\/uploads\/2024\/02\/51987-1-474x324.webp",474,324,true],"gridsquare":["https:\/\/imagazine.it\/wp-content\/uploads\/2024\/02\/51987-1-391x260.webp",391,260,true],"tileview":["https:\/\/imagazine.it\/wp-content\/uploads\/2024\/02\/51987-1-300x400.webp",300,400,true],"1536x1536":["https:\/\/imagazine.it\/wp-content\/uploads\/2024\/02\/51987-1-1536x864.webp",1536,864,true],"2048x2048":["https:\/\/imagazine.it\/wp-content\/uploads\/2024\/02\/51987-1.webp",1920,1080,false],"newsup-slider-full":["https:\/\/imagazine.it\/wp-content\/uploads\/2024\/02\/51987-1-1280x720.webp",1280,720,true],"newsup-featured":["https:\/\/imagazine.it\/wp-content\/uploads\/2024\/02\/51987-1-1024x576.webp",1024,576,true],"newsup-medium":["https:\/\/imagazine.it\/wp-content\/uploads\/2024\/02\/51987-1-720x380.webp",720,380,true],"tptn_thumbnail":["https:\/\/imagazine.it\/wp-content\/uploads\/2024\/02\/51987-1.webp",250,141,false],"sow-carousel-default":["https:\/\/imagazine.it\/wp-content\/uploads\/2024\/02\/51987-1.webp",272,153,false]},"rttpg_author":{"display_name":"Livio Nonis","author_link":"https:\/\/imagazine.it\/home_desk\/author\/nonis\/"},"rttpg_comment":0,"rttpg_category":"<a href=\"https:\/\/imagazine.it\/home_desk\/category\/attualita\/\" rel=\"category tag\">ATTUALIT\u00c0<\/a>","rttpg_excerpt":"Coinvolti i cittadini dei comuni di Aiello, Campolongo Tapogliano, San Vito al Torre e Visco. Quattro le aree tematiche coinvolte","_links":{"self":[{"href":"https:\/\/imagazine.it\/home_desk\/wp-json\/wp\/v2\/posts\/48457","targetHints":{"allow":["GET"]}}],"collection":[{"href":"https:\/\/imagazine.it\/home_desk\/wp-json\/wp\/v2\/posts"}],"about":[{"href":"https:\/\/imagazine.it\/home_desk\/wp-json\/wp\/v2\/types\/post"}],"author":[{"embeddable":true,"href":"https:\/\/imagazine.it\/home_desk\/wp-json\/wp\/v2\/users\/22"}],"replies":[{"embeddable":true,"href":"https:\/\/imagazine.it\/home_desk\/wp-json\/wp\/v2\/comments?post=48457"}],"version-history":[{"count":0,"href":"https:\/\/imagazine.it\/home_desk\/wp-json\/wp\/v2\/posts\/48457\/revisions"}],"wp:featuredmedia":[{"embeddable":true,"href":"https:\/\/imagazine.it\/home_desk\/wp-json\/wp\/v2\/media\/48458"}],"wp:attachment":[{"href":"https:\/\/imagazine.it\/home_desk\/wp-json\/wp\/v2\/media?parent=48457"}],"wp:term":[{"taxonomy":"category","embeddable":true,"href":"https:\/\/imagazine.it\/home_desk\/wp-json\/wp\/v2\/categories?post=48457"},{"taxonomy":"post_tag","embeddable":true,"href":"https:\/\/imagazine.it\/home_desk\/wp-json\/wp\/v2\/tags?post=48457"}],"curies":[{"name":"wp","href":"https:\/\/api.w.org\/{rel}","templated":true}]}}