{"id":48451,"date":"2023-02-10T00:00:00","date_gmt":"2023-02-09T23:00:00","guid":{"rendered":"https:\/\/imagazine.it\/ritmica-le-giovani-asu-sfidano-la-serie-a1\/"},"modified":"2023-02-10T00:00:00","modified_gmt":"2023-02-09T23:00:00","slug":"ritmica-le-giovani-asu-sfidano-la-serie-a1","status":"publish","type":"post","link":"https:\/\/imagazine.it\/home_desk\/ritmica-le-giovani-asu-sfidano-la-serie-a1\/","title":{"rendered":"Ritmica, le giovani Asu sfidano la serie A1"},"content":{"rendered":"<p> \tUDINE \u2013 Presentazione ufficiale per le atlete della squadra di <strong>ginnastica ritmica dell\u2019Associazione Sportiva Udinese<\/strong> che, dai prossimi 18 e 19 febbraio, saranno impegnate nel primo dei tre appuntamenti di Regular Season del Trofeo San Carlo Veggy Good \u2013 il campionato di serie A1 di ginnastica ritmica \u2013, che far\u00e0 poi tappa, il 4 e 5 marzo ad Ancona e il 25 e 26 marzo a Desio, per concludersi con la Final Six del 29 e 30 aprile.<\/p>\n<p> \tLa nuova stagione sportiva per la disciplina dei piccoli attrezzi vedr\u00e0 le migliori squadre italiane sfidarsi per il titolo italiano e fra queste anche la compagine bianconera.<\/p>\n<p> \t\u00ab<em>La sezione ritmica da tempo ci ha abituati a risultati eccellenti<\/em> \u2013 ha sottolineato il presidente dell\u2019Associazione Sportiva Udinese, <strong>Alessandro Nutta<\/strong>, intervenendo alla conferenza stampa di presentazione della squadra \u2013. <em>Colgo quest\u2019occasione da un lato per sottolineare il grande lavoro e impegno delle ragazze in palestra, dall\u2019altro ricordo il fondamentale supporto di un team tecnico e uno staff medico dall\u2019altissimo livello di professionalit\u00e0. Questo campionato sar\u00e0 un po\u2019 \u201cdiverso\u201d <\/em>\u2013 ha fatto presente Nutta -.<em> Le nostre \u201cveterane\u201d, gareggeranno per la prima volta come senior. Certamente sar\u00e0 una bella sfida, ma non ho dubbi che ce la metteranno tutta, come hanno sempre fatto. Anche per il 2023 le ambizioni sono molte, come \u00e8 giusto che sia, perci\u00f2 faccio il mio pi\u00f9 grande in bocca al lupo a tutte, certo che ci renderanno ancora una volta orgogliosi di loro<\/em>\u00bb.<\/p>\n<p> \t<strong>LA FORMAZIONE<\/strong> &#8211; L\u2019Associazione Sportiva Udinese, che dal 2015 gareggia in A1, scender\u00e0 in pedana al palazzetto dello sport di Cuneo con la squadra composta da: <strong>Tara Draga\u0161<\/strong> (del 2007, militante in serie A dal 2017 e neo senior), <strong>Isabelle Tavano<\/strong> (sempre del 2007, a sua volta neo senior, in serie A dal 2020), <strong>Elena Perissinotto<\/strong> (classe 2006, in serie A dal 2022), <strong>Isabel Rocco<\/strong> (junior del 2008, in serie A dal 2022). A fare da riserva ci sar\u00e0 <strong>Matilde Marcon<\/strong>, nuova leva dell\u2019Asu. Mentre il prestito straniero di quest\u2019anno sar\u00e0 <strong>Anastasia Simakova<\/strong>, ginnasta tedesca del 2004.<\/p>\n<p> \t<strong>OBIETTIVO FINAL SIX<\/strong> &#8211; Nel corso delle tre prove di campionato Tara Draga\u0161 \u2013 campionessa italiana junior e argento al nastro ai Campionati Europei Junior di Tel Aviv \u2013 presenter\u00e0 l&#8217;intero programma, quindi tutti e quattro gli attrezzi (palla, nastro, cerchio e clavette).<\/p>\n<p> \t\u00ab<em>Per lei \u00e8 il primo anno da senior e porter\u00e0 in pedana un esercito al nastro nuovo di zecca. Per gli altri attrezzi abbiamo invece deciso di &#8220;rimettere a nuovo&#8221; gli esercizi dello scorso anno, adattandoli al programma senior che prevede un aumento del numero di rischi, difficolt\u00e0 e maestrie<\/em>\u00bb, ha fatto sapere <strong>Spela Draga\u0161<\/strong> che allena la squadra friulana con <strong>Magda Pigano<\/strong>, <strong>Carlotta Longo <\/strong>e il supporto della coreografa <strong>Laura Miotti<\/strong>.<\/p>\n<p> \tSar\u00e0 invece un campionato ricco di novit\u00e0 per Isabelle Tavano, anche lei nella rosa di atlete individualiste che vestono la maglia azzurra: \u00ab<em>Isabelle porter\u00e0 solo nuovi esercizi (tutti con nuove musiche). Si tratta di un programma molto pi\u00f9 complesso del precedente su cui sta studiando gi\u00e0 da un mese e mezzo <\/em>\u2013 ha spiegato la coach \u2013. <em>Analoga scelta \u00e8 stata fatta anche per Elena, che per\u00f2 soffrir\u00e0 meno l&#8217;adattamento, essendo per lei il secondo anno da senior, al contrario di Isabelle che ha appena fatto il salto di categoria. Isabel Rocco<\/em> \u2013 che sabato far\u00e0 la selezione per le nuove individualiste jr della nazionale italiana \u2013<em> si esibir\u00e0 con la palla o il nastro, ma il suo programma sar\u00e0 meno complesso, in quanto \u00e8 ancora nella categoria junior. Abbiamo poi una nuova leva, Matilde Marcon. Quest&#8217;anno sar\u00e0 la nostra riserva. \u00c8 una ginnasta giovanissima, di categoria junior, che ha davvero un enorme potenziale e siamo certe avr\u00e0 un grande futuro davanti. Il prestito straniero di quest&#8217;anno, Anastasia Simakova, arriva dalla Germania <\/em>\u2013 ha chiuso la tecnica bianconera \u2013.<em> \u00c8 un&#8217;atleta matura ed esperta. Siamo certi sapr\u00e0 dare il suo contributo<\/em>\u00bb. \u00a0<\/p>\n<p> \tFatto questo quadro, Draga\u0161 ha concluso ricordando: \u00ab<em>Le ragazze sono pronte e competitive, ognuna di loro ha una caratteristica che la rende unica, Tara \u00e8 veloce, Isabelle ha le leve pi\u00f9 lunghe che ci siano, ed \u00e8 aggraziata ed elencate come Isabel, del resto, Elena ha un enorme carisma e una grande destrezza con gli attrezzi, Matilde ha una grande scioltezza e notevoli doti fisiche. Sappiamo bene <\/em>\u2013 ha chiuso \u2013<em> che non sar\u00e0 semplice. A loro \u00e8 richiesta un&#8217;esecuzione pulita e dall&#8217;alto livello artistico, il tutto in un minuto e mezzo e inserendo pi\u00f9 rischi, difficolt\u00e0 e maestrie possibili. Sulla base di quanto visto al Torneo della scorsa settimana, hanno dimostrato che possono farcela, anche se sappiamo bene che l&#8217;emozione della pedana nazionale pu\u00f2 &#8220;giocare degli scherzi&#8221;. Come del resto lo scorso anno, il nostro obiettivo \u00e8 arrivare in Final Six, appuntamento vede sfidarsi le sei migliori squadre d&#8217;Italia<\/em>\u00bb.<\/p>\n<p> \t\u00a0<\/p>\n","protected":false},"excerpt":{"rendered":"<p>Iniziato il conto alla rovescia per la nuova Regular Season al via il 18 febbraio<\/p>\n","protected":false},"author":28,"featured_media":48452,"comment_status":"closed","ping_status":"closed","sticky":false,"template":"","format":"standard","meta":{"dwc-title":[],"dwc-content":[],"footnotes":""},"categories":[38],"tags":[],"class_list":["post-48451","post","type-post","status-publish","format-standard","has-post-thumbnail","hentry","category-sport"],"rttpg_featured_image_url":{"full":["https:\/\/imagazine.it\/wp-content\/uploads\/2024\/02\/51942-1.webp",1280,719,false],"landscape":["https:\/\/imagazine.it\/wp-content\/uploads\/2024\/02\/51942-1.webp",1280,719,false],"portraits":["https:\/\/imagazine.it\/wp-content\/uploads\/2024\/02\/51942-1.webp",1280,719,false],"thumbnail":["https:\/\/imagazine.it\/wp-content\/uploads\/2024\/02\/51942-1-150x150.webp",150,150,true],"medium":["https:\/\/imagazine.it\/wp-content\/uploads\/2024\/02\/51942-1-300x169.webp",300,169,true],"large":["https:\/\/imagazine.it\/wp-content\/uploads\/2024\/02\/51942-1-1024x575.webp",640,359,true],"thumblist":["https:\/\/imagazine.it\/wp-content\/uploads\/2024\/02\/51942-1-300x300.webp",300,300,true],"thumbrelated":["https:\/\/imagazine.it\/wp-content\/uploads\/2024\/02\/51942-1-500x500.webp",500,500,true],"meccarouselthumb":["https:\/\/imagazine.it\/wp-content\/uploads\/2024\/02\/51942-1-474x324.webp",474,324,true],"gridsquare":["https:\/\/imagazine.it\/wp-content\/uploads\/2024\/02\/51942-1-391x260.webp",391,260,true],"tileview":["https:\/\/imagazine.it\/wp-content\/uploads\/2024\/02\/51942-1-300x400.webp",300,400,true],"1536x1536":["https:\/\/imagazine.it\/wp-content\/uploads\/2024\/02\/51942-1.webp",1280,719,false],"2048x2048":["https:\/\/imagazine.it\/wp-content\/uploads\/2024\/02\/51942-1.webp",1280,719,false],"newsup-slider-full":["https:\/\/imagazine.it\/wp-content\/uploads\/2024\/02\/51942-1.webp",1280,719,false],"newsup-featured":["https:\/\/imagazine.it\/wp-content\/uploads\/2024\/02\/51942-1-1024x575.webp",1024,575,true],"newsup-medium":["https:\/\/imagazine.it\/wp-content\/uploads\/2024\/02\/51942-1-720x380.webp",720,380,true],"tptn_thumbnail":["https:\/\/imagazine.it\/wp-content\/uploads\/2024\/02\/51942-1.webp",250,140,false],"sow-carousel-default":["https:\/\/imagazine.it\/wp-content\/uploads\/2024\/02\/51942-1.webp",272,153,false]},"rttpg_author":{"display_name":"redazione","author_link":"https:\/\/imagazine.it\/home_desk\/author\/redazione\/"},"rttpg_comment":0,"rttpg_category":"<a href=\"https:\/\/imagazine.it\/home_desk\/category\/sport\/\" rel=\"category tag\">SPORT<\/a>","rttpg_excerpt":"Iniziato il conto alla rovescia per la nuova Regular Season al via il 18 febbraio","_links":{"self":[{"href":"https:\/\/imagazine.it\/home_desk\/wp-json\/wp\/v2\/posts\/48451","targetHints":{"allow":["GET"]}}],"collection":[{"href":"https:\/\/imagazine.it\/home_desk\/wp-json\/wp\/v2\/posts"}],"about":[{"href":"https:\/\/imagazine.it\/home_desk\/wp-json\/wp\/v2\/types\/post"}],"author":[{"embeddable":true,"href":"https:\/\/imagazine.it\/home_desk\/wp-json\/wp\/v2\/users\/28"}],"replies":[{"embeddable":true,"href":"https:\/\/imagazine.it\/home_desk\/wp-json\/wp\/v2\/comments?post=48451"}],"version-history":[{"count":0,"href":"https:\/\/imagazine.it\/home_desk\/wp-json\/wp\/v2\/posts\/48451\/revisions"}],"wp:featuredmedia":[{"embeddable":true,"href":"https:\/\/imagazine.it\/home_desk\/wp-json\/wp\/v2\/media\/48452"}],"wp:attachment":[{"href":"https:\/\/imagazine.it\/home_desk\/wp-json\/wp\/v2\/media?parent=48451"}],"wp:term":[{"taxonomy":"category","embeddable":true,"href":"https:\/\/imagazine.it\/home_desk\/wp-json\/wp\/v2\/categories?post=48451"},{"taxonomy":"post_tag","embeddable":true,"href":"https:\/\/imagazine.it\/home_desk\/wp-json\/wp\/v2\/tags?post=48451"}],"curies":[{"name":"wp","href":"https:\/\/api.w.org\/{rel}","templated":true}]}}