{"id":48445,"date":"2023-02-10T00:00:00","date_gmt":"2023-02-09T23:00:00","guid":{"rendered":"https:\/\/imagazine.it\/anziani-e-persone-con-disabilita-la-regione-fvg-stanzia-10-milioni\/"},"modified":"2023-02-10T00:00:00","modified_gmt":"2023-02-09T23:00:00","slug":"anziani-e-persone-con-disabilita-la-regione-fvg-stanzia-10-milioni","status":"publish","type":"post","link":"https:\/\/imagazine.it\/home_desk\/anziani-e-persone-con-disabilita-la-regione-fvg-stanzia-10-milioni\/","title":{"rendered":"Anziani e persone con disabilit\u00e0, la Regione FVG stanzia 10 milioni"},"content":{"rendered":"<p> \tTRIESTE \u2013 Licenziato dalla Giunta un pacchetto di provvedimenti di forte impatto a favore di <strong>persone anziane e di persone con disabilit\u00e0<\/strong> con tre manovre che sommano circa <strong>10 di milioni di euro<\/strong>, 8 dei quali saranno spesa corrente, che proseguir\u00e0 nel corso degli anni; 2 milioni riguardano, invece, <strong>misure straordinarie che vanno a beneficio delle strutture<\/strong>, per sostenerle a fronte del rincaro dei costi energetici.<\/p>\n<p> \tA darne notizia \u00e8 il vicegovernatore e assessore con deleghe alla Salute e alle Politiche sociali e disabilit\u00e0 del Friuli Venezia Giulia, <strong>Riccardo Riccardi<\/strong>, che questa mattina ha presentato le proposte all&#8217;Esecutivo regionale.<\/p>\n<p> \t&#8220;Si tratta un intervento molto complesso e articolato, finalizzato a dare risposta concreta a oggettive esigenze che ci sono state manifestate degli operatori del settore &#8211; ha spiegato a margine Riccardi -. Dei 10 milioni, 8 riguardano misure adottate a sostegno di persone anziane e persone con disabilit\u00e0 per le attivit\u00e0 dei servizi residenziali e semiresidenziali. Alcune sono relative all&#8217;adeguamento delle tariffe, che erano bloccate al 2009, per le Residenza sanitarie assistite (Rsa), per strutture diurne residenziali, per la riabilitazione e per gli Hospice&#8221;.<\/p>\n<p> \t&#8220;Un intervento molto importante \u00e8 inerente, poi, all&#8217;abbattimento della retta delle strutture residenziali, per 1,50 euro al giorno a persona; un ulteriore provvedimento prevede, inoltre, un aumento di 4 euro al giorno della quota sanitaria del budget di salute riconosciuto a ciascuna persona nei progetti sperimentali dell&#8217;abitare inclusivo&#8221; ha aggiunto il vicegovernatore.<\/p>\n<p> \tSempre su proposta del vicegovernatore, quest&#8217;oggi la Giunta ha deliberato anche uno stanziamento di 2 milioni di euro per il 2023 come contributo straordinario a favore delle strutture residenziali e semiresidenziali per persone con disabilit\u00e0, a ristoro delle spese sostenute lo scorso anno a fronte dei maggiori oneri derivati dall&#8217;aumento dei costi energetici rispetto al 2021.<\/p>\n<p> \t\u00a0Entrando nel dettaglio del pacchetto di provvedimenti, un primo intervento \u00e8 diretto a sostenere le famiglie nel pagamento delle rette per l&#8217;accoglienza di una persona anziana in una struttura convenzionata con la Regione, prevedendo un <strong>incremento di 1,50 euro al giorno della quota fissa del contributo<\/strong> &#8220;abbattimento retta&#8221; che viene riconosciuta agli ospiti accolti in residenze per anziani convenzionate. A partire dal primo marzo 2023, il contributo giornaliero passer\u00e0 quindi dagli attuali 20 euro a 21,50 al giorno, ai quali si aggiungono <strong>12 euro a persona per gli oneri sanitari<\/strong> e comporter\u00e0, per l&#8217;anno in corso, maggiori oneri pari a circa 3.290.000 euro, gi\u00e0 coperti a bilancio.<\/p>\n<p> \tUn secondo intervento \u00e8 invece rivolto agli utenti dei servizi semiresidenziali per <strong>anziani non autosufficienti<\/strong> convenzionati per i quali \u00e8 previsto un <strong>incremento di 2 euro al giorno<\/strong> della quota di contributo giornaliero per l&#8217;abbattimento della retta di accoglienza che passer\u00e0, quindi, dagli attuali 12,50 euro a 14,50 al giorno nei servizi semiresidenziali autonomi e dagli attuali 18 euro a 20 al giorno nei servizi semiresidenziali destinati all&#8217;accoglimento di utenti affetti da Alzheimer. L&#8217;intervento comporta un aumento di risorse stimato in circa 174.350 euro per l&#8217;anno in corso, gi\u00e0 coperti a bilancio.<\/p>\n<p> \tIl provvedimento a favore dell&#8217;abitare inclusivo (13 i progetti attivi in Fvg, con un&#8217;offerta di circa 140 posti), prevede, a partire dal primo marzo 2023, l&#8217;aumento della quota sanitaria riconosciuta agli anziani non autosufficienti che passer\u00e0 dagli attuali 15 euro a 19 euro al giorno per gli utenti con bisogni assistenziali pi\u00f9 elevati e dagli attuali 12 euro a 16 al giorno per gli utenti con bisogni assistenziali &#8220;pi\u00f9 leggeri&#8221;.<\/p>\n<p> \tA questa quota sanitaria si aggiunge la quota sociale che varia da un minimo di 4,24 euro al giorno a un massimo di 14,93 euro al giorno in funzione della gravit\u00e0 della non autosufficienza e dell&#8217;Isee (Indicatore situazione economica equivalente) dei beneficiari. L&#8217;intervento comporta un aumento di risorse stimato in oltre 148.140 euro per l&#8217;anno in corso, gi\u00e0 coperti a bilancio.<\/p>\n<p> \t\u00a0<\/p>\n","protected":false},"excerpt":{"rendered":"<p>In arrivo misure straordinarie per sostenere le strutture residenziali e semiresidenziali a fronte del rincaro dei costi energetici<\/p>\n","protected":false},"author":22,"featured_media":48446,"comment_status":"closed","ping_status":"closed","sticky":false,"template":"","format":"standard","meta":{"dwc-title":[],"dwc-content":[],"footnotes":""},"categories":[5],"tags":[],"class_list":["post-48445","post","type-post","status-publish","format-standard","has-post-thumbnail","hentry","category-attualita"],"rttpg_featured_image_url":{"full":["https:\/\/imagazine.it\/wp-content\/uploads\/2024\/02\/51938-1.webp",1000,669,false],"landscape":["https:\/\/imagazine.it\/wp-content\/uploads\/2024\/02\/51938-1.webp",1000,669,false],"portraits":["https:\/\/imagazine.it\/wp-content\/uploads\/2024\/02\/51938-1.webp",1000,669,false],"thumbnail":["https:\/\/imagazine.it\/wp-content\/uploads\/2024\/02\/51938-1-150x150.webp",150,150,true],"medium":["https:\/\/imagazine.it\/wp-content\/uploads\/2024\/02\/51938-1-300x201.webp",300,201,true],"large":["https:\/\/imagazine.it\/wp-content\/uploads\/2024\/02\/51938-1.webp",640,428,false],"thumblist":["https:\/\/imagazine.it\/wp-content\/uploads\/2024\/02\/51938-1-300x300.webp",300,300,true],"thumbrelated":["https:\/\/imagazine.it\/wp-content\/uploads\/2024\/02\/51938-1-500x500.webp",500,500,true],"meccarouselthumb":["https:\/\/imagazine.it\/wp-content\/uploads\/2024\/02\/51938-1-474x324.webp",474,324,true],"gridsquare":["https:\/\/imagazine.it\/wp-content\/uploads\/2024\/02\/51938-1-391x260.webp",391,260,true],"tileview":["https:\/\/imagazine.it\/wp-content\/uploads\/2024\/02\/51938-1-300x400.webp",300,400,true],"1536x1536":["https:\/\/imagazine.it\/wp-content\/uploads\/2024\/02\/51938-1.webp",1000,669,false],"2048x2048":["https:\/\/imagazine.it\/wp-content\/uploads\/2024\/02\/51938-1.webp",1000,669,false],"newsup-slider-full":["https:\/\/imagazine.it\/wp-content\/uploads\/2024\/02\/51938-1.webp",1000,669,false],"newsup-featured":["https:\/\/imagazine.it\/wp-content\/uploads\/2024\/02\/51938-1.webp",1000,669,false],"newsup-medium":["https:\/\/imagazine.it\/wp-content\/uploads\/2024\/02\/51938-1-720x380.webp",720,380,true],"tptn_thumbnail":["https:\/\/imagazine.it\/wp-content\/uploads\/2024\/02\/51938-1.webp",250,167,false],"sow-carousel-default":["https:\/\/imagazine.it\/wp-content\/uploads\/2024\/02\/51938-1.webp",272,182,false]},"rttpg_author":{"display_name":"Livio Nonis","author_link":"https:\/\/imagazine.it\/home_desk\/author\/nonis\/"},"rttpg_comment":0,"rttpg_category":"<a href=\"https:\/\/imagazine.it\/home_desk\/category\/attualita\/\" rel=\"category tag\">ATTUALIT\u00c0<\/a>","rttpg_excerpt":"In arrivo misure straordinarie per sostenere le strutture residenziali e semiresidenziali a fronte del rincaro dei costi energetici","_links":{"self":[{"href":"https:\/\/imagazine.it\/home_desk\/wp-json\/wp\/v2\/posts\/48445","targetHints":{"allow":["GET"]}}],"collection":[{"href":"https:\/\/imagazine.it\/home_desk\/wp-json\/wp\/v2\/posts"}],"about":[{"href":"https:\/\/imagazine.it\/home_desk\/wp-json\/wp\/v2\/types\/post"}],"author":[{"embeddable":true,"href":"https:\/\/imagazine.it\/home_desk\/wp-json\/wp\/v2\/users\/22"}],"replies":[{"embeddable":true,"href":"https:\/\/imagazine.it\/home_desk\/wp-json\/wp\/v2\/comments?post=48445"}],"version-history":[{"count":0,"href":"https:\/\/imagazine.it\/home_desk\/wp-json\/wp\/v2\/posts\/48445\/revisions"}],"wp:featuredmedia":[{"embeddable":true,"href":"https:\/\/imagazine.it\/home_desk\/wp-json\/wp\/v2\/media\/48446"}],"wp:attachment":[{"href":"https:\/\/imagazine.it\/home_desk\/wp-json\/wp\/v2\/media?parent=48445"}],"wp:term":[{"taxonomy":"category","embeddable":true,"href":"https:\/\/imagazine.it\/home_desk\/wp-json\/wp\/v2\/categories?post=48445"},{"taxonomy":"post_tag","embeddable":true,"href":"https:\/\/imagazine.it\/home_desk\/wp-json\/wp\/v2\/tags?post=48445"}],"curies":[{"name":"wp","href":"https:\/\/api.w.org\/{rel}","templated":true}]}}