{"id":48433,"date":"2023-02-09T00:00:00","date_gmt":"2023-02-08T23:00:00","guid":{"rendered":"https:\/\/imagazine.it\/sportello-antimobbing-aumentano-gli-utenti-a-gorizia\/"},"modified":"2023-02-09T00:00:00","modified_gmt":"2023-02-08T23:00:00","slug":"sportello-antimobbing-aumentano-gli-utenti-a-gorizia","status":"publish","type":"post","link":"https:\/\/imagazine.it\/home_desk\/sportello-antimobbing-aumentano-gli-utenti-a-gorizia\/","title":{"rendered":"Sportello antimobbing, aumentano gli utenti a Gorizia"},"content":{"rendered":"<p> \tGORIZIA \u2013 Presentati i dati del 2022 del <strong>Punto d&#8217;ascolto di Gorizia-Trieste<\/strong>. Durante la conferenza stampa in municipio sono intervenute la coordinatrice <strong>Teresa Dennetta<\/strong> e la consigliera delegata alle pari opportunit\u00e0, <strong>Marilena Bernobich<\/strong>.\u00a0<\/p>\n<p> \t&#8220;Si tratta di un servizio molto importante \u2013 ha sottolineato quest&#8217;ultima \u2013 soprattutto in periodi come quello attuale, in cui la societ\u00e0 risente ancora pesantemente degli effetti, non solo fisici e\u00a0 psicologici del Covid-19 ma anche spesso di mutate condizioni lavorative. Il Punto d&#8217;ascolto (PdA, ndr) aiuta le persone che ritengono di subire comportamenti inadeguati a individuare gli strumenti pi\u00f9 idonei a recuperare la propria autostima e la serenit\u00e0&#8221;.<\/p>\n<p> \tNell&#8217;anno appena trascorso c&#8217;\u00e8 stata una crescita dei casi trattati, in particolare di uomini. &#8220;I\u00a0colloqui con i professionisti del team sono stati in totale 214 \u2013 ha evidenziato la coordinatrice Dennetta \u2013 dei quali 172 per supporto legale, 31 per sostegno psicologico e 11 per consulenza con il medico del lavoro. In totale le persone che hanno beneficiato del servizio del PdA sono state 80, delle quali 42 donne e 31 uomini, tra nuovi e reiterati soggetti. Le categorie dei lavoratori in cui si trovano gli utenti provengono in parte anche dal pubblico impiego: 27 utenti di cui 10 uomini, 17 donne&#8221;.<\/p>\n<p> \tSulle 80 persone che si sono rivolte allo Sportello antimobbing oltre il 70% sono nuove &#8220;a dimostrare \u2013 ha precisato Dennetta \u2013, che la gran parte dei casi trattati in precedenza sono stati risolti ma anche che il problema mobbing \u00e8 ancora fortemente presente&#8221;.<\/p>\n<p> \tIl Punto di Ascolto di Gorizia nasce da un progetto in partenariato tra l\u2019associazione S.O.S Abusi Psicologici ODV ed il Comune di Gorizia. Il PdA \u00e8 uno strumento che la Regione Friuli Venezia Giulia ha messo a disposizione gratuitamente per i cittadini che in difficolt\u00e0 cercano soluzioni nei contesti e nell\u2019ambito lavorativo.<\/p>\n<p> \tIl PdA offre un servizio di supporto legale, medico del lavoro e psicologico con un gruppo di lavoro costituito da un\u2019operatrice di accoglienza, un avvocato giuslavorista, una psicologa psicoterapeuta e da un medico del lavoro. L\u2019accoglienza avviene previo appuntamento telefonico cui pu\u00f2 seguire il colloquio, con garanzia di anonimato, sia in presenza sia da remoto: i professionisti forniscono, infatti, assistenza in presenza, telefonicamente, via skype e piattaforma WhatsApp, anche in conferenza con il sindacato.\u00a0<\/p>\n<p> \tIl Punto di Ascolto \u00e8 situato a Gorizia, nel Centro Lenassi in via Vittorio Veneto, ed \u00e8 attivo il marted\u00ec e venerd\u00ec dalle 12 alle 17 e il gioved\u00ec dalle 9 alle 17. Ha carattere sovra provinciale e comprende anche l&#8217;area triestina.\u00a0 Le consulenze sono gratuite, riservate anche in anonimato, \u00e8 possibile accedervi anche telefonicamente allo 0481 383515 e via e-mail a: <a href=\"mailto:antimobbing.gorizia@gmail.com\" target=\"_blank\" rel=\"noopener\">antimobbing.gorizia@gmail.com<\/a>.<\/p>\n<p> \t\u00c8 possibile visitare e avere notizie sull\u2019attivit\u00e0 anche dal sito <u><a href=\"http:\/\/www.antimobbing.it\/\" target=\"_blank\" rel=\"noopener\"><span style=\"color:#0000cd;\">www.antimobbing.it<\/span><\/a><\/u>, dove sono raccolte tutte le informazioni relative al Punto di Ascolto. Le professionalit\u00e0 presenti sono lo psicologo psicoterapeuta<strong> Paolo Ballaben<\/strong>, il medico del lavoro <strong>Andrea Campanile<\/strong> e Teresa Dennetta con funzione di coordinatrice.<\/p>\n<p> \t\u00a0<\/p>\n","protected":false},"excerpt":{"rendered":"<p>Il Punto d&#8217;Ascolto situato nel Centro Linassi offre un servizio di supporto legale, medico del lavoro e psicologico<\/p>\n","protected":false},"author":28,"featured_media":48434,"comment_status":"closed","ping_status":"closed","sticky":false,"template":"","format":"standard","meta":{"dwc-title":[],"dwc-content":[],"footnotes":""},"categories":[5],"tags":[],"class_list":["post-48433","post","type-post","status-publish","format-standard","has-post-thumbnail","hentry","category-attualita"],"rttpg_featured_image_url":{"full":["https:\/\/imagazine.it\/wp-content\/uploads\/2024\/02\/51920-1.webp",1920,1280,false],"landscape":["https:\/\/imagazine.it\/wp-content\/uploads\/2024\/02\/51920-1.webp",1920,1280,false],"portraits":["https:\/\/imagazine.it\/wp-content\/uploads\/2024\/02\/51920-1.webp",1920,1280,false],"thumbnail":["https:\/\/imagazine.it\/wp-content\/uploads\/2024\/02\/51920-1-150x150.webp",150,150,true],"medium":["https:\/\/imagazine.it\/wp-content\/uploads\/2024\/02\/51920-1-300x200.webp",300,200,true],"large":["https:\/\/imagazine.it\/wp-content\/uploads\/2024\/02\/51920-1-1024x683.webp",640,427,true],"thumblist":["https:\/\/imagazine.it\/wp-content\/uploads\/2024\/02\/51920-1-300x300.webp",300,300,true],"thumbrelated":["https:\/\/imagazine.it\/wp-content\/uploads\/2024\/02\/51920-1-500x500.webp",500,500,true],"meccarouselthumb":["https:\/\/imagazine.it\/wp-content\/uploads\/2024\/02\/51920-1-474x324.webp",474,324,true],"gridsquare":["https:\/\/imagazine.it\/wp-content\/uploads\/2024\/02\/51920-1-391x260.webp",391,260,true],"tileview":["https:\/\/imagazine.it\/wp-content\/uploads\/2024\/02\/51920-1-300x400.webp",300,400,true],"1536x1536":["https:\/\/imagazine.it\/wp-content\/uploads\/2024\/02\/51920-1-1536x1024.webp",1536,1024,true],"2048x2048":["https:\/\/imagazine.it\/wp-content\/uploads\/2024\/02\/51920-1.webp",1920,1280,false],"newsup-slider-full":["https:\/\/imagazine.it\/wp-content\/uploads\/2024\/02\/51920-1-1280x720.webp",1280,720,true],"newsup-featured":["https:\/\/imagazine.it\/wp-content\/uploads\/2024\/02\/51920-1-1024x683.webp",1024,683,true],"newsup-medium":["https:\/\/imagazine.it\/wp-content\/uploads\/2024\/02\/51920-1-720x380.webp",720,380,true],"tptn_thumbnail":["https:\/\/imagazine.it\/wp-content\/uploads\/2024\/02\/51920-1.webp",250,167,false],"sow-carousel-default":["https:\/\/imagazine.it\/wp-content\/uploads\/2024\/02\/51920-1.webp",272,182,false]},"rttpg_author":{"display_name":"redazione","author_link":"https:\/\/imagazine.it\/home_desk\/author\/redazione\/"},"rttpg_comment":0,"rttpg_category":"<a href=\"https:\/\/imagazine.it\/home_desk\/category\/attualita\/\" rel=\"category tag\">ATTUALIT\u00c0<\/a>","rttpg_excerpt":"Il Punto d'Ascolto situato nel Centro Linassi offre un servizio di supporto legale, medico del lavoro e psicologico","_links":{"self":[{"href":"https:\/\/imagazine.it\/home_desk\/wp-json\/wp\/v2\/posts\/48433","targetHints":{"allow":["GET"]}}],"collection":[{"href":"https:\/\/imagazine.it\/home_desk\/wp-json\/wp\/v2\/posts"}],"about":[{"href":"https:\/\/imagazine.it\/home_desk\/wp-json\/wp\/v2\/types\/post"}],"author":[{"embeddable":true,"href":"https:\/\/imagazine.it\/home_desk\/wp-json\/wp\/v2\/users\/28"}],"replies":[{"embeddable":true,"href":"https:\/\/imagazine.it\/home_desk\/wp-json\/wp\/v2\/comments?post=48433"}],"version-history":[{"count":0,"href":"https:\/\/imagazine.it\/home_desk\/wp-json\/wp\/v2\/posts\/48433\/revisions"}],"wp:featuredmedia":[{"embeddable":true,"href":"https:\/\/imagazine.it\/home_desk\/wp-json\/wp\/v2\/media\/48434"}],"wp:attachment":[{"href":"https:\/\/imagazine.it\/home_desk\/wp-json\/wp\/v2\/media?parent=48433"}],"wp:term":[{"taxonomy":"category","embeddable":true,"href":"https:\/\/imagazine.it\/home_desk\/wp-json\/wp\/v2\/categories?post=48433"},{"taxonomy":"post_tag","embeddable":true,"href":"https:\/\/imagazine.it\/home_desk\/wp-json\/wp\/v2\/tags?post=48433"}],"curies":[{"name":"wp","href":"https:\/\/api.w.org\/{rel}","templated":true}]}}