{"id":48421,"date":"2023-02-08T00:00:00","date_gmt":"2023-02-07T23:00:00","guid":{"rendered":"https:\/\/imagazine.it\/capitale-della-cultura-esordio-nel-nome-di-preseren-e-ungaretti\/"},"modified":"2023-02-08T00:00:00","modified_gmt":"2023-02-07T23:00:00","slug":"capitale-della-cultura-esordio-nel-nome-di-preseren-e-ungaretti","status":"publish","type":"post","link":"https:\/\/imagazine.it\/home_desk\/capitale-della-cultura-esordio-nel-nome-di-preseren-e-ungaretti\/","title":{"rendered":"Capitale della cultura, esordio nel nome di Pre\u0161eren e Ungaretti"},"content":{"rendered":"<p> \tGORIZIA \u2013 La <strong>Capitale europea della cultura Nova Gorica-Gorizia<\/strong> sar\u00e0 inaugurata l\u2019<strong>8<\/strong> <strong>febbraio 2025<\/strong>. L\u2019annuncio \u00e8 stato dato questa mattina in contemporanea a <strong>Lubiana<\/strong>, dal ministro alla cultura sloveno <strong>Asta Vre\u010dko<\/strong>, a <strong>Roma<\/strong>, dal ministro alla cultura italiano, <strong>Gennaro Sangiuliano<\/strong>, a <strong>Nova Gorica<\/strong> dal direttore di Zavod 2025, <strong>Gorazd Bozi\u010d<\/strong>, e a <strong>Gorizia<\/strong> dal sindaco, <strong>Rodolfo Ziberna<\/strong>, insieme all\u2019assessore regionale alla cultura, <strong>Tiziana Gibelli<\/strong>, e alla direttrice del GECT GO, <strong>Romina Kocina<\/strong>. \u00a0\u00a0<\/p>\n<p> \tA fare da filo conduttore di questa data, coincidente con la Giornata della cultura slovena, sar\u00e0 la poesia. La pi\u00f9 alta\u00a0poesia europea con due massimi protagonisti, come France Pre\u0161eren, l\u2019autore\u00a0romantico il cui componimento \u201c<em>Il Brindisi<\/em>\u201d, e <strong>Giuseppe Ungaretti<\/strong>.<\/p>\n<p> \t&#8220;L&#8217;inaugurazione della Capitale europea della cultura Nova Gorica Gorizia avverr\u00e0 l&#8217;8 febbraio 2025. Per curiosi percorsi della storia, \u00e8 il giorno in cui mor\u00ec nel 1849 il pi\u00f9 grande letterato della Repubblica di Slovenia France Pre\u0161eren ed \u00e8 anche la data in cui nasceva, 135 anni fa, ad Alessandria d&#8217;Egitto Giuseppe Ungaretti, uno dei pi\u00f9 grandi poeti italiani&#8221;, ha evidenziato l\u2019assessore Gibelli.<\/p>\n<p> \tAlla presentazione di Gorizia hanno partecipato anche l&#8217;assessore comunale alla Cultura, <strong>Fabrizio Oreti<\/strong>, e il consigliere regionale <strong>Diego Bernardis<\/strong>.<\/p>\n<p> \t\u00a0<\/p>\n","protected":false},"excerpt":{"rendered":"<p>Esattamente fra 2 anni, l&#8217;8 febbraio 2025, verr\u00e0 inaugurato l&#8217;atteso evento. Oggi l&#8217;annuncio a Gorizia, Nova Gorica, Roma e Lubiana<\/p>\n","protected":false},"author":28,"featured_media":48422,"comment_status":"closed","ping_status":"closed","sticky":false,"template":"","format":"standard","meta":{"dwc-title":[],"dwc-content":[],"footnotes":""},"categories":[37],"tags":[],"class_list":["post-48421","post","type-post","status-publish","format-standard","has-post-thumbnail","hentry","category-cultura-e-spettacolo"],"rttpg_featured_image_url":{"full":["https:\/\/imagazine.it\/wp-content\/uploads\/2024\/02\/51913-1.webp",1024,768,false],"landscape":["https:\/\/imagazine.it\/wp-content\/uploads\/2024\/02\/51913-1.webp",1024,768,false],"portraits":["https:\/\/imagazine.it\/wp-content\/uploads\/2024\/02\/51913-1.webp",1024,768,false],"thumbnail":["https:\/\/imagazine.it\/wp-content\/uploads\/2024\/02\/51913-1-150x150.webp",150,150,true],"medium":["https:\/\/imagazine.it\/wp-content\/uploads\/2024\/02\/51913-1-300x225.webp",300,225,true],"large":["https:\/\/imagazine.it\/wp-content\/uploads\/2024\/02\/51913-1.webp",640,480,false],"thumblist":["https:\/\/imagazine.it\/wp-content\/uploads\/2024\/02\/51913-1-300x300.webp",300,300,true],"thumbrelated":["https:\/\/imagazine.it\/wp-content\/uploads\/2024\/02\/51913-1-500x500.webp",500,500,true],"meccarouselthumb":["https:\/\/imagazine.it\/wp-content\/uploads\/2024\/02\/51913-1-474x324.webp",474,324,true],"gridsquare":["https:\/\/imagazine.it\/wp-content\/uploads\/2024\/02\/51913-1-391x260.webp",391,260,true],"tileview":["https:\/\/imagazine.it\/wp-content\/uploads\/2024\/02\/51913-1-300x400.webp",300,400,true],"1536x1536":["https:\/\/imagazine.it\/wp-content\/uploads\/2024\/02\/51913-1.webp",1024,768,false],"2048x2048":["https:\/\/imagazine.it\/wp-content\/uploads\/2024\/02\/51913-1.webp",1024,768,false],"newsup-slider-full":["https:\/\/imagazine.it\/wp-content\/uploads\/2024\/02\/51913-1-1024x720.webp",1024,720,true],"newsup-featured":["https:\/\/imagazine.it\/wp-content\/uploads\/2024\/02\/51913-1.webp",1024,768,false],"newsup-medium":["https:\/\/imagazine.it\/wp-content\/uploads\/2024\/02\/51913-1-720x380.webp",720,380,true],"tptn_thumbnail":["https:\/\/imagazine.it\/wp-content\/uploads\/2024\/02\/51913-1.webp",250,188,false],"sow-carousel-default":["https:\/\/imagazine.it\/wp-content\/uploads\/2024\/02\/51913-1.webp",243,182,false]},"rttpg_author":{"display_name":"redazione","author_link":"https:\/\/imagazine.it\/home_desk\/author\/redazione\/"},"rttpg_comment":0,"rttpg_category":"<a href=\"https:\/\/imagazine.it\/home_desk\/category\/cultura-e-spettacolo\/\" rel=\"category tag\">CULTURA&amp;SPETTACOLO<\/a>","rttpg_excerpt":"Esattamente fra 2 anni, l'8 febbraio 2025, verr\u00e0 inaugurato l'atteso evento. Oggi l'annuncio a Gorizia, Nova Gorica, Roma e Lubiana","_links":{"self":[{"href":"https:\/\/imagazine.it\/home_desk\/wp-json\/wp\/v2\/posts\/48421","targetHints":{"allow":["GET"]}}],"collection":[{"href":"https:\/\/imagazine.it\/home_desk\/wp-json\/wp\/v2\/posts"}],"about":[{"href":"https:\/\/imagazine.it\/home_desk\/wp-json\/wp\/v2\/types\/post"}],"author":[{"embeddable":true,"href":"https:\/\/imagazine.it\/home_desk\/wp-json\/wp\/v2\/users\/28"}],"replies":[{"embeddable":true,"href":"https:\/\/imagazine.it\/home_desk\/wp-json\/wp\/v2\/comments?post=48421"}],"version-history":[{"count":0,"href":"https:\/\/imagazine.it\/home_desk\/wp-json\/wp\/v2\/posts\/48421\/revisions"}],"wp:featuredmedia":[{"embeddable":true,"href":"https:\/\/imagazine.it\/home_desk\/wp-json\/wp\/v2\/media\/48422"}],"wp:attachment":[{"href":"https:\/\/imagazine.it\/home_desk\/wp-json\/wp\/v2\/media?parent=48421"}],"wp:term":[{"taxonomy":"category","embeddable":true,"href":"https:\/\/imagazine.it\/home_desk\/wp-json\/wp\/v2\/categories?post=48421"},{"taxonomy":"post_tag","embeddable":true,"href":"https:\/\/imagazine.it\/home_desk\/wp-json\/wp\/v2\/tags?post=48421"}],"curies":[{"name":"wp","href":"https:\/\/api.w.org\/{rel}","templated":true}]}}