{"id":48409,"date":"2023-02-07T00:00:00","date_gmt":"2023-02-06T23:00:00","guid":{"rendered":"https:\/\/imagazine.it\/sci-in-fvg-la-pista-illuminata-piu-lunga-deuropa\/"},"modified":"2023-02-07T00:00:00","modified_gmt":"2023-02-06T23:00:00","slug":"sci-in-fvg-la-pista-illuminata-piu-lunga-deuropa","status":"publish","type":"post","link":"https:\/\/imagazine.it\/home_desk\/sci-in-fvg-la-pista-illuminata-piu-lunga-deuropa\/","title":{"rendered":"Sci, in FVG la pista illuminata pi\u00f9 lunga d&#8217;Europa"},"content":{"rendered":"<p> \tUDINE \u2013 Presentato nella sede della Regione a Udine <em>Lussarissimo 2023<\/em>, che si terr\u00e0 a <strong>Tarvisio<\/strong> dal 10 al 12 febbraio.<\/p>\n<p> \t&#8220;La 15ma edizione del Lussarissimo propone un programma ricco per tutte le et\u00e0, per le famiglie e per i sciatori pi\u00f9 o meno esperti, confermando una storia di crescita costante per un evento che riesce ad avvicinare tutti agli sport invernali. Il lavoro che \u00e8 stato portato avanti \u00e8 eccellente e i risultati non si sono fatti attendere sia in termini di presenze turistiche che di alberghi sold out&#8221;, ha dichiarato l&#8217;assessore regionale alle Attivit\u00e0 produttive e Turismo, <strong>Sergio Emidio Bini<\/strong>, intervenuto con il vicepresidente del Consiglio regionale <strong>Stefano Mazzolini<\/strong>.<\/p>\n<p> \tNel dettaglio, il gigante in parallelo che sar\u00e0 disputato nella pista Di Prampero illuminata sabato 11 febbraio, sar\u00e0 corredato da eventi che coinvolgeranno sciatori pi\u00f9 o meno esperti e di tutte le et\u00e0 oltre alle famiglie o agli appassionati di sport in alta quota.<\/p>\n<p> \tDa venerd\u00ec 10 febbraio a domenica 12 la Smilevents di Gorizia insieme allo Sci Club Monte Canin, con il supporto di PromoturismoFvg, Regione Friuli Venezia Giulia, Comune di Tarvisio e Consorzio Bim-Drava ha elaborato un programma ricco di appuntamenti e sorprese per una tre giorni che intende essere una vera e propria festa della montagna.<\/p>\n<p> \tNella serata di venerd\u00ec, dalle 19 alle 23, la Di Prampero sar\u00e0 eccezionalmente aperta, con la funivia operativa fino alle 23.<\/p>\n<p> \tLe iscrizioni ai vari appuntamenti possono essere effettuate tramite il sito www.lussarissimo.it, dove \u00e8 possibile consultare anche il programma.<\/p>\n<p> \tAlla presentazione odierna sono intervenuti anche <strong>Ascanio Cosma<\/strong> e <strong>Diego Falzari<\/strong>, presidente e vicepresidente di <strong>Smilevents<\/strong>, <strong>Silvio Pozenu<\/strong>, tra gli ideatori del Lussarissimo,<strong> Vanessa Colosetti <\/strong>per lo <strong>Sci Club Monte Canin<\/strong> e l\u2019assessore<strong> Mauro Zamolo<\/strong> per il <strong>Comune di Tarvisio<\/strong>. Presente anche <strong>Riccardo Riosa di Tennistars<\/strong>, ideatore dello snow tennis.<\/p>\n<p> \tLa conferenza stampa \u00e8 stata l\u2019occasione per anticipare l\u2019ormai prossimo completamento dell&#8217;illuminazione della pista da sci del Lussari, \u201cche permetter\u00e0, dal prossimo inverno, di avere in regione la pista illuminata pi\u00f9 lunga d\u2019Europa\u201d, ha affermato Mazzolini.<\/p>\n<p> \t\u00a0<\/p>\n","protected":false},"excerpt":{"rendered":"<p>Durante la presentazione del Lussarissimo la conferma: quasi completati i lavori dell&#8217;illuminazione del tracciato lungo il Lussari<\/p>\n","protected":false},"author":28,"featured_media":48410,"comment_status":"closed","ping_status":"closed","sticky":false,"template":"","format":"standard","meta":{"dwc-title":[],"dwc-content":[],"footnotes":""},"categories":[38],"tags":[],"class_list":["post-48409","post","type-post","status-publish","format-standard","has-post-thumbnail","hentry","category-sport"],"rttpg_featured_image_url":{"full":["https:\/\/imagazine.it\/wp-content\/uploads\/2024\/02\/51899-1.webp",1000,750,false],"landscape":["https:\/\/imagazine.it\/wp-content\/uploads\/2024\/02\/51899-1.webp",1000,750,false],"portraits":["https:\/\/imagazine.it\/wp-content\/uploads\/2024\/02\/51899-1.webp",1000,750,false],"thumbnail":["https:\/\/imagazine.it\/wp-content\/uploads\/2024\/02\/51899-1-150x150.webp",150,150,true],"medium":["https:\/\/imagazine.it\/wp-content\/uploads\/2024\/02\/51899-1-300x225.webp",300,225,true],"large":["https:\/\/imagazine.it\/wp-content\/uploads\/2024\/02\/51899-1.webp",640,480,false],"thumblist":["https:\/\/imagazine.it\/wp-content\/uploads\/2024\/02\/51899-1-300x300.webp",300,300,true],"thumbrelated":["https:\/\/imagazine.it\/wp-content\/uploads\/2024\/02\/51899-1-500x500.webp",500,500,true],"meccarouselthumb":["https:\/\/imagazine.it\/wp-content\/uploads\/2024\/02\/51899-1-474x324.webp",474,324,true],"gridsquare":["https:\/\/imagazine.it\/wp-content\/uploads\/2024\/02\/51899-1-391x260.webp",391,260,true],"tileview":["https:\/\/imagazine.it\/wp-content\/uploads\/2024\/02\/51899-1-300x400.webp",300,400,true],"1536x1536":["https:\/\/imagazine.it\/wp-content\/uploads\/2024\/02\/51899-1.webp",1000,750,false],"2048x2048":["https:\/\/imagazine.it\/wp-content\/uploads\/2024\/02\/51899-1.webp",1000,750,false],"newsup-slider-full":["https:\/\/imagazine.it\/wp-content\/uploads\/2024\/02\/51899-1-1000x720.webp",1000,720,true],"newsup-featured":["https:\/\/imagazine.it\/wp-content\/uploads\/2024\/02\/51899-1.webp",1000,750,false],"newsup-medium":["https:\/\/imagazine.it\/wp-content\/uploads\/2024\/02\/51899-1-720x380.webp",720,380,true],"tptn_thumbnail":["https:\/\/imagazine.it\/wp-content\/uploads\/2024\/02\/51899-1.webp",250,188,false],"sow-carousel-default":["https:\/\/imagazine.it\/wp-content\/uploads\/2024\/02\/51899-1.webp",243,182,false]},"rttpg_author":{"display_name":"redazione","author_link":"https:\/\/imagazine.it\/home_desk\/author\/redazione\/"},"rttpg_comment":0,"rttpg_category":"<a href=\"https:\/\/imagazine.it\/home_desk\/category\/sport\/\" rel=\"category tag\">SPORT<\/a>","rttpg_excerpt":"Durante la presentazione del Lussarissimo la conferma: quasi completati i lavori dell'illuminazione del tracciato lungo il Lussari","_links":{"self":[{"href":"https:\/\/imagazine.it\/home_desk\/wp-json\/wp\/v2\/posts\/48409","targetHints":{"allow":["GET"]}}],"collection":[{"href":"https:\/\/imagazine.it\/home_desk\/wp-json\/wp\/v2\/posts"}],"about":[{"href":"https:\/\/imagazine.it\/home_desk\/wp-json\/wp\/v2\/types\/post"}],"author":[{"embeddable":true,"href":"https:\/\/imagazine.it\/home_desk\/wp-json\/wp\/v2\/users\/28"}],"replies":[{"embeddable":true,"href":"https:\/\/imagazine.it\/home_desk\/wp-json\/wp\/v2\/comments?post=48409"}],"version-history":[{"count":0,"href":"https:\/\/imagazine.it\/home_desk\/wp-json\/wp\/v2\/posts\/48409\/revisions"}],"wp:featuredmedia":[{"embeddable":true,"href":"https:\/\/imagazine.it\/home_desk\/wp-json\/wp\/v2\/media\/48410"}],"wp:attachment":[{"href":"https:\/\/imagazine.it\/home_desk\/wp-json\/wp\/v2\/media?parent=48409"}],"wp:term":[{"taxonomy":"category","embeddable":true,"href":"https:\/\/imagazine.it\/home_desk\/wp-json\/wp\/v2\/categories?post=48409"},{"taxonomy":"post_tag","embeddable":true,"href":"https:\/\/imagazine.it\/home_desk\/wp-json\/wp\/v2\/tags?post=48409"}],"curies":[{"name":"wp","href":"https:\/\/api.w.org\/{rel}","templated":true}]}}