{"id":48401,"date":"2023-02-07T00:00:00","date_gmt":"2023-02-06T23:00:00","guid":{"rendered":"https:\/\/imagazine.it\/le-opere-di-lorenzo-furlani-incantano-a-ronchi\/"},"modified":"2023-02-07T00:00:00","modified_gmt":"2023-02-06T23:00:00","slug":"le-opere-di-lorenzo-furlani-incantano-a-ronchi","status":"publish","type":"post","link":"https:\/\/imagazine.it\/home_desk\/le-opere-di-lorenzo-furlani-incantano-a-ronchi\/","title":{"rendered":"Le opere di Lorenzo Furlani incantano a Ronchi"},"content":{"rendered":"<p> \tRONCHI DEI LEGIONARI \u2013 Lorenzo Furlani (1922-2012) \u00e8 il suo sguardo reso eterno dai ritratti fotografici di amici come Maurizio Frullani: un sorriso solo accennato, un certo distacco dalla vita e dall\u2019umanit\u00e0 protagonista della sua opera per poterle vedere e rappresentare con originalit\u00e0 e intensit\u00e0.<\/p>\n<p> \tLorenzo Furlani \u00e8 per\u00f2 anche artista di sguardi e di ritratti da sempre, dalle prime caricature degli anni Quaranta del secolo scorso, di piccolo formato, preferibilmente matite e carboncini su carta, dal tratto veloce, delicato, essenziale, ironico, scaturito da un\u2019attenta conoscenza o osservazione del soggetto.<\/p>\n<p> \tFino all\u2019ultimo lavoro a colori, prima della scomparsa: un\u2019opera intensa, scevra d\u2019ironia ma densa di ombre profonde e mistero che parla di complessit\u00e0 e contrapposizione fra luce e oscurit\u00e0 con protagonista ancora lo sguardo femminile incalzato o emergente dal fondo scuro, dagli occhi sereni, intensi, ricchi di vissuto.<\/p>\n<p> \tFino al 20 febbraio \u00e8 aperta, con ingresso gratuito, nella citt\u00e0 dove \u00e8 nato, ha lavorato e vissuto tutta la sua esistenza &#8211; Ronchi dei Legionari &#8211; <u><a href=\"https:\/\/www.imagazine.it\/eventi\/43407\" target=\"_blank\" rel=\"noopener\"><span style=\"color:#0000cd;\">la mostra \u201c<em>Lorenzo Furlani. Viaggio negli sguardi<\/em>\u201d<\/span><\/a><\/u> allestita a <strong>Villa Vicentini Miniussi<\/strong> e <strong>curata dalla figlia Sabina<\/strong>.<\/p>\n<p> \tUn\u2019esposizione che ripercorre tutta la sua lunga e intensa attivit\u00e0: oltre 60 anni di pittura, coerente e riconoscibile, fondata su una dedizione all\u2019arte amata da sempre avendo manifestato una forte vocazione fin dai tempi del diploma conseguito a Trieste all\u2019Istituto \u201cVolta\u201d e perfezionata negli studi degli artisti triestini come Edgardo Sambo e Walter Falzari.<\/p>\n<p> \tUna mostra che racconta l\u2019uomo, il suo rapporto con gli amici e conoscenti, resi storia e simboli della sua giovinezza con caricature efficaci perch\u00e9 essenziali, contemporanee, per la freschezza del sorriso, ironia o intensit\u00e0 del viso. Ma allo stesso tempo istantanee di un passato suggerito da dettagli come il taglio di capelli, il copricapo o solo per l\u2019emozione determinata e forte che comunicano i lineamenti. Tratti fisiognomici che paiono non esistere pi\u00f9 oggi, o forse ci sono ma nessuno sa coglierli. Non solo figure maschili in mostra nella sezione al piano terra. Anche volti di donne, disegnate di tre quarti, dalle capigliature curate, labbra e occhi enfatizzati da trucchi che delineano una certa severit\u00e0.<\/p>\n<p> \tAl secondo piano domina il colore e si presenta la produzione di paesaggi oltre ai ritratti. Accanto a una Tina Modotti il ritratto della figlia e di altre fanciulle, delicate, colte dell\u2019intensit\u00e0 del cambiamento, dall\u2019evoluzione dalla fanciullezza all\u2019adolescenza verso l\u2019et\u00e0 adulta. Alla quale viene dedicata l\u2019opera gi\u00e0 citata. Ma anche paesaggi: squarci di serenit\u00e0 nei quali le cromie restano leggiadre, bucoliche, rappresentate senza traumi o contrapposizione. Masse di vegetazione nella quale si insinua portando ulteriore leggerezza l\u2019acqua: ruscelli, fiumi che suggeriscono un viaggio.<\/p>\n<p> \tLa mostra \u00e8 l\u2019omaggio della famiglia, della figlia e della moglie <strong>Aida Padoani<\/strong> ma non solo, a un protagonista di un lungo cammino dal territorio isontino al contesto nazionale e internazionale, una testimonianza del suo lavoro connotato da determinazione garbata e dominio del mezzo espressivo, da protagonista del suo tempo che parla al presente.<\/p>\n<p> \t\u00a0<\/p>\n","protected":false},"excerpt":{"rendered":"<p>Successo di pubblico per la mostra allestita a Villa Vicentini Miniussi e curata dalla figlia Sabina<\/p>\n","protected":false},"author":23,"featured_media":48402,"comment_status":"closed","ping_status":"closed","sticky":false,"template":"","format":"standard","meta":{"dwc-title":[],"dwc-content":[],"footnotes":""},"categories":[37],"tags":[],"class_list":["post-48401","post","type-post","status-publish","format-standard","has-post-thumbnail","hentry","category-cultura-e-spettacolo"],"rttpg_featured_image_url":{"full":["https:\/\/imagazine.it\/wp-content\/uploads\/2024\/02\/51890-1.webp",547,438,false],"landscape":["https:\/\/imagazine.it\/wp-content\/uploads\/2024\/02\/51890-1.webp",547,438,false],"portraits":["https:\/\/imagazine.it\/wp-content\/uploads\/2024\/02\/51890-1.webp",547,438,false],"thumbnail":["https:\/\/imagazine.it\/wp-content\/uploads\/2024\/02\/51890-1-150x150.webp",150,150,true],"medium":["https:\/\/imagazine.it\/wp-content\/uploads\/2024\/02\/51890-1-300x240.webp",300,240,true],"large":["https:\/\/imagazine.it\/wp-content\/uploads\/2024\/02\/51890-1.webp",547,438,false],"thumblist":["https:\/\/imagazine.it\/wp-content\/uploads\/2024\/02\/51890-1-300x300.webp",300,300,true],"thumbrelated":["https:\/\/imagazine.it\/wp-content\/uploads\/2024\/02\/51890-1-500x438.webp",500,438,true],"meccarouselthumb":["https:\/\/imagazine.it\/wp-content\/uploads\/2024\/02\/51890-1-474x324.webp",474,324,true],"gridsquare":["https:\/\/imagazine.it\/wp-content\/uploads\/2024\/02\/51890-1-391x260.webp",391,260,true],"tileview":["https:\/\/imagazine.it\/wp-content\/uploads\/2024\/02\/51890-1-300x400.webp",300,400,true],"1536x1536":["https:\/\/imagazine.it\/wp-content\/uploads\/2024\/02\/51890-1.webp",547,438,false],"2048x2048":["https:\/\/imagazine.it\/wp-content\/uploads\/2024\/02\/51890-1.webp",547,438,false],"newsup-slider-full":["https:\/\/imagazine.it\/wp-content\/uploads\/2024\/02\/51890-1.webp",547,438,false],"newsup-featured":["https:\/\/imagazine.it\/wp-content\/uploads\/2024\/02\/51890-1.webp",547,438,false],"newsup-medium":["https:\/\/imagazine.it\/wp-content\/uploads\/2024\/02\/51890-1-547x380.webp",547,380,true],"tptn_thumbnail":["https:\/\/imagazine.it\/wp-content\/uploads\/2024\/02\/51890-1.webp",250,200,false],"sow-carousel-default":["https:\/\/imagazine.it\/wp-content\/uploads\/2024\/02\/51890-1.webp",227,182,false]},"rttpg_author":{"display_name":"Margherita Reguitti","author_link":"https:\/\/imagazine.it\/home_desk\/author\/reguitti\/"},"rttpg_comment":0,"rttpg_category":"<a href=\"https:\/\/imagazine.it\/home_desk\/category\/cultura-e-spettacolo\/\" rel=\"category tag\">CULTURA&amp;SPETTACOLO<\/a>","rttpg_excerpt":"Successo di pubblico per la mostra allestita a Villa Vicentini Miniussi e curata dalla figlia Sabina","_links":{"self":[{"href":"https:\/\/imagazine.it\/home_desk\/wp-json\/wp\/v2\/posts\/48401","targetHints":{"allow":["GET"]}}],"collection":[{"href":"https:\/\/imagazine.it\/home_desk\/wp-json\/wp\/v2\/posts"}],"about":[{"href":"https:\/\/imagazine.it\/home_desk\/wp-json\/wp\/v2\/types\/post"}],"author":[{"embeddable":true,"href":"https:\/\/imagazine.it\/home_desk\/wp-json\/wp\/v2\/users\/23"}],"replies":[{"embeddable":true,"href":"https:\/\/imagazine.it\/home_desk\/wp-json\/wp\/v2\/comments?post=48401"}],"version-history":[{"count":0,"href":"https:\/\/imagazine.it\/home_desk\/wp-json\/wp\/v2\/posts\/48401\/revisions"}],"wp:featuredmedia":[{"embeddable":true,"href":"https:\/\/imagazine.it\/home_desk\/wp-json\/wp\/v2\/media\/48402"}],"wp:attachment":[{"href":"https:\/\/imagazine.it\/home_desk\/wp-json\/wp\/v2\/media?parent=48401"}],"wp:term":[{"taxonomy":"category","embeddable":true,"href":"https:\/\/imagazine.it\/home_desk\/wp-json\/wp\/v2\/categories?post=48401"},{"taxonomy":"post_tag","embeddable":true,"href":"https:\/\/imagazine.it\/home_desk\/wp-json\/wp\/v2\/tags?post=48401"}],"curies":[{"name":"wp","href":"https:\/\/api.w.org\/{rel}","templated":true}]}}