{"id":48391,"date":"2023-02-06T00:00:00","date_gmt":"2023-02-05T23:00:00","guid":{"rendered":"https:\/\/imagazine.it\/gorizia-conto-alla-rovescia-per-la-sfilata-di-carnevale\/"},"modified":"2023-02-06T00:00:00","modified_gmt":"2023-02-05T23:00:00","slug":"gorizia-conto-alla-rovescia-per-la-sfilata-di-carnevale","status":"publish","type":"post","link":"https:\/\/imagazine.it\/home_desk\/gorizia-conto-alla-rovescia-per-la-sfilata-di-carnevale\/","title":{"rendered":"Gorizia, conto alla rovescia per la sfilata di carnevale"},"content":{"rendered":"<p> \tGORIZIA \u2013 Presentata l\u2019edizione 2023 del Carnevale goriziano.<\/p>\n<p> \tIl calendario degli eventi partir\u00e0 con la sfilata in programma <strong>domenica 12 febbraio<\/strong>, con partenza alle 14 con il coinvolgimento di oltre 800 persone, fra i 10 carri e i 10 gruppi mascherati di danza.<\/p>\n<p> \t\u201cCome gi\u00e0 per il <em>Dicembre goriziano<\/em> \u2013 ha affermato il sindaco <strong>Rodolfo Ziberna<\/strong> \u2013 anche per l\u2019organizzazione del Carnevale c\u2019\u00e8 stata una sinergia molto produttiva fra il Comune, la Pro loco e le associazioni cittadine, alcune gi\u00e0 presenti da tempo nel panorama locale, altre appena nate. E il programma scaturito \u00e8 davvero ottimo\u201d.<\/p>\n<p> \t\u201cRingrazio \u2013 gli ha fatto eco l\u2019assessore al turismo e agli eventi collegati, <strong>Luca Cagliari<\/strong> \u2013 tutti gli attori di questa edizione del Carnevale goriziano. Anticipo che quella del prossimo anno avr\u00e0 un taglio internazionale, con l\u2019allargamento a Slovenia e Austria\u201d.<\/p>\n<p> \tAlla presentazione del Carnevale goriziano sono intervenuti anche <strong>Vanni Feresin<\/strong>, del Centro per la valorizzazione delle tradizioni di Borgo San Rocco, che ha proposto, per il 2024, di far rinasce il Ballo dei Contadini all&#8217;Ugg, ed <strong>Elisa Coppola<\/strong>, presidente della neonata associazione &#8220;Stile goriziano&#8221;.\u00a0<\/p>\n<p> \tCome ha spiegato il presidente della Pro loco, <strong>Giorgio Lorenzoni<\/strong>, il percorso della sfilata partir\u00e0 da <strong>via Oberdan<\/strong> e proseguir\u00e0 poi lungo <strong>via Roma<\/strong>, <strong>via De Gasperi, Piazza del Municipio, via Sauro, via XXIV Maggio, Corso Italia<\/strong> fino a concludersi su <strong>Corso Verdi<\/strong>. Qui ad attenderli la giuria che, verso le 17, decreter\u00e0 il carro e il gruppo migliori e incoroner\u00e0 i vincitori dell\u2019edizione 2023 del Carnevale.\u00a0<\/p>\n<p> \tCome carri saranno ospiti quelli di <strong>Sant\u2019Andrea (Gorizia), Treppo Grande, San Floriano del Collio, Duino Aurisina San Pelagio, Savogna d&#8217;Isonzo, Opicina, Doberd\u00f2 del Lago, Grions del Torre, Medeazza e San Mauro<\/strong>. Sarano valutati dalla giuria in base a creativit\u00e0 e originalit\u00e0, realizzazione, numero di movimenti del carro, costumi e coreografie, numero dei partecipanti.<\/p>\n<p> \tAll\u2019evento parteciperanno anche il <strong>Gruppo bandistico Tita Michelas Fiumicello, Stile Goriziano di Gorizia, il gruppo mascherato di Gabria, quello di Opatje Selo, di Cerovlje, di Monfalcone, di Colloredo di Prato, di Santa Croce, Marcottini, Romans d&#8217;Isonzo<\/strong> oltre al duo <strong>Livio &#038; Laura<\/strong>. Per i gruppi verr\u00e0 premiata creativit\u00e0 e originalit\u00e0, idea, realizzazione dei costumi, coreografia e numero partecipanti.<\/p>\n<p> \tL\u2019appuntamento con il <strong>Carnevale dei Bambini<\/strong> \u00e8 fissato per luned\u00ec 20 febbraio alle 15 con ritrovo in <strong>Piazza Vittoria<\/strong>. Qui \u00e8 previsto un concorso mascherato, giochi e bolle di sapone oltre alle gustose frittole. Alle 17.30, la proiezione di film animato in fase di definizione al Kinemax di Gorizia (costo del biglietto 3 euro).<\/p>\n<p> \tRitorna anche il tradizionale appuntamento con il <strong>Funerale di Re Carnevale<\/strong>, previsto per <strong>mercoled\u00ec 22 febbraio<\/strong>. Il rinnovato percorso prevede di partire alle 14.30 con l\u2019esposizione di Re Carnevale davanti al Municipio. Alle 16.45 il testamento e la <strong>cremazione del Re nell&#8217;area della Sagra di San Rocco<\/strong>, nei pressi dello Stadio Baiamonti, a cura del \u201cCentro per le tradizioni popolari di Borgo San Rocco\u201d.<\/p>\n<p> \tAlle 17.45, il goliardico corteo funebre, con i resti di Re Carnevale, percorrer\u00e0 <strong>via dei Lantieri, Piazza S. Antonio, Piazza Cavour, via Marconi e via Mazzini <\/strong>fino a dare l\u2019ultimo saluto ufficiale a Re Carnevale in <strong>Piazza Municipio<\/strong>.<\/p>\n<p> \tAlle 18.15 la ripartenza del corteo attraverso via Garibaldi, Corso Verdi, via Oberdan, Piazza della Vittoria, via Rastello, viale D&#8217;Annunzio fino a giungere in Borgo Castello. Ultima tappa la <strong>dispersione delle ceneri di Re Carnevale dal bastione del Castello<\/strong>.<\/p>\n<p> \t\u00a0<\/p>\n","protected":false},"excerpt":{"rendered":"<p>Coinvolte oltre 800 persone tra organizzazione e partecipanti. Il prossimo anno l&#8217;appuntamento sar\u00e0 internazionale con realt\u00e0 slovene e austriache<\/p>\n","protected":false},"author":28,"featured_media":48392,"comment_status":"closed","ping_status":"closed","sticky":false,"template":"","format":"standard","meta":{"dwc-title":[],"dwc-content":[],"footnotes":""},"categories":[37],"tags":[],"class_list":["post-48391","post","type-post","status-publish","format-standard","has-post-thumbnail","hentry","category-cultura-e-spettacolo"],"rttpg_featured_image_url":{"full":["https:\/\/imagazine.it\/wp-content\/uploads\/2024\/02\/51881-1.webp",998,614,false],"landscape":["https:\/\/imagazine.it\/wp-content\/uploads\/2024\/02\/51881-1.webp",998,614,false],"portraits":["https:\/\/imagazine.it\/wp-content\/uploads\/2024\/02\/51881-1.webp",998,614,false],"thumbnail":["https:\/\/imagazine.it\/wp-content\/uploads\/2024\/02\/51881-1-150x150.webp",150,150,true],"medium":["https:\/\/imagazine.it\/wp-content\/uploads\/2024\/02\/51881-1-300x185.webp",300,185,true],"large":["https:\/\/imagazine.it\/wp-content\/uploads\/2024\/02\/51881-1.webp",640,394,false],"thumblist":["https:\/\/imagazine.it\/wp-content\/uploads\/2024\/02\/51881-1-300x300.webp",300,300,true],"thumbrelated":["https:\/\/imagazine.it\/wp-content\/uploads\/2024\/02\/51881-1-500x500.webp",500,500,true],"meccarouselthumb":["https:\/\/imagazine.it\/wp-content\/uploads\/2024\/02\/51881-1-474x324.webp",474,324,true],"gridsquare":["https:\/\/imagazine.it\/wp-content\/uploads\/2024\/02\/51881-1-391x260.webp",391,260,true],"tileview":["https:\/\/imagazine.it\/wp-content\/uploads\/2024\/02\/51881-1-300x400.webp",300,400,true],"1536x1536":["https:\/\/imagazine.it\/wp-content\/uploads\/2024\/02\/51881-1.webp",998,614,false],"2048x2048":["https:\/\/imagazine.it\/wp-content\/uploads\/2024\/02\/51881-1.webp",998,614,false],"newsup-slider-full":["https:\/\/imagazine.it\/wp-content\/uploads\/2024\/02\/51881-1.webp",998,614,false],"newsup-featured":["https:\/\/imagazine.it\/wp-content\/uploads\/2024\/02\/51881-1.webp",998,614,false],"newsup-medium":["https:\/\/imagazine.it\/wp-content\/uploads\/2024\/02\/51881-1-720x380.webp",720,380,true],"tptn_thumbnail":["https:\/\/imagazine.it\/wp-content\/uploads\/2024\/02\/51881-1.webp",250,154,false],"sow-carousel-default":["https:\/\/imagazine.it\/wp-content\/uploads\/2024\/02\/51881-1.webp",272,167,false]},"rttpg_author":{"display_name":"redazione","author_link":"https:\/\/imagazine.it\/home_desk\/author\/redazione\/"},"rttpg_comment":0,"rttpg_category":"<a href=\"https:\/\/imagazine.it\/home_desk\/category\/cultura-e-spettacolo\/\" rel=\"category tag\">CULTURA&amp;SPETTACOLO<\/a>","rttpg_excerpt":"Coinvolte oltre 800 persone tra organizzazione e partecipanti. Il prossimo anno l'appuntamento sar\u00e0 internazionale con realt\u00e0 slovene e austriache","_links":{"self":[{"href":"https:\/\/imagazine.it\/home_desk\/wp-json\/wp\/v2\/posts\/48391","targetHints":{"allow":["GET"]}}],"collection":[{"href":"https:\/\/imagazine.it\/home_desk\/wp-json\/wp\/v2\/posts"}],"about":[{"href":"https:\/\/imagazine.it\/home_desk\/wp-json\/wp\/v2\/types\/post"}],"author":[{"embeddable":true,"href":"https:\/\/imagazine.it\/home_desk\/wp-json\/wp\/v2\/users\/28"}],"replies":[{"embeddable":true,"href":"https:\/\/imagazine.it\/home_desk\/wp-json\/wp\/v2\/comments?post=48391"}],"version-history":[{"count":0,"href":"https:\/\/imagazine.it\/home_desk\/wp-json\/wp\/v2\/posts\/48391\/revisions"}],"wp:featuredmedia":[{"embeddable":true,"href":"https:\/\/imagazine.it\/home_desk\/wp-json\/wp\/v2\/media\/48392"}],"wp:attachment":[{"href":"https:\/\/imagazine.it\/home_desk\/wp-json\/wp\/v2\/media?parent=48391"}],"wp:term":[{"taxonomy":"category","embeddable":true,"href":"https:\/\/imagazine.it\/home_desk\/wp-json\/wp\/v2\/categories?post=48391"},{"taxonomy":"post_tag","embeddable":true,"href":"https:\/\/imagazine.it\/home_desk\/wp-json\/wp\/v2\/tags?post=48391"}],"curies":[{"name":"wp","href":"https:\/\/api.w.org\/{rel}","templated":true}]}}