{"id":48383,"date":"2023-02-06T00:00:00","date_gmt":"2023-02-05T23:00:00","guid":{"rendered":"https:\/\/imagazine.it\/energia-rinnovabili-55-milioni-in-arrivo-per-le-pmi\/"},"modified":"2023-02-06T00:00:00","modified_gmt":"2023-02-05T23:00:00","slug":"energia-rinnovabili-55-milioni-in-arrivo-per-le-pmi","status":"publish","type":"post","link":"https:\/\/imagazine.it\/home_desk\/energia-rinnovabili-55-milioni-in-arrivo-per-le-pmi\/","title":{"rendered":"Energia rinnovabili, 55 milioni in arrivo per le Pmi"},"content":{"rendered":"<p> \tUDINE \u2013 Presentato il bando relativo ai <strong>finanziamenti a fondo perduto per l&#8217;utilizzo delle energie rinnovabili nelle imprese<\/strong>.<\/p>\n<p> \tSi tratta di un bando che inaugura la fase di attuazione del Programma regionale Fesr Fvg 2021-2027 e prevede finanziamenti a fondo perduto per l&#8217;utilizzo delle energie rinnovabili nelle piccole e medie imprese (Pmi) regionali; pu\u00f2 contare su una dotazione finanziaria proveniente per 24 milioni da fondi del Programma Fesr, cui si aggiungono 31 milioni di risorse stanziate a valere sul bilancio regionale, per <strong>complessivi 55 milioni di euro<\/strong>. Di questi, 5 milioni sono riservati al finanziamento degli impianti pi\u00f9 piccoli, ovvero di quelli fotovoltaici con potenza nominale inferiore a 12 kWp o impianti di solare termico.<\/p>\n<p> \t&#8220;A questi 55 milioni si aggiungono i 100 milioni di euro a favore degli impianti fotovoltaici per i privati, il cui primo bando dedicato alle case singole verr\u00e0 approvato in settimana dalla Giunta. Si tratta di risorse che si aggiungono alle misure a sostegno della transizione energetica per gli impianti sportivi, per le aree culturali e a favore dei Comuni: interventi che complessivamente, solo negli ultimi mesi, valgono oltre 200milioni di euro e puntano a dotare il Friuli Venezia Giulia di nuove fonti di approvvigionamento energetico e a mettere in sicurezza il nostro sistema produttivo&#8221;, ha dichiarato il governatore della Regione Friuli Venezia Giulia, <strong>Massimiliano Fedriga<\/strong>, intervenuto alla presentazione assieme all&#8217;assessore regionale alle Attivit\u00e0 produttive, <strong>Sergio Emidio Bini<\/strong>.<\/p>\n<p> \t&#8220;Abbiamo realizzato il bando in trenta giorni e lo abbiamo semplificato \u2013 ha specificato Bini \u2013: non \u00e8 necessaria, ad esempio, la presentazione della diagnosi energetica che avrebbe comportato costi importanti per le imprese e un allungamento delle procedure&#8221;.<\/p>\n<p> \tLa domanda potr\u00e0 essere presentata dalle 10 del prossimo 15 febbraio alle 16 del 15 giugno 2023 per via telematica tramite il sistema on line dedicato. Le linee guida a supporto della predisposizione e dell&#8217;invio della documentazione attraverso il sistema on line dedicato saranno pubblicate sul sito <u><a href=\"http:\/\/www.regione.fvg.it\" target=\"_blank\" rel=\"noopener\"><span style=\"color:#0000cd;\">www.regione.fvg.it<\/span><\/a><\/u> nelle sezioni dedicate al bando.<\/p>\n<p> \tLe <strong>domande verranno prese in carico immediatamente<\/strong>, essendo un bando cosiddetto a sportello. Si tratta di una modalit\u00e0 scelta per poter provvedere celermente alle istruttorie: l&#8217;obiettivo, infatti, \u00e8 di concedere i contributi entro 60 giorni dalla presentazione delle domande e chiudere le concessioni entro il mese di settembre.<\/p>\n<p> \tNel dettaglio i beneficiari che potranno accedere ai finanziamenti sono le microimprese, piccole e medie imprese dei settori manifatturiero, del commercio e dei servizi di alloggio e ristorazione, trasporto e magazzinaggio, delle attivit\u00e0 professionali, scientifiche e tecniche, del noleggio, agenzie di viaggio, servizi di supporto alle imprese, delle attivit\u00e0 sportive, di intrattenimento e di divertimento e le altre attivit\u00e0 di servizi definite nel bando, anche in forma di consorzio, societ\u00e0 consortile o rete di impresa con soggettivit\u00e0 giuridica, con attivit\u00e0 primaria o secondaria riferita alla sede legale o unit\u00e0 locale\/sede secondaria in cui viene realizzato l&#8217;intervento, per investimenti che non siano stati avviati prima del 24 novembre 2022.<\/p>\n<p> \tIl <strong>limite minimo di spesa previsto dal bando \u00e8 di 25 mila euro<\/strong>, mentre il <strong>contributo massimo concedibile \u00e8 di 250 mila euro<\/strong>. Alle piccole imprese potr\u00e0 essere riconosciuto il 50% della spesa ammissibile, alle medie imprese il 40%.<\/p>\n<p> \t\u00a0<\/p>\n","protected":false},"excerpt":{"rendered":"<p>Le domande verranno prese in carico immediatamente: contributi concessi entro 60 giorni<\/p>\n","protected":false},"author":28,"featured_media":48384,"comment_status":"closed","ping_status":"closed","sticky":false,"template":"","format":"standard","meta":{"dwc-title":[],"dwc-content":[],"footnotes":""},"categories":[5],"tags":[],"class_list":["post-48383","post","type-post","status-publish","format-standard","has-post-thumbnail","hentry","category-attualita"],"rttpg_featured_image_url":{"full":["https:\/\/imagazine.it\/wp-content\/uploads\/2024\/02\/51874-1.webp",1000,663,false],"landscape":["https:\/\/imagazine.it\/wp-content\/uploads\/2024\/02\/51874-1.webp",1000,663,false],"portraits":["https:\/\/imagazine.it\/wp-content\/uploads\/2024\/02\/51874-1.webp",1000,663,false],"thumbnail":["https:\/\/imagazine.it\/wp-content\/uploads\/2024\/02\/51874-1-150x150.webp",150,150,true],"medium":["https:\/\/imagazine.it\/wp-content\/uploads\/2024\/02\/51874-1-300x199.webp",300,199,true],"large":["https:\/\/imagazine.it\/wp-content\/uploads\/2024\/02\/51874-1.webp",640,424,false],"thumblist":["https:\/\/imagazine.it\/wp-content\/uploads\/2024\/02\/51874-1-300x300.webp",300,300,true],"thumbrelated":["https:\/\/imagazine.it\/wp-content\/uploads\/2024\/02\/51874-1-500x500.webp",500,500,true],"meccarouselthumb":["https:\/\/imagazine.it\/wp-content\/uploads\/2024\/02\/51874-1-474x324.webp",474,324,true],"gridsquare":["https:\/\/imagazine.it\/wp-content\/uploads\/2024\/02\/51874-1-391x260.webp",391,260,true],"tileview":["https:\/\/imagazine.it\/wp-content\/uploads\/2024\/02\/51874-1-300x400.webp",300,400,true],"1536x1536":["https:\/\/imagazine.it\/wp-content\/uploads\/2024\/02\/51874-1.webp",1000,663,false],"2048x2048":["https:\/\/imagazine.it\/wp-content\/uploads\/2024\/02\/51874-1.webp",1000,663,false],"newsup-slider-full":["https:\/\/imagazine.it\/wp-content\/uploads\/2024\/02\/51874-1.webp",1000,663,false],"newsup-featured":["https:\/\/imagazine.it\/wp-content\/uploads\/2024\/02\/51874-1.webp",1000,663,false],"newsup-medium":["https:\/\/imagazine.it\/wp-content\/uploads\/2024\/02\/51874-1-720x380.webp",720,380,true],"tptn_thumbnail":["https:\/\/imagazine.it\/wp-content\/uploads\/2024\/02\/51874-1.webp",250,166,false],"sow-carousel-default":["https:\/\/imagazine.it\/wp-content\/uploads\/2024\/02\/51874-1.webp",272,180,false]},"rttpg_author":{"display_name":"redazione","author_link":"https:\/\/imagazine.it\/home_desk\/author\/redazione\/"},"rttpg_comment":0,"rttpg_category":"<a href=\"https:\/\/imagazine.it\/home_desk\/category\/attualita\/\" rel=\"category tag\">ATTUALIT\u00c0<\/a>","rttpg_excerpt":"Le domande verranno prese in carico immediatamente: contributi concessi entro 60 giorni","_links":{"self":[{"href":"https:\/\/imagazine.it\/home_desk\/wp-json\/wp\/v2\/posts\/48383","targetHints":{"allow":["GET"]}}],"collection":[{"href":"https:\/\/imagazine.it\/home_desk\/wp-json\/wp\/v2\/posts"}],"about":[{"href":"https:\/\/imagazine.it\/home_desk\/wp-json\/wp\/v2\/types\/post"}],"author":[{"embeddable":true,"href":"https:\/\/imagazine.it\/home_desk\/wp-json\/wp\/v2\/users\/28"}],"replies":[{"embeddable":true,"href":"https:\/\/imagazine.it\/home_desk\/wp-json\/wp\/v2\/comments?post=48383"}],"version-history":[{"count":0,"href":"https:\/\/imagazine.it\/home_desk\/wp-json\/wp\/v2\/posts\/48383\/revisions"}],"wp:featuredmedia":[{"embeddable":true,"href":"https:\/\/imagazine.it\/home_desk\/wp-json\/wp\/v2\/media\/48384"}],"wp:attachment":[{"href":"https:\/\/imagazine.it\/home_desk\/wp-json\/wp\/v2\/media?parent=48383"}],"wp:term":[{"taxonomy":"category","embeddable":true,"href":"https:\/\/imagazine.it\/home_desk\/wp-json\/wp\/v2\/categories?post=48383"},{"taxonomy":"post_tag","embeddable":true,"href":"https:\/\/imagazine.it\/home_desk\/wp-json\/wp\/v2\/tags?post=48383"}],"curies":[{"name":"wp","href":"https:\/\/api.w.org\/{rel}","templated":true}]}}