{"id":48371,"date":"2023-02-03T00:00:00","date_gmt":"2023-02-02T23:00:00","guid":{"rendered":"https:\/\/imagazine.it\/fvg-cresce-lexport-del-legno-arredo\/"},"modified":"2023-02-03T00:00:00","modified_gmt":"2023-02-02T23:00:00","slug":"fvg-cresce-lexport-del-legno-arredo","status":"publish","type":"post","link":"https:\/\/imagazine.it\/home_desk\/fvg-cresce-lexport-del-legno-arredo\/","title":{"rendered":"FVG, cresce l&#8217;export del legno-arredo"},"content":{"rendered":"<p> \tNei primi nove mesi dello scorso anno le esportazioni del comparto legno-arredo hanno raggiunto un valore di circa 15,6 miliardi di euro, con una crescita pari al 16%. Il Friuli Venezia Giulia \u00e8 la regione che ha ottenuto la variazione percentuale pi\u00f9 alta, pari al +21,7%, subendo tuttavia un rallentamento nel secondo semestre dello scorso anno. \u00c8 quanto emerge dalla <u><a href=\"https:\/\/www.federlegnoarredo.it\/it\/press\/comunicati\/archivio\/federlegnoarredo-a-luglio-settembre-export-filiera-prosegue-rallentamento\" target=\"_blank\" rel=\"noopener\"><span style=\"color:#0000cd;\">recensione di FederlegnoArredo<\/span><\/a><\/u>, che ha analizzato i dati Istat e offerto una fotografia dello stato di salute di un settore particolarmente votato all\u2019export.<\/p>\n<p> \tLe opinioni riportate nella recensione evidenziano la crescita avvenuta negli ultimi nove mesi, che \u00e8 stata influenzata dai risultati raggiunti dalla Lombardia e dal Friuli-Venezia Giulia: da sole rappresentano circa il 70% delle esportazioni totali del settore. Stabile l\u2019export lombardo, che con un incremento pari al +18,8% conferma le principali destinazioni dei prodotti del territorio. La recensione ribadisce inoltre le opinioni degli esperti sui paesi target dell\u2019export friulano: il Regno Unito (+28,5%) si conferma la principale destinazione delle esportazioni locali, seguito dagli Stati Uniti, verso cui si registra un considerevole aumento delle vendite, pari al 51,4%.<\/p>\n<p> \tLe analisi diffuse da FederlegnoArredo evidenziano inoltre le criticit\u00e0 che le aziende locali dovranno superare per consolidare questo trend di crescita. Infatti, l\u2019aumento del costo delle materie prime potrebbe influenzare i fatturati delle pmi e l\u2019inflazione rendere necessario un adeguamento dei listini, con conseguente diminuzione della crescita e del margine. Uno scenario confermato dalle opinioni degli esperti, che sottolineano l\u2019importanza degli investimenti destinati all\u2019innovazione. Sono un esempio le recensioni di <u><a href=\"https:\/\/www.egointernational.it\/\" target=\"_blank\" rel=\"noopener\"><span style=\"color:#0000cd;\">EGO International<\/span><\/a><\/u>, la nota azienda di consulenza per l\u2019export, che ritiene fondamentale la diffusione delle nuove tecnologie all\u2019interno delle filiere italiane di lavorazione del legno. L\u2019utilizzo di materiali waterproof di ultima generazione e di tecnologie che garantiscano un\u2019ottima affidabilit\u00e0 energetica degli edifici, ribadisce EGOInternational, sono infatti un valido incentivo per promuovere il legno tra i principali materiali di costruzione.<\/p>\n<p> \tTra i settori che maggiormente hanno contribuito allo sviluppo dell\u2019export, la recensione evidenzia il comparto dei mobili: \u00e8 stato registrato un volume di esportazioni pari a 9 miliardi di euro, con un aumento del 16% nel periodo gennaio-settembre. L\u2019importanza dei mobili Made in Italy per lo sviluppo dell\u2019export \u00e8 stata pi\u00f9 volte sottolineata da EGO International, che all\u2019interno del suo blog definisce il settore manifatturiero italiano uno dei principali attori della crescita economica del Paese. La qualit\u00e0 dei mobili italiani, infatti, soddisfa le esigenze dei buyer internazionali, interessati all\u2019acquisto di prodotti di design realizzati con materiali di pregio.<\/p>\n<p> \tL\u2019attuale incremento delle vendite all\u2019estero di mobili dovr\u00e0 superare le incertezze derivanti dal caro energie e dalla diminuzione delle richieste dei buyer russi: sono presenti, infatti, alcuni segni di rallentamento che potrebbero frenare lo sviluppo dell\u2019intera filiera. Le aziende del territorio, ribadisce EGO International, dovranno affrontare le sfide offerte dai mercati esteri adottando delle strategie di internazionalizzazione che permettano alle pmi di affermarsi nei pi\u00f9 importanti paesi oltreconfine. A ci\u00f2 si aggiungono le opportunit\u00e0 del mercato interno, in cui la diffusione delle abitazioni realizzate in legno, come gi\u00e0 avvenuto in Germania e in Austria, potrebbe dare una spinta alla filiera produttiva.<\/p>\n<p> \tSono positive anche le opinioni sull&#8217;andamento delle esportazioni venete, che hanno fatto registrare tuttavia una lieve flessione durante il periodo estivo, passando da un incremento delle vendite pari al 15,5% dei primi tre mesi dell\u2019anno, fino al 12,3% del periodo luglio-settembre. La Germania \u00e8 stata invece la destinazione principale dell\u2019export della Regione, dove la crescita \u00e8 stata pari al 19,1%, mentre il Belgio si \u00e8 confermato tra i partner pi\u00f9 attivi, con un +20,5%.<\/p>\n<p> \tL\u2019analisi di FederlegnoArredo e le opinioni di EGOInternational offrono una fotografia dettagliata dell\u2019attuale andamento dell\u2019export: le imprese locali dovranno ora affrontare le sfide e le nuove opportunit\u00e0 offerte dai mercati internazionali puntando sull\u2019innovazione e sulla qualit\u00e0 dei prodotti esportati.<\/p>\n<p> \t\u00a0<\/p>\n","protected":false},"excerpt":{"rendered":"<p>Nei primi nove mesi dello scorso anno la nostra regione ha ottenuto la variazione pi\u00f9 alta tra quelle italiane con il 21,7%<\/p>\n","protected":false},"author":28,"featured_media":48372,"comment_status":"closed","ping_status":"closed","sticky":false,"template":"","format":"standard","meta":{"dwc-title":[],"dwc-content":[],"footnotes":""},"categories":[5],"tags":[],"class_list":["post-48371","post","type-post","status-publish","format-standard","has-post-thumbnail","hentry","category-attualita"],"rttpg_featured_image_url":{"full":["https:\/\/imagazine.it\/wp-content\/uploads\/2024\/02\/51844-1.webp",1000,666,false],"landscape":["https:\/\/imagazine.it\/wp-content\/uploads\/2024\/02\/51844-1.webp",1000,666,false],"portraits":["https:\/\/imagazine.it\/wp-content\/uploads\/2024\/02\/51844-1.webp",1000,666,false],"thumbnail":["https:\/\/imagazine.it\/wp-content\/uploads\/2024\/02\/51844-1-150x150.webp",150,150,true],"medium":["https:\/\/imagazine.it\/wp-content\/uploads\/2024\/02\/51844-1-300x200.webp",300,200,true],"large":["https:\/\/imagazine.it\/wp-content\/uploads\/2024\/02\/51844-1.webp",640,426,false],"thumblist":["https:\/\/imagazine.it\/wp-content\/uploads\/2024\/02\/51844-1-300x300.webp",300,300,true],"thumbrelated":["https:\/\/imagazine.it\/wp-content\/uploads\/2024\/02\/51844-1-500x500.webp",500,500,true],"meccarouselthumb":["https:\/\/imagazine.it\/wp-content\/uploads\/2024\/02\/51844-1-474x324.webp",474,324,true],"gridsquare":["https:\/\/imagazine.it\/wp-content\/uploads\/2024\/02\/51844-1-391x260.webp",391,260,true],"tileview":["https:\/\/imagazine.it\/wp-content\/uploads\/2024\/02\/51844-1-300x400.webp",300,400,true],"1536x1536":["https:\/\/imagazine.it\/wp-content\/uploads\/2024\/02\/51844-1.webp",1000,666,false],"2048x2048":["https:\/\/imagazine.it\/wp-content\/uploads\/2024\/02\/51844-1.webp",1000,666,false],"newsup-slider-full":["https:\/\/imagazine.it\/wp-content\/uploads\/2024\/02\/51844-1.webp",1000,666,false],"newsup-featured":["https:\/\/imagazine.it\/wp-content\/uploads\/2024\/02\/51844-1.webp",1000,666,false],"newsup-medium":["https:\/\/imagazine.it\/wp-content\/uploads\/2024\/02\/51844-1-720x380.webp",720,380,true],"tptn_thumbnail":["https:\/\/imagazine.it\/wp-content\/uploads\/2024\/02\/51844-1.webp",250,167,false],"sow-carousel-default":["https:\/\/imagazine.it\/wp-content\/uploads\/2024\/02\/51844-1.webp",272,182,false]},"rttpg_author":{"display_name":"redazione","author_link":"https:\/\/imagazine.it\/home_desk\/author\/redazione\/"},"rttpg_comment":0,"rttpg_category":"<a href=\"https:\/\/imagazine.it\/home_desk\/category\/attualita\/\" rel=\"category tag\">ATTUALIT\u00c0<\/a>","rttpg_excerpt":"Nei primi nove mesi dello scorso anno la nostra regione ha ottenuto la variazione pi\u00f9 alta tra quelle italiane con il 21,7%","_links":{"self":[{"href":"https:\/\/imagazine.it\/home_desk\/wp-json\/wp\/v2\/posts\/48371","targetHints":{"allow":["GET"]}}],"collection":[{"href":"https:\/\/imagazine.it\/home_desk\/wp-json\/wp\/v2\/posts"}],"about":[{"href":"https:\/\/imagazine.it\/home_desk\/wp-json\/wp\/v2\/types\/post"}],"author":[{"embeddable":true,"href":"https:\/\/imagazine.it\/home_desk\/wp-json\/wp\/v2\/users\/28"}],"replies":[{"embeddable":true,"href":"https:\/\/imagazine.it\/home_desk\/wp-json\/wp\/v2\/comments?post=48371"}],"version-history":[{"count":0,"href":"https:\/\/imagazine.it\/home_desk\/wp-json\/wp\/v2\/posts\/48371\/revisions"}],"wp:featuredmedia":[{"embeddable":true,"href":"https:\/\/imagazine.it\/home_desk\/wp-json\/wp\/v2\/media\/48372"}],"wp:attachment":[{"href":"https:\/\/imagazine.it\/home_desk\/wp-json\/wp\/v2\/media?parent=48371"}],"wp:term":[{"taxonomy":"category","embeddable":true,"href":"https:\/\/imagazine.it\/home_desk\/wp-json\/wp\/v2\/categories?post=48371"},{"taxonomy":"post_tag","embeddable":true,"href":"https:\/\/imagazine.it\/home_desk\/wp-json\/wp\/v2\/tags?post=48371"}],"curies":[{"name":"wp","href":"https:\/\/api.w.org\/{rel}","templated":true}]}}