{"id":48369,"date":"2023-02-04T00:00:00","date_gmt":"2023-02-03T23:00:00","guid":{"rendered":"https:\/\/imagazine.it\/pieris-lancia-il-cortile-sociale\/"},"modified":"2023-02-04T00:00:00","modified_gmt":"2023-02-03T23:00:00","slug":"pieris-lancia-il-cortile-sociale","status":"publish","type":"post","link":"https:\/\/imagazine.it\/home_desk\/pieris-lancia-il-cortile-sociale\/","title":{"rendered":"Pieris lancia il Cortile Sociale"},"content":{"rendered":"<p> \tSAN CANZIAN D\u2019ISONZO \u2013 Inaugurato a <strong>Pieris<\/strong> il \u201c<strong>Cortile Sociale<\/strong>\u201d, un intervento di Co-Housing (termine che si riferisce a un insieme di abitazioni private corredate da spazi comuni gestiti in modo collettivo), con la costruzione di sette alloggi.<\/p>\n<p> \tNell&#8217;ampio cortile interno, verr\u00e0 prossimamente realizzata una nuova struttura che, in collaborazione con l&#8217;Universit\u00e0 di Trieste, ospiter\u00e0 una serie di servizi &#8211; dall&#8217;ambulatorio di comunit\u00e0 a quello psicologico per citarne alcuni &#8211; destinati proprio agli ospiti del Condominio Sociale.<\/p>\n<p> \tAl taglio del nastro erano presenti il sindaco <strong>Claudio Fratta<\/strong>, l&#8217;assessore regionale al patrimonio <strong>Sebastiano Callari<\/strong>, l&#8217;ex assessore comunale <strong>Deborah Marizza<\/strong> e il parrco <strong>don Francesco Fragiacomo<\/strong> che ha benedetto la nuova struttura.<\/p>\n<p> \tPer questa realizzazione hanno collaborato l&#8217;ingegnere <strong>Federico Franz<\/strong>, responsabile dell\u2019Area Tecnica e Progettista &#8211; direttore dei lavori strutturali e coordinatore per la sicurezza in fase di esecuzione; il p.i. <strong>Paolo Pizzignacco<\/strong>, progettista e direttore dei lavori; l\u2019architetto <strong>Marzia Decorte<\/strong>, direttore del lavori strutturali e coordinatore per la sicurezza in fase di esecuzione; l\u2019architetto <strong>Valentina Pizzin<\/strong>, aiuto RUP; il geometra <strong>Paolo Paviot<\/strong>, responsabile unico del procedimento; l\u2019ingegner <strong>Francesco Burba<\/strong>, progettista strutture e acustica; il p.i. <strong>Enrico Comar<\/strong>, progettista impianti e isolamenti termici; il geologo <strong>Paolo Giovagnoli<\/strong>, redattore della relazione geologica; l\u2019architetto <strong>Mattia Quattrocchi<\/strong>, redattore dei rendering e l\u2019ingegner <strong>Giovanni Gregorat<\/strong>, collaudatore strutturale.<\/p>\n<p> \tLa realizzazione \u00e8 stata effettuata dall\u2019impresa Benussi &#038; Tomasetti S.r.l., il costo complessivo del progetto \u00e8 stato di <strong>1.200.000 euro<\/strong> (di cui 850.000 euro a carico di un contributo regionale e 300.000 grazie a fondi propri, avanzo di amministrazione), con 50.000 euro destinati per l&#8217;arredamento degli alloggi.<\/p>\n<p> \tIl percorso di questa realizzazione \u00e8 iniziato con l&#8217;abbattimento della vecchia scuola elementare in via Verzegnassi: sono stati tagliati degli alberi ed \u00e8 stato messo in sicurezza l&#8217;edificio. Nulla \u00e8 stato gettato in discarica ma tutti i materiali sono stati macinati sul posto per poi usarli nello stesso cantiere di costruzione dei nuovi edifici. Dopo la demolizione sono iniziati i veri e propri lavori di edificazione, sono stati ottenuti due gruppi di alloggi con destinazione esclusivamente residenziale, uniti da uno spazio coperto aggregativo, con il tetto a falda.<\/p>\n<p> \tI materiali delle superfici delle pareti verticali vogliono ricordare la schiettezza e la povert\u00e0 dell\u2019insediamento rurale pi\u00f9 caratteristico dell\u2019abitato di Pieris: i cosiddetti \u201ccortili\u201d rappresentano anche un riferimento per la progettazione degli spazi comuni, nella ricerca di una socialit\u00e0 condivisa e spontanea che rappresenta un riferimento importante da riproporre agli anziani ultra ottantenni a cui \u00e8 rivolta la struttura.<\/p>\n<p> \tLa volumetria complessiva della nuova struttura \u00e8 di circa 1.575 metri cubi, distribuita esclusivamente al piano terra per minimizzare le problematiche relative all\u2019accessibilit\u00e0.<\/p>\n<p> \tI nuovi corpi di fabbrica sono leggermente sopraelevati rispetto al terreno naturale e rispetto alla viabilit\u00e0, condizione che permette di utilizzare anche, come rilevato, tutti i materiali provenienti dalla demolizione.<\/p>\n<p> \tLa nuova struttura si trova a essere collocata nel centro abitato, molto vicina al centro del paese in cui sono presenti gli uffici pubblici e le strutture commerciali.<\/p>\n<p> \tL\u2019area \u00e8 facilmente raggiungibile perch\u00e9 servita da una serie di strade comunali che circondano il lotto su due lati, dotate di marciapiede e illuminazione pubblica.<\/p>\n<p> \tNon c\u2019\u00e8 alcun nuovo impatto ambientale in quanto l\u2019intervento corrisponde all\u2019ambiente gi\u00e0 esistente.<\/p>\n<p> \t\u00a0<\/p>\n","protected":false},"excerpt":{"rendered":"<p>Inaugurati i sette alloggi nell&#8217;ambito del progetto di Co-Housing per una nuova concezione di condivisione degli spazi abitativi<\/p>\n","protected":false},"author":22,"featured_media":48370,"comment_status":"closed","ping_status":"closed","sticky":false,"template":"","format":"standard","meta":{"dwc-title":[],"dwc-content":[],"footnotes":""},"categories":[5],"tags":[],"class_list":["post-48369","post","type-post","status-publish","format-standard","has-post-thumbnail","hentry","category-attualita"],"rttpg_featured_image_url":{"full":["https:\/\/imagazine.it\/wp-content\/uploads\/2024\/02\/51845-1.webp",1599,1200,false],"landscape":["https:\/\/imagazine.it\/wp-content\/uploads\/2024\/02\/51845-1.webp",1599,1200,false],"portraits":["https:\/\/imagazine.it\/wp-content\/uploads\/2024\/02\/51845-1.webp",1599,1200,false],"thumbnail":["https:\/\/imagazine.it\/wp-content\/uploads\/2024\/02\/51845-1-150x150.webp",150,150,true],"medium":["https:\/\/imagazine.it\/wp-content\/uploads\/2024\/02\/51845-1-300x225.webp",300,225,true],"large":["https:\/\/imagazine.it\/wp-content\/uploads\/2024\/02\/51845-1-1024x768.webp",640,480,true],"thumblist":["https:\/\/imagazine.it\/wp-content\/uploads\/2024\/02\/51845-1-300x300.webp",300,300,true],"thumbrelated":["https:\/\/imagazine.it\/wp-content\/uploads\/2024\/02\/51845-1-500x500.webp",500,500,true],"meccarouselthumb":["https:\/\/imagazine.it\/wp-content\/uploads\/2024\/02\/51845-1-474x324.webp",474,324,true],"gridsquare":["https:\/\/imagazine.it\/wp-content\/uploads\/2024\/02\/51845-1-391x260.webp",391,260,true],"tileview":["https:\/\/imagazine.it\/wp-content\/uploads\/2024\/02\/51845-1-300x400.webp",300,400,true],"1536x1536":["https:\/\/imagazine.it\/wp-content\/uploads\/2024\/02\/51845-1-1536x1153.webp",1536,1153,true],"2048x2048":["https:\/\/imagazine.it\/wp-content\/uploads\/2024\/02\/51845-1.webp",1599,1200,false],"newsup-slider-full":["https:\/\/imagazine.it\/wp-content\/uploads\/2024\/02\/51845-1-1280x720.webp",1280,720,true],"newsup-featured":["https:\/\/imagazine.it\/wp-content\/uploads\/2024\/02\/51845-1-1024x768.webp",1024,768,true],"newsup-medium":["https:\/\/imagazine.it\/wp-content\/uploads\/2024\/02\/51845-1-720x380.webp",720,380,true],"tptn_thumbnail":["https:\/\/imagazine.it\/wp-content\/uploads\/2024\/02\/51845-1.webp",250,188,false],"sow-carousel-default":["https:\/\/imagazine.it\/wp-content\/uploads\/2024\/02\/51845-1.webp",243,182,false]},"rttpg_author":{"display_name":"Livio Nonis","author_link":"https:\/\/imagazine.it\/home_desk\/author\/nonis\/"},"rttpg_comment":0,"rttpg_category":"<a href=\"https:\/\/imagazine.it\/home_desk\/category\/attualita\/\" rel=\"category tag\">ATTUALIT\u00c0<\/a>","rttpg_excerpt":"Inaugurati i sette alloggi nell'ambito del progetto di Co-Housing per una nuova concezione di condivisione degli spazi abitativi","_links":{"self":[{"href":"https:\/\/imagazine.it\/home_desk\/wp-json\/wp\/v2\/posts\/48369","targetHints":{"allow":["GET"]}}],"collection":[{"href":"https:\/\/imagazine.it\/home_desk\/wp-json\/wp\/v2\/posts"}],"about":[{"href":"https:\/\/imagazine.it\/home_desk\/wp-json\/wp\/v2\/types\/post"}],"author":[{"embeddable":true,"href":"https:\/\/imagazine.it\/home_desk\/wp-json\/wp\/v2\/users\/22"}],"replies":[{"embeddable":true,"href":"https:\/\/imagazine.it\/home_desk\/wp-json\/wp\/v2\/comments?post=48369"}],"version-history":[{"count":0,"href":"https:\/\/imagazine.it\/home_desk\/wp-json\/wp\/v2\/posts\/48369\/revisions"}],"wp:featuredmedia":[{"embeddable":true,"href":"https:\/\/imagazine.it\/home_desk\/wp-json\/wp\/v2\/media\/48370"}],"wp:attachment":[{"href":"https:\/\/imagazine.it\/home_desk\/wp-json\/wp\/v2\/media?parent=48369"}],"wp:term":[{"taxonomy":"category","embeddable":true,"href":"https:\/\/imagazine.it\/home_desk\/wp-json\/wp\/v2\/categories?post=48369"},{"taxonomy":"post_tag","embeddable":true,"href":"https:\/\/imagazine.it\/home_desk\/wp-json\/wp\/v2\/tags?post=48369"}],"curies":[{"name":"wp","href":"https:\/\/api.w.org\/{rel}","templated":true}]}}