{"id":48327,"date":"2023-01-31T00:00:00","date_gmt":"2023-01-30T23:00:00","guid":{"rendered":"https:\/\/imagazine.it\/laboratori-di-bellezza-per-donne-in-trattamento-oncologico\/"},"modified":"2023-01-31T00:00:00","modified_gmt":"2023-01-30T23:00:00","slug":"laboratori-di-bellezza-per-donne-in-trattamento-oncologico","status":"publish","type":"post","link":"https:\/\/imagazine.it\/home_desk\/laboratori-di-bellezza-per-donne-in-trattamento-oncologico\/","title":{"rendered":"Laboratori di bellezza per donne in trattamento oncologico"},"content":{"rendered":"<p> \tGORIZIA \u2013 Riavviati ieri in presenza, presso l\u2019<strong>Ospedale<\/strong> <strong>San Giovanni di Dio a Gorizia<\/strong>, con la collaborazione di <strong>Spiraglio Onlus<\/strong>, i laboratori di bellezza gratuiti de <strong>La forza e il sorriso Onlus<\/strong>, a favore delle donne colpite da tumore.<\/p>\n<p> \tAnche a <strong>Trieste<\/strong>, presso l\u2019<strong>Ospedale<\/strong> <strong>Maggiore<\/strong>, in calendario nuovi appuntamenti a partire da febbraio.<\/p>\n<p> \t\u00abSiamo orgogliosi di poter ospitare i laboratori di bellezza dell\u2019Associazione \u201cLa Forza e Il Sorriso ONLUS\u2019\u2019 \u2013 dichiara <strong>Antonio Poggiana<\/strong>, direttore generale dell\u2019Azienda Sanitaria Universitaria Giuliano Isontina \u2013 dedicato a tutte le donne che stanno lottando contro un nemico comune. Spero che questo servizio possa offrire un momento di serenit\u00e0 e supporto. La nostra Azienda \u00e8 sempre pronta a promuovere iniziative volte a sostenere il benessere psico-fisico della persona\u00bb.<\/p>\n<p> \t\u00abSono lieta di apprendere la ripartenza a Gorizia dei laboratori di bellezza della nostra associazione \u2013 commenta <strong>Anna Segatti<\/strong>, presidente de La forza e il sorriso Onlus \u2013 indice del graduale, e tanto atteso, ritorno alla normalit\u00e0. I nostri calendari sono infatti sempre pi\u00f9 popolati di nuovi appuntamenti, sia in presenza sia online, cos\u00ec da raggiungere anche persone fisicamente lontane dalle sedi ospitanti. L\u2019iscrizione ai laboratori di bellezza \u00e8 aperta a tutte le donne in trattamento oncologico. La forza e il sorriso Onlus collabora con l\u2019Ospedale di Gorizia dl 2017 e, nel corso di questi 6 anni, si sono svolti pi\u00f9 di 20 laboratori di bellezza in presenza, coinvolgendo circa 100 partecipanti. A Trieste siamo presenti dal 2014 e contiamo 57 appuntamenti <em>beauty<\/em>, cui hanno partecipato oltre 260 donne. Non vediamo l\u2019ora, dunque, di portare avanti anche qui, anche a Gorizia, la mission della nostra Onlus: raggiungere un numero sempre maggiore di donne in trattamento oncologico, per donare loro momenti di spensieratezza, di gioia, di benessere; attraverso il prezioso aiuto delle nostre <em>beauty coach<\/em>, le donne mettono in pratica tutti gli accorgimenti per una corretta detersione del viso e un impeccabile <em>make-up<\/em>; e, a fine seduta, quando si specchiano, ammirano un riflesso di s\u00e9 con occhi e prospettive nuovi. Questa \u00e8 la nostra pi\u00f9 grande soddisfazione. Ringrazio tutti quanti, dal personale volontario civile a quello sanitario, per la fiducia che costantemente ci dimostrano\u00bb.<\/p>\n<p> \tL\u2019iniziativa, che non interferisce con le cure mediche n\u00e9 intende in alcun modo sostituirsi a <span role=\"presentation\">esse, si traduce<\/span> <span role=\"presentation\">nella realizzazione di<\/span> <span role=\"presentation\">laborator<\/span><span role=\"presentation\">i<\/span> <span role=\"presentation\">di bellezza gratuiti<\/span> <span role=\"presentation\">per<\/span> <span role=\"presentation\">aiut<\/span><span role=\"presentation\">ar<\/span><span role=\"presentation\">e<\/span> <span role=\"presentation\">le donne <\/span><span role=\"presentation\">p<\/span><span role=\"presentation\">artecipanti<\/span> <span role=\"presentation\">a<\/span> <span role=\"presentation\">riconquistare<\/span> <span role=\"presentation\">senso<\/span> <span role=\"presentation\">di<\/span> <span role=\"presentation\">benessere<\/span> <span role=\"presentation\">e<\/span> <span role=\"presentation\">autostima<\/span><span role=\"presentation\">,<\/span> <span role=\"presentation\">senza<\/span> <span role=\"presentation\">rinunciare<\/span> <span role=\"presentation\">alla <\/span><span role=\"presentation\">propria femminilit\u00e0.<\/span><\/p>\n<p> \t<span role=\"presentation\">I laboratori<\/span><span role=\"presentation\">,<\/span> <span role=\"presentation\">nella loro versione classica<\/span><span role=\"presentation\">,<\/span> <span role=\"presentation\">prevedono un gruppo di 4<\/span><span role=\"presentation\">&#8211;<\/span><span role=\"presentation\">6 don<\/span><span role=\"presentation\">ne, che si riunisce per <\/span><span role=\"presentation\">circa<\/span> <span role=\"presentation\">due<\/span> <span role=\"presentation\">o<\/span><span role=\"presentation\">re<\/span> <span role=\"presentation\">insieme<\/span> <span role=\"presentation\">a<\/span> <span role=\"presentation\">un<\/span> <em><span role=\"presentation\">beauty<\/span> <span role=\"presentation\">coach<\/span><\/em> <span role=\"presentation\">pe<\/span><span role=\"presentation\">r<\/span> <span role=\"presentation\">imparare<\/span> <span role=\"presentation\">u<\/span><span role=\"presentation\">tili<\/span> <span role=\"presentation\">accorgimenti<\/span> <span role=\"presentation\">e<\/span> <span role=\"presentation\">consigli <\/span><span role=\"presentation\">pratici<\/span><span role=\"presentation\">, al fine di<\/span> <span role=\"presentation\">mascherare gli effetti secondari delle terapie oncologiche<\/span><span role=\"presentation\">, tramite la <\/span><span role=\"presentation\">cura della pelle e l\u2019applicazione del make<\/span><span role=\"presentation\">&#8211;<\/span><span role=\"presentation\">up.<\/span> <span role=\"presentation\">Il tutto co<\/span><span role=\"presentation\">n il<\/span> <span role=\"presentation\">supporto di uno psicoterapeu<\/span><span role=\"presentation\">t<\/span><span role=\"presentation\">a<\/span><span role=\"presentation\">, <\/span><span role=\"presentation\">che segue l\u2019incontro e sost<\/span><span role=\"presentation\">ie<\/span><span role=\"presentation\">n<\/span><span role=\"presentation\">e le partec<\/span><span role=\"presentation\">ipanti in caso di necessit\u00e0. <\/span><\/p>\n<p> \t<br role=\"presentation\" \/> \t<span role=\"presentation\">Il<\/span> <span role=\"presentation\">format online<\/span> <span role=\"presentation\">ricalca in toto quello in presenza, ma consente alle partecipanti di<\/span> <span role=\"presentation\">collegarsi <\/span><span role=\"presentation\">al<\/span> <span role=\"presentation\">laboratorio<\/span> <span role=\"presentation\">direttamente<\/span> <span role=\"presentation\">da<\/span> <span role=\"presentation\">casa,<\/span> <span role=\"presentation\">in<\/span> <span role=\"presentation\">videoconfer<\/span><span role=\"presentation\">enza<\/span><span role=\"presentation\">.<\/span> <span role=\"presentation\">Proprio<\/span> <span role=\"presentation\">grazie<\/span> <span role=\"presentation\">a<\/span>\u00a0 <span role=\"presentation\">questa <\/span><span role=\"presentation\">mod<\/span><span role=\"presentation\">a<\/span><span role=\"presentation\">l<\/span><span role=\"presentation\">it\u00e0,<\/span> <span role=\"presentation\">l\u2019attivit\u00e0<\/span> <span role=\"presentation\">de La forza e<\/span> <span role=\"presentation\">i<\/span><span role=\"presentation\">l<\/span> <span role=\"presentation\">sorriso On<\/span><span role=\"presentation\">lus ha potuto<\/span> <span role=\"presentation\">proseguire in sicurezza<\/span> <span role=\"presentation\">anche <\/span><span role=\"presentation\">nell\u2019ambito delle misure di contenimento della pandemia.<\/span><\/p>\n<p> \t<span role=\"presentation\">Durante il laboratorio, un<\/span> <em><span role=\"presentation\">kit<\/span><\/em> ricco di prodotti per il <em>make<\/em><em><span role=\"presentation\">&#8211;<\/span><span role=\"presentation\">up<\/span><\/em> e la cura de<span role=\"presentation\">lla pelle viene <\/span><span role=\"presentation\">donato a ogni don<\/span><span role=\"presentation\">n<\/span><span role=\"presentation\">a<\/span> <span role=\"presentation\">presente<\/span><span role=\"presentation\">. La <em>beauty bag<\/em> offe<\/span><span role=\"presentation\">rt<\/span><span role=\"presentation\">a<\/span> <span role=\"presentation\">servir\u00e0 pe<\/span><span role=\"presentation\">r esercitarsi e mettere in <\/span><span role=\"presentation\">pratica in autonomia i consigli appresi dai consulenti di bellezza. <\/span><\/p>\n<p> \t<span id=\"page34R_mcid10\"><span role=\"presentation\">La forza e il sorriso Onlus \u00e8<\/span> <span role=\"presentation\">patrocinata da Cosmetica Italia<\/span> <span role=\"presentation\">&#8211;<\/span> <span role=\"presentation\">associazione nazi<\/span><span role=\"presentation\">onale <\/span><\/span><span role=\"presentation\">delle imprese cosmetiche<\/span><span role=\"presentation\">.<\/span><\/p>\n<p> \t\u00a0<\/p>\n","protected":false},"excerpt":{"rendered":"<p>A Gorizia ripartiti in presenza gli appuntamenti gratuiti per aiutare a riconquistare senso di benessere e autostima. Da febbraio anche a Trieste<\/p>\n","protected":false},"author":28,"featured_media":48328,"comment_status":"closed","ping_status":"closed","sticky":false,"template":"","format":"standard","meta":{"dwc-title":[],"dwc-content":[],"footnotes":""},"categories":[5],"tags":[],"class_list":["post-48327","post","type-post","status-publish","format-standard","has-post-thumbnail","hentry","category-attualita"],"rttpg_featured_image_url":{"full":["https:\/\/imagazine.it\/wp-content\/uploads\/2024\/02\/51789-1.webp",1000,758,false],"landscape":["https:\/\/imagazine.it\/wp-content\/uploads\/2024\/02\/51789-1.webp",1000,758,false],"portraits":["https:\/\/imagazine.it\/wp-content\/uploads\/2024\/02\/51789-1.webp",1000,758,false],"thumbnail":["https:\/\/imagazine.it\/wp-content\/uploads\/2024\/02\/51789-1-150x150.webp",150,150,true],"medium":["https:\/\/imagazine.it\/wp-content\/uploads\/2024\/02\/51789-1-300x227.webp",300,227,true],"large":["https:\/\/imagazine.it\/wp-content\/uploads\/2024\/02\/51789-1.webp",640,485,false],"thumblist":["https:\/\/imagazine.it\/wp-content\/uploads\/2024\/02\/51789-1-300x300.webp",300,300,true],"thumbrelated":["https:\/\/imagazine.it\/wp-content\/uploads\/2024\/02\/51789-1-500x500.webp",500,500,true],"meccarouselthumb":["https:\/\/imagazine.it\/wp-content\/uploads\/2024\/02\/51789-1-474x324.webp",474,324,true],"gridsquare":["https:\/\/imagazine.it\/wp-content\/uploads\/2024\/02\/51789-1-391x260.webp",391,260,true],"tileview":["https:\/\/imagazine.it\/wp-content\/uploads\/2024\/02\/51789-1-300x400.webp",300,400,true],"1536x1536":["https:\/\/imagazine.it\/wp-content\/uploads\/2024\/02\/51789-1.webp",1000,758,false],"2048x2048":["https:\/\/imagazine.it\/wp-content\/uploads\/2024\/02\/51789-1.webp",1000,758,false],"newsup-slider-full":["https:\/\/imagazine.it\/wp-content\/uploads\/2024\/02\/51789-1-1000x720.webp",1000,720,true],"newsup-featured":["https:\/\/imagazine.it\/wp-content\/uploads\/2024\/02\/51789-1.webp",1000,758,false],"newsup-medium":["https:\/\/imagazine.it\/wp-content\/uploads\/2024\/02\/51789-1-720x380.webp",720,380,true],"tptn_thumbnail":["https:\/\/imagazine.it\/wp-content\/uploads\/2024\/02\/51789-1.webp",250,190,false],"sow-carousel-default":["https:\/\/imagazine.it\/wp-content\/uploads\/2024\/02\/51789-1.webp",240,182,false]},"rttpg_author":{"display_name":"redazione","author_link":"https:\/\/imagazine.it\/home_desk\/author\/redazione\/"},"rttpg_comment":0,"rttpg_category":"<a href=\"https:\/\/imagazine.it\/home_desk\/category\/attualita\/\" rel=\"category tag\">ATTUALIT\u00c0<\/a>","rttpg_excerpt":"A Gorizia ripartiti in presenza gli appuntamenti gratuiti per aiutare a riconquistare senso di benessere e autostima. Da febbraio anche a Trieste","_links":{"self":[{"href":"https:\/\/imagazine.it\/home_desk\/wp-json\/wp\/v2\/posts\/48327","targetHints":{"allow":["GET"]}}],"collection":[{"href":"https:\/\/imagazine.it\/home_desk\/wp-json\/wp\/v2\/posts"}],"about":[{"href":"https:\/\/imagazine.it\/home_desk\/wp-json\/wp\/v2\/types\/post"}],"author":[{"embeddable":true,"href":"https:\/\/imagazine.it\/home_desk\/wp-json\/wp\/v2\/users\/28"}],"replies":[{"embeddable":true,"href":"https:\/\/imagazine.it\/home_desk\/wp-json\/wp\/v2\/comments?post=48327"}],"version-history":[{"count":0,"href":"https:\/\/imagazine.it\/home_desk\/wp-json\/wp\/v2\/posts\/48327\/revisions"}],"wp:featuredmedia":[{"embeddable":true,"href":"https:\/\/imagazine.it\/home_desk\/wp-json\/wp\/v2\/media\/48328"}],"wp:attachment":[{"href":"https:\/\/imagazine.it\/home_desk\/wp-json\/wp\/v2\/media?parent=48327"}],"wp:term":[{"taxonomy":"category","embeddable":true,"href":"https:\/\/imagazine.it\/home_desk\/wp-json\/wp\/v2\/categories?post=48327"},{"taxonomy":"post_tag","embeddable":true,"href":"https:\/\/imagazine.it\/home_desk\/wp-json\/wp\/v2\/tags?post=48327"}],"curies":[{"name":"wp","href":"https:\/\/api.w.org\/{rel}","templated":true}]}}