{"id":48281,"date":"2023-01-25T00:00:00","date_gmt":"2023-01-24T23:00:00","guid":{"rendered":"https:\/\/imagazine.it\/prediabete-da-trieste-nuovi-scenari-nella-predizione-del-rischio\/"},"modified":"2023-01-25T00:00:00","modified_gmt":"2023-01-24T23:00:00","slug":"prediabete-da-trieste-nuovi-scenari-nella-predizione-del-rischio","status":"publish","type":"post","link":"https:\/\/imagazine.it\/home_desk\/prediabete-da-trieste-nuovi-scenari-nella-predizione-del-rischio\/","title":{"rendered":"Prediabete, da Trieste nuovi scenari nella predizione del rischio"},"content":{"rendered":"<p> \tTRIESTE \u2013 La predizione del <strong>rischio della condizione di prediabete<\/strong> \u00e8 l\u2019obiettivo di un progetto finanziato dall\u2019Unione europea, di cui la <strong>Fondazione Italiana Fegato Onlus<\/strong> \u00e8 uno dei principali partner.<\/p>\n<p> \tUn progetto dal valore complessivo di quasi <strong>6 milioni e mezzo di euro<\/strong> (oltre 600 mila destinati alla FIF), di durata triennale e avviato a inizio gennaio, che vede la partecipazione di <strong>10 istituzioni europee<\/strong>.<\/p>\n<p> \t\u201cIl prediabete \u2013 spiega il direttore scientifico della Fondazione Italiana Fegato, <strong>Claudio Tiribelli<\/strong> \u2013 \u00e8 una condizione silente, cio\u00e8 il paziente pu\u00f2 non essere consapevole di esserne affetto perch\u00e9 non manifesta sintomi. Ma la buona notizia \u00e8 che la sua tempestiva diagnosi pu\u00f2 portare alla reversione della stessa senza portare alla sua manifestazione pi\u00f9 complessa, il diabete di tipo 2\u201d.<\/p>\n<p> \t\u201cL\u2019obiettivo del progetto multidisciplinare \u2013 continua Tiribelli \u2013 \u00e8 quello di sviluppare sistemi basati su algoritmi di approfondimento automatico (<em>machine learning<\/em>) per la predizione del rischio della condizione di prediabete\u201d.<\/p>\n<p> \tLa Fondazione Italiana Fegato \u00e8 coinvolta insieme ad altri due partner clinici europei (Divisione di Endocrinologia e Diabetologia della Universit\u00e0 di Medicina di Graz e il Laboratorio di Medicina Personalizzata dell\u2019Universit\u00e0 della Lettonia) nella fornitura di parametri clinici e biochimici da soggetti con malattia metabolica epatica (fegato grasso, steatoepatite, etc) e condizioni diabetiche per il <em>training<\/em> degli algoritmi predittivi.<\/p>\n<p> \tInoltre la FIF contribuir\u00e0 con l\u2019individuazione e validazione di nuovi biomarcatori plasmatici per un futuro miglioramento degli algoritmi di <em>machine learning<\/em>.<\/p>\n<p> \t\u00a0<\/p>\n","protected":false},"excerpt":{"rendered":"<p>Il paziente non \u00e8 consapevole di esserne affetto perch\u00e9 non manifesta sintomi. Ma la diagnosi tempestiva pu\u00f2 portare alla reversione della patologia, evitando complicazioni<\/p>\n","protected":false},"author":28,"featured_media":48282,"comment_status":"closed","ping_status":"closed","sticky":false,"template":"","format":"standard","meta":{"dwc-title":[],"dwc-content":[],"footnotes":""},"categories":[5],"tags":[],"class_list":["post-48281","post","type-post","status-publish","format-standard","has-post-thumbnail","hentry","category-attualita"],"rttpg_featured_image_url":{"full":["https:\/\/imagazine.it\/wp-content\/uploads\/2024\/02\/51731-1.webp",1000,667,false],"landscape":["https:\/\/imagazine.it\/wp-content\/uploads\/2024\/02\/51731-1.webp",1000,667,false],"portraits":["https:\/\/imagazine.it\/wp-content\/uploads\/2024\/02\/51731-1.webp",1000,667,false],"thumbnail":["https:\/\/imagazine.it\/wp-content\/uploads\/2024\/02\/51731-1-150x150.webp",150,150,true],"medium":["https:\/\/imagazine.it\/wp-content\/uploads\/2024\/02\/51731-1-300x200.webp",300,200,true],"large":["https:\/\/imagazine.it\/wp-content\/uploads\/2024\/02\/51731-1.webp",640,427,false],"thumblist":["https:\/\/imagazine.it\/wp-content\/uploads\/2024\/02\/51731-1-300x300.webp",300,300,true],"thumbrelated":["https:\/\/imagazine.it\/wp-content\/uploads\/2024\/02\/51731-1-500x500.webp",500,500,true],"meccarouselthumb":["https:\/\/imagazine.it\/wp-content\/uploads\/2024\/02\/51731-1-474x324.webp",474,324,true],"gridsquare":["https:\/\/imagazine.it\/wp-content\/uploads\/2024\/02\/51731-1-391x260.webp",391,260,true],"tileview":["https:\/\/imagazine.it\/wp-content\/uploads\/2024\/02\/51731-1-300x400.webp",300,400,true],"1536x1536":["https:\/\/imagazine.it\/wp-content\/uploads\/2024\/02\/51731-1.webp",1000,667,false],"2048x2048":["https:\/\/imagazine.it\/wp-content\/uploads\/2024\/02\/51731-1.webp",1000,667,false],"newsup-slider-full":["https:\/\/imagazine.it\/wp-content\/uploads\/2024\/02\/51731-1.webp",1000,667,false],"newsup-featured":["https:\/\/imagazine.it\/wp-content\/uploads\/2024\/02\/51731-1.webp",1000,667,false],"newsup-medium":["https:\/\/imagazine.it\/wp-content\/uploads\/2024\/02\/51731-1-720x380.webp",720,380,true],"tptn_thumbnail":["https:\/\/imagazine.it\/wp-content\/uploads\/2024\/02\/51731-1.webp",250,167,false],"sow-carousel-default":["https:\/\/imagazine.it\/wp-content\/uploads\/2024\/02\/51731-1.webp",272,182,false]},"rttpg_author":{"display_name":"redazione","author_link":"https:\/\/imagazine.it\/home_desk\/author\/redazione\/"},"rttpg_comment":0,"rttpg_category":"<a href=\"https:\/\/imagazine.it\/home_desk\/category\/attualita\/\" rel=\"category tag\">ATTUALIT\u00c0<\/a>","rttpg_excerpt":"Il paziente non \u00e8 consapevole di esserne affetto perch\u00e9 non manifesta sintomi. Ma la diagnosi tempestiva pu\u00f2 portare alla reversione della patologia, evitando complicazioni","_links":{"self":[{"href":"https:\/\/imagazine.it\/home_desk\/wp-json\/wp\/v2\/posts\/48281","targetHints":{"allow":["GET"]}}],"collection":[{"href":"https:\/\/imagazine.it\/home_desk\/wp-json\/wp\/v2\/posts"}],"about":[{"href":"https:\/\/imagazine.it\/home_desk\/wp-json\/wp\/v2\/types\/post"}],"author":[{"embeddable":true,"href":"https:\/\/imagazine.it\/home_desk\/wp-json\/wp\/v2\/users\/28"}],"replies":[{"embeddable":true,"href":"https:\/\/imagazine.it\/home_desk\/wp-json\/wp\/v2\/comments?post=48281"}],"version-history":[{"count":0,"href":"https:\/\/imagazine.it\/home_desk\/wp-json\/wp\/v2\/posts\/48281\/revisions"}],"wp:featuredmedia":[{"embeddable":true,"href":"https:\/\/imagazine.it\/home_desk\/wp-json\/wp\/v2\/media\/48282"}],"wp:attachment":[{"href":"https:\/\/imagazine.it\/home_desk\/wp-json\/wp\/v2\/media?parent=48281"}],"wp:term":[{"taxonomy":"category","embeddable":true,"href":"https:\/\/imagazine.it\/home_desk\/wp-json\/wp\/v2\/categories?post=48281"},{"taxonomy":"post_tag","embeddable":true,"href":"https:\/\/imagazine.it\/home_desk\/wp-json\/wp\/v2\/tags?post=48281"}],"curies":[{"name":"wp","href":"https:\/\/api.w.org\/{rel}","templated":true}]}}