{"id":48215,"date":"2023-01-17T00:00:00","date_gmt":"2023-01-16T23:00:00","guid":{"rendered":"https:\/\/imagazine.it\/un-villaggio-educante-contro-la-poverta-educativa\/"},"modified":"2023-01-17T00:00:00","modified_gmt":"2023-01-16T23:00:00","slug":"un-villaggio-educante-contro-la-poverta-educativa","status":"publish","type":"post","link":"https:\/\/imagazine.it\/home_desk\/un-villaggio-educante-contro-la-poverta-educativa\/","title":{"rendered":"Un Villaggio Educante contro la povert\u00e0 educativa"},"content":{"rendered":"<p> \tUDINE \u2013 Combattere la povert\u00e0 educativa, una vera e propria emergenza sociale, peggiorata ulteriormente a causa della pandemia: \u00e8 l\u2019obiettivo di <strong>Villaggio Educante<\/strong>, il progetto di <strong>Fism Udine<\/strong> (Associazione delle scuole autonome dell\u2019infanzia) partito a settembre, che durer\u00e0 fino alla fine del 2025.<\/p>\n<p> \tTre anni di attivit\u00e0 per 17 comuni sul territorio regionale, 1.200 bambini coinvolti, 100 insegnanti ed educatori e oltre 50 operatori del settore: Villaggio Educante mette al centro le comunit\u00e0 e i territori per migliorare educazione, formazione, vita famigliare e sociale, grazie al\u00a0<strong>finanziamento di 850.000 euro<\/strong>.<\/p>\n<p> \tFism Udine, infatti, l&#8217;associazione che raggruppa 70 scuole dell&#8217;infanzia non statali e paritarie, si \u00e8 aggiudicata il\u00a0<strong>bando\u00a0<em>\u201cComincio da zero\u201d<\/em><\/strong>\u00a0della\u00a0<strong>Fondazione \u201cCon il sud\u201d\u00a0<\/strong>che nel 2016 ha costituito l\u2019impresa sociale \u201cCon i Bambini\u201d che ha per oggetto l\u2019attuazione dei programmi del Fondo per il contrasto della povert\u00e0 educativa minorile.<\/p>\n<p> \tLa povert\u00e0 educativa, infatti, non \u00e8 solo legata alle cattive condizioni economiche, ma investe anche la dimensione emotiva, della socialit\u00e0 e della capacit\u00e0 di relazionarsi con il mondo: un fenomeno che, di fatto, incide sul futuro del Paese e sul generale dello sviluppo economico e sociale.<\/p>\n<p> \tDal finanziamento ottenuto, \u00e8 nato il Villaggio Educante, un progetto unico e ambizioso che coinvolge circa 1200 bambini della fascia 0-6 anni, le famiglie, i genitori, le scuole, gli\u00a0insegnanti e l\u2019intero territorio per una rinnovata idea di comunit\u00e0 capace di educare, che si prende cura dei bisogni formativi e sociali dei pi\u00f9 piccoli coinvolgendo tutte le figure che stanno loro intorno.<\/p>\n<p> \tSono 17 i comuni coinvolti: <strong>Aiello del Friuli, Ampezzo, Basiliano, Bertiolo, Carlino, Fagagna, Flaibano, Lignano Sabbiadoro, Nimis, Osoppo, Palazzolo dello Stella, Paularo, Povoletto, Precenicco, San Giorgio di Nogaro, Tarcento, Villa Santina<\/strong>.<\/p>\n<p> \tSono stati selezionati sia sulla base dei dati Istat sia in base all\u2019esperienza di Fism Udine che, infatti, ha incluso la zona montana della Carnia che, altrimenti, sarebbe rimasta esclusa.<\/p>\n<p> \t<em>\u201cIl valore aggiunto di Fism<\/em>\u00a0\u2013 sottolinea il presidente\u00a0<strong>Roberto Molinaro<\/strong>\u00a0\u2013\u00a0<em>sta nella profonda conoscenza del territorio e dei bisogni educativi delle comunit\u00e0, nel saper dialogare attivamente con i servizi sanitari, sociali e culturali: grazie al Villaggio Educante, Fism diventa capofila di una fitta rete capace di coinvolgere non solo famiglie, scuole e insegnanti, ma anche realt\u00e0 e fondamentali del nostro contesto sociale che appartengono al mondo dell\u2019Istruzione, dell\u2019Universit\u00e0, dell\u2019industria e del volontariato\u201d.<\/em><\/p>\n<p> \tProgettazione e programmazione del Villaggio Educante sono state affidate alla pedagogista\u00a0<strong>Francesca Mancini<\/strong>. Il progetto si rivolge contemporaneamente ai 3 principali attori coinvolti, bambini, famiglie ed educatori, con il supporto delle associazioni che operano sul territorio.<\/p>\n<p> \t<strong>Per i bambini<\/strong><\/p>\n<p> \tVengono\u00a0<strong>aumentati di 100 unit\u00e0 i posti disponibili\u00a0<\/strong>negli asili nido sui territori interessati, obiettivo che sar\u00e0 raggiunto ben prima della scadenza del triennio: saranno realizzate 4 nuovi nido integrati nelle scuole dell\u2019infanzia e saranno ampliate diverse strutture esistenti.<\/p>\n<p> \t\u00c8 gi\u00e0 iniziato il calendario degli\u00a0<strong>Atelier<\/strong>\u00a0che rafforzano la proposta didattica di nidi e scuole dell\u2019infanzia per far acquisire le cosiddette\u00a0<em>soft skills:\u00a0<\/em>due atelier a settimana in orario post scolastico, aperti anche ai bimbi non iscritti, per fare danza, arte, musica, inglese, psicomotricit\u00e0 e <em>pet education<\/em>.<\/p>\n<p> \tDurante il mese di gennaio parte il progetto\u00a0<strong>\u201cSpazio Soft\u201d<\/strong>\u00a0per avvicinare i genitori alla realt\u00e0 degli asili nido (0-3) e superare la naturale diffidenza e le paure che spesso le famiglie nutrono verso questo tipo di servizio alla prima infanzia: una volta alla settimana (per circa 2 ore) genitori o nonni potranno vivere insieme ai loro bimbi la quotidianit\u00e0 del nido capendone orari, routine, attivit\u00e0 e relazioni.\u00a0<\/p>\n<p> \t<strong>Per i genitori<\/strong><\/p>\n<p> \tIl Villaggio Educante organizza una serie di incontri, in presenza e online, per offrire ai genitori dei momenti di dialogo, condivisione e supporto sugli argomenti pi\u00f9 utili legati alla genitorialit\u00e0 e all\u2019educazione, occasioni per confrontare le rispettive esperienze personali. Si tratta di attivit\u00e0 che nascono dalla positiva esperienza degli incontri e degli \u201caperitivi\u201d online organizzati da Fism durante la pandemia per far incontrare virtualmente le famiglie nei mesi del lockdown e delle scuole chiuse.<\/p>\n<p> \t<strong>Per i docenti<\/strong><\/p>\n<p> \tIl Villaggio Educante comprende una costante attivit\u00e0 di formazione per i docenti che dura tutto l\u2019anno, non solo per quelli dei 17 comuni aderenti al progetto, ma per tutto il territorio: l\u2019obiettivo \u00e8 rinnovare le pratiche di insegnamento attraverso nuove esperienze e stimoli. La formazione viene eseguita attraverso la collaborazione con professionisti e associazioni del territorio come l\u2019Associazione 0432 di Basiliano.<\/p>\n<p> \tOltre ai comuni e alle scuole coinvolte, sono partner del progetto: l\u2019Azienda Sanitaria Universitaria Friuli Centrale, diverse associazioni sui territori e Animaimpresa, l\u2019associazione che promuove la responsabilit\u00e0 sociale d\u2019impresa e lo sviluppo sostenibile.<\/p>\n<p> \t\u00a0<\/p>\n","protected":false},"excerpt":{"rendered":"<p>Coinvolti 17 comuni, 1.200 bambini, scuole, famiglie e insegnanti per una rinnovata idea di comunit\u00e0 che educa. Finanziamento di 850mila euro<\/p>\n","protected":false},"author":28,"featured_media":48216,"comment_status":"closed","ping_status":"closed","sticky":false,"template":"","format":"standard","meta":{"dwc-title":[],"dwc-content":[],"footnotes":""},"categories":[6],"tags":[],"class_list":["post-48215","post","type-post","status-publish","format-standard","has-post-thumbnail","hentry","category-societa"],"rttpg_featured_image_url":{"full":["https:\/\/imagazine.it\/wp-content\/uploads\/2024\/02\/51621-1.webp",1000,533,false],"landscape":["https:\/\/imagazine.it\/wp-content\/uploads\/2024\/02\/51621-1.webp",1000,533,false],"portraits":["https:\/\/imagazine.it\/wp-content\/uploads\/2024\/02\/51621-1.webp",1000,533,false],"thumbnail":["https:\/\/imagazine.it\/wp-content\/uploads\/2024\/02\/51621-1-150x150.webp",150,150,true],"medium":["https:\/\/imagazine.it\/wp-content\/uploads\/2024\/02\/51621-1-300x160.webp",300,160,true],"large":["https:\/\/imagazine.it\/wp-content\/uploads\/2024\/02\/51621-1.webp",640,341,false],"thumblist":["https:\/\/imagazine.it\/wp-content\/uploads\/2024\/02\/51621-1-300x300.webp",300,300,true],"thumbrelated":["https:\/\/imagazine.it\/wp-content\/uploads\/2024\/02\/51621-1-500x500.webp",500,500,true],"meccarouselthumb":["https:\/\/imagazine.it\/wp-content\/uploads\/2024\/02\/51621-1-474x324.webp",474,324,true],"gridsquare":["https:\/\/imagazine.it\/wp-content\/uploads\/2024\/02\/51621-1-391x260.webp",391,260,true],"tileview":["https:\/\/imagazine.it\/wp-content\/uploads\/2024\/02\/51621-1-300x400.webp",300,400,true],"1536x1536":["https:\/\/imagazine.it\/wp-content\/uploads\/2024\/02\/51621-1.webp",1000,533,false],"2048x2048":["https:\/\/imagazine.it\/wp-content\/uploads\/2024\/02\/51621-1.webp",1000,533,false],"newsup-slider-full":["https:\/\/imagazine.it\/wp-content\/uploads\/2024\/02\/51621-1.webp",1000,533,false],"newsup-featured":["https:\/\/imagazine.it\/wp-content\/uploads\/2024\/02\/51621-1.webp",1000,533,false],"newsup-medium":["https:\/\/imagazine.it\/wp-content\/uploads\/2024\/02\/51621-1-720x380.webp",720,380,true],"tptn_thumbnail":["https:\/\/imagazine.it\/wp-content\/uploads\/2024\/02\/51621-1.webp",250,133,false],"sow-carousel-default":["https:\/\/imagazine.it\/wp-content\/uploads\/2024\/02\/51621-1.webp",272,145,false]},"rttpg_author":{"display_name":"redazione","author_link":"https:\/\/imagazine.it\/home_desk\/author\/redazione\/"},"rttpg_comment":0,"rttpg_category":"<a href=\"https:\/\/imagazine.it\/home_desk\/category\/societa\/\" rel=\"category tag\">SOCIET\u00c0<\/a>","rttpg_excerpt":"Coinvolti 17 comuni, 1.200 bambini, scuole, famiglie e insegnanti per una rinnovata idea di comunit\u00e0 che educa. Finanziamento di 850mila euro","_links":{"self":[{"href":"https:\/\/imagazine.it\/home_desk\/wp-json\/wp\/v2\/posts\/48215","targetHints":{"allow":["GET"]}}],"collection":[{"href":"https:\/\/imagazine.it\/home_desk\/wp-json\/wp\/v2\/posts"}],"about":[{"href":"https:\/\/imagazine.it\/home_desk\/wp-json\/wp\/v2\/types\/post"}],"author":[{"embeddable":true,"href":"https:\/\/imagazine.it\/home_desk\/wp-json\/wp\/v2\/users\/28"}],"replies":[{"embeddable":true,"href":"https:\/\/imagazine.it\/home_desk\/wp-json\/wp\/v2\/comments?post=48215"}],"version-history":[{"count":0,"href":"https:\/\/imagazine.it\/home_desk\/wp-json\/wp\/v2\/posts\/48215\/revisions"}],"wp:featuredmedia":[{"embeddable":true,"href":"https:\/\/imagazine.it\/home_desk\/wp-json\/wp\/v2\/media\/48216"}],"wp:attachment":[{"href":"https:\/\/imagazine.it\/home_desk\/wp-json\/wp\/v2\/media?parent=48215"}],"wp:term":[{"taxonomy":"category","embeddable":true,"href":"https:\/\/imagazine.it\/home_desk\/wp-json\/wp\/v2\/categories?post=48215"},{"taxonomy":"post_tag","embeddable":true,"href":"https:\/\/imagazine.it\/home_desk\/wp-json\/wp\/v2\/tags?post=48215"}],"curies":[{"name":"wp","href":"https:\/\/api.w.org\/{rel}","templated":true}]}}