{"id":48181,"date":"2023-01-12T00:00:00","date_gmt":"2023-01-11T23:00:00","guid":{"rendered":"https:\/\/imagazine.it\/cervignano-focus-sui-minori-stranieri-non-accompagnati\/"},"modified":"2023-01-12T00:00:00","modified_gmt":"2023-01-11T23:00:00","slug":"cervignano-focus-sui-minori-stranieri-non-accompagnati","status":"publish","type":"post","link":"https:\/\/imagazine.it\/home_desk\/cervignano-focus-sui-minori-stranieri-non-accompagnati\/","title":{"rendered":"Cervignano, focus sui minori stranieri non accompagnati"},"content":{"rendered":"<p> \tCERVIGNANO DEL FRIULI \u2013 Un documentario e una conferenza su un tema di stretta attualit\u00e0 come la tutela del minore straniero non accompagnato.<\/p>\n<p> \tSaranno questi gli ingredienti della serata evento organizzata <u><a href=\"https:\/\/www.imagazine.it\/eventi\/43601\" target=\"_blank\" rel=\"noopener\"><span style=\"color:#0000cd;\"><strong>venerd\u00ec 27 gennaio<\/strong> al <strong>Teatro Pasolini di Cervignano<\/strong><\/span><\/a><\/u> a partire dalle ore 20 a cura dell\u2019Associazione Culturale Corima, con il patrocinio del Comune di Cervignano, nell\u2019ambito del progetto regionale \u201cTutori Never Alone\u201d.<\/p>\n<p> \tIn apertura \u00e8 prevista la <u><a href=\"https:\/\/www.imagazine.it\/notizie-trieste-gorizia-udine-friuli\/11819\" target=\"_blank\" rel=\"noopener\"><span style=\"color:#0000cd;\">proiezione gratuita del <strong>documentario \u201c<em>The Jungle<\/em>\u201d<\/strong><\/span><\/a><\/u> del <u><a href=\"https:\/\/www.imagazine.it\/notizie-trieste-gorizia-udine-friuli\/4663\" target=\"_blank\" rel=\"noopener\"><span style=\"color:#0000cd;\">regista goriziano <strong>Cristian Natoli<\/strong><\/span><\/a><\/u>. Un film che fa scoprire un accampamento di migranti \u2013 chiamato <em>Jungle<\/em> \u2013 attraverso gli occhi di <strong>Elisa Menon<\/strong>, attrice e regista di teatro sociale, che nell\u2019opera mette in scena uno spettacolo teatrale per creare un legame tra i migranti e la cittadinanza locale.<\/p>\n<p> \tAl termine della proiezione prender\u00e0 avvio un <strong>dibattito sul tema dell\u2019inclusione<\/strong>, nel quale <strong>Barbara Santagata<\/strong> e <strong>Anna Paola Peratoner<\/strong>, referenti del progetto \u201cTutori Never Alone\u201d, parleranno del sistema di tutela in Friuli Venezia Giulia rivolto al minore straniero non accompagnato, della figura del Tutore Volontario (istituita dalla legge Zampa del 2017) e del ruolo che svolge nella vita dei minori\/giovani migranti soli.<\/p>\n<p> \tOltre al regista Natoli, ospiti della serata saranno <strong>Monica Franzo<\/strong> e <strong>Matteo Felci<\/strong> dell\u2019Associazione Tutori Volontari FVG. Sul palco interverranno anche il sindaco di Cervignano, <strong>Andrea Balducci<\/strong>, e la vicepresidente dell\u2019associazione Corima, <strong>Nada Ayouche<\/strong>.<\/p>\n<p> \t\u00abCorima \u2013 spiega la presidente del sodalizio, <strong>Mara Tegon<\/strong> \u2013 ha sostenuto attraverso un contributo economico la realizzazione del documentario \u201c<em>The Jungle<\/em>\u201d: non potevamo esimerci dall\u2019offrirne la visione alla comunit\u00e0 di Cervignano, soprattutto in virt\u00f9 del forte messaggio di accoglienza, solidariet\u00e0 e rispetto umano che veicola\u00bb.<\/p>\n<p> \tIl giorno seguente, <strong>sabato 28 gennaio<\/strong> alle ore 10, sempre al Teatro Pasolini <em>The Jungle<\/em> verr\u00e0 riproiettato per gli <strong>studenti dell\u2019Istituto ISIS Bassa Friulana<\/strong>, sempre con l\u2019intervento del regista Cristian Natoli e di Anna Paola Peratoner, partner del progetto.<\/p>\n<p> \tIl progetto \u00e8 realizzato dall\u2019Istituto Don Calabria in collaborazione con il Consiglio Italiano per i Rifugiati Onlus \u2013 CIR, OIKOS onlus, Centro Caritas dell\u2019Arcidiocesi di Udine ODV, Ass. Avvocato di strada e ICS Trieste.<\/p>\n<p> \t\u00a0<\/p>\n","protected":false},"excerpt":{"rendered":"<p>Il 27 gennaio al Teatro Pasolini proiezione gratuita del documentario \u201cThe Jungle\u201d e confronto con esperti sul tema. Coinvolte anche le scuole<\/p>\n","protected":false},"author":28,"featured_media":48182,"comment_status":"closed","ping_status":"closed","sticky":false,"template":"","format":"standard","meta":{"dwc-title":[],"dwc-content":[],"footnotes":""},"categories":[5],"tags":[],"class_list":["post-48181","post","type-post","status-publish","format-standard","has-post-thumbnail","hentry","category-attualita"],"rttpg_featured_image_url":{"full":["https:\/\/imagazine.it\/wp-content\/uploads\/2024\/02\/51578-1.webp",1000,667,false],"landscape":["https:\/\/imagazine.it\/wp-content\/uploads\/2024\/02\/51578-1.webp",1000,667,false],"portraits":["https:\/\/imagazine.it\/wp-content\/uploads\/2024\/02\/51578-1.webp",1000,667,false],"thumbnail":["https:\/\/imagazine.it\/wp-content\/uploads\/2024\/02\/51578-1-150x150.webp",150,150,true],"medium":["https:\/\/imagazine.it\/wp-content\/uploads\/2024\/02\/51578-1-300x200.webp",300,200,true],"large":["https:\/\/imagazine.it\/wp-content\/uploads\/2024\/02\/51578-1.webp",640,427,false],"thumblist":["https:\/\/imagazine.it\/wp-content\/uploads\/2024\/02\/51578-1-300x300.webp",300,300,true],"thumbrelated":["https:\/\/imagazine.it\/wp-content\/uploads\/2024\/02\/51578-1-500x500.webp",500,500,true],"meccarouselthumb":["https:\/\/imagazine.it\/wp-content\/uploads\/2024\/02\/51578-1-474x324.webp",474,324,true],"gridsquare":["https:\/\/imagazine.it\/wp-content\/uploads\/2024\/02\/51578-1-391x260.webp",391,260,true],"tileview":["https:\/\/imagazine.it\/wp-content\/uploads\/2024\/02\/51578-1-300x400.webp",300,400,true],"1536x1536":["https:\/\/imagazine.it\/wp-content\/uploads\/2024\/02\/51578-1.webp",1000,667,false],"2048x2048":["https:\/\/imagazine.it\/wp-content\/uploads\/2024\/02\/51578-1.webp",1000,667,false],"newsup-slider-full":["https:\/\/imagazine.it\/wp-content\/uploads\/2024\/02\/51578-1.webp",1000,667,false],"newsup-featured":["https:\/\/imagazine.it\/wp-content\/uploads\/2024\/02\/51578-1.webp",1000,667,false],"newsup-medium":["https:\/\/imagazine.it\/wp-content\/uploads\/2024\/02\/51578-1-720x380.webp",720,380,true],"tptn_thumbnail":["https:\/\/imagazine.it\/wp-content\/uploads\/2024\/02\/51578-1.webp",250,167,false],"sow-carousel-default":["https:\/\/imagazine.it\/wp-content\/uploads\/2024\/02\/51578-1.webp",272,182,false]},"rttpg_author":{"display_name":"redazione","author_link":"https:\/\/imagazine.it\/home_desk\/author\/redazione\/"},"rttpg_comment":0,"rttpg_category":"<a href=\"https:\/\/imagazine.it\/home_desk\/category\/attualita\/\" rel=\"category tag\">ATTUALIT\u00c0<\/a>","rttpg_excerpt":"Il 27 gennaio al Teatro Pasolini proiezione gratuita del documentario \u201cThe Jungle\u201d e confronto con esperti sul tema. Coinvolte anche le scuole","_links":{"self":[{"href":"https:\/\/imagazine.it\/home_desk\/wp-json\/wp\/v2\/posts\/48181","targetHints":{"allow":["GET"]}}],"collection":[{"href":"https:\/\/imagazine.it\/home_desk\/wp-json\/wp\/v2\/posts"}],"about":[{"href":"https:\/\/imagazine.it\/home_desk\/wp-json\/wp\/v2\/types\/post"}],"author":[{"embeddable":true,"href":"https:\/\/imagazine.it\/home_desk\/wp-json\/wp\/v2\/users\/28"}],"replies":[{"embeddable":true,"href":"https:\/\/imagazine.it\/home_desk\/wp-json\/wp\/v2\/comments?post=48181"}],"version-history":[{"count":0,"href":"https:\/\/imagazine.it\/home_desk\/wp-json\/wp\/v2\/posts\/48181\/revisions"}],"wp:featuredmedia":[{"embeddable":true,"href":"https:\/\/imagazine.it\/home_desk\/wp-json\/wp\/v2\/media\/48182"}],"wp:attachment":[{"href":"https:\/\/imagazine.it\/home_desk\/wp-json\/wp\/v2\/media?parent=48181"}],"wp:term":[{"taxonomy":"category","embeddable":true,"href":"https:\/\/imagazine.it\/home_desk\/wp-json\/wp\/v2\/categories?post=48181"},{"taxonomy":"post_tag","embeddable":true,"href":"https:\/\/imagazine.it\/home_desk\/wp-json\/wp\/v2\/tags?post=48181"}],"curies":[{"name":"wp","href":"https:\/\/api.w.org\/{rel}","templated":true}]}}