{"id":48149,"date":"2023-01-03T00:00:00","date_gmt":"2023-01-02T23:00:00","guid":{"rendered":"https:\/\/imagazine.it\/nuovo-calendario-per-lassociazione-micologica-bassa-friulana\/"},"modified":"2023-01-03T00:00:00","modified_gmt":"2023-01-02T23:00:00","slug":"nuovo-calendario-per-lassociazione-micologica-bassa-friulana","status":"publish","type":"post","link":"https:\/\/imagazine.it\/home_desk\/nuovo-calendario-per-lassociazione-micologica-bassa-friulana\/","title":{"rendered":"Nuovo calendario per l&#8217;Associazione Micologica Bassa Friulana"},"content":{"rendered":"<p> \tL\u2019<strong>Associazione<\/strong> <strong>Micologica Bassa Friulana (A.M.B.F.)<\/strong> con sede a <strong>Cervignano del Friuli<\/strong> presenta la terza edizione del suo calendario, quanti sono gli anni dalla fondazione del sodalizio.<\/p>\n<p> \tAll&#8217;interno ci sono foto di funghi autoctoni, non tutti sono commestibili perci\u00f2 \u00e8 un buon esercizio riconoscerli; inoltre sono state inserite le fasi lunari.<\/p>\n<p> \tL\u2019attivit\u00e0 vera e propria dell\u2019associazione inizier\u00e0 nei primi giorni di febbraio quando partir\u00e0 il corso propedeutico al fine di ottenere il patentino che poi permetter\u00e0 al futuro micologo di poter acquisire il permesso per poter cogliere i funghi in sicurezza. Il corso micologico propedeutico di base per &#8220;Patentino Regionale&#8221; inizier\u00e0 il 7 febbraio e terminer\u00e0 al 28 febbraio.<\/p>\n<p> \tIl corso, che avr\u00e0 durata di 16 ore, presso la <strong>Sala Civica Bocciofila di Muscoli<\/strong> ogni marted\u00ec e gioved\u00ec dalle 19.30 alle 21.30, sar\u00e0 tenuto da <strong>Giuliano Ferisin<\/strong>, presidente dell\u2019A.M.B.F. e autore del libro \u201cI funghi pi\u00f9 comuni\u201d che, assieme a una dispensa micologica, verr\u00e0 consegnato ai corsisti come materiale di studio.<\/p>\n<p> \tSaranno effettuate anche 4 ore di approfondimento e una o due uscite sul territorio. Per informazioni e iscrizioni telefonare o mandare un messaggio Whatsapp allo 3381239847, oppure scrivere una mail a <a href=\"mailto:micologiabf@gmail.com\">micologiabf@gmail.com<\/a>.<\/p>\n<p> \tNegli scorsi anni tutti i partecipanti al corso che hanno sostenuto l&#8217;esame sono stati promossi dalla commissione dell\u2019A.S.L.<\/p>\n<p> \tL\u2019associazione \u00e8 diventata realt\u00e0 e punto di riferimento per i micologi e i raccoglitori di funghi della Bassa friulana, ricoprendo tutto il territorio compreso tra Fiumicello e Latisana e da Grado a Lignano.<\/p>\n<p> \tL\u2019 associazione, nata a febbraio 2020, conta 230 soci effettivi.<\/p>\n<p> \t\u00a0<\/p>\n","protected":false},"excerpt":{"rendered":"<p>A febbraio inizia il nuovo corso propedeutico di base per ottenere il patentino regionale per la raccolta funghi<\/p>\n","protected":false},"author":22,"featured_media":48150,"comment_status":"closed","ping_status":"closed","sticky":false,"template":"","format":"standard","meta":{"dwc-title":[],"dwc-content":[],"footnotes":""},"categories":[5],"tags":[],"class_list":["post-48149","post","type-post","status-publish","format-standard","has-post-thumbnail","hentry","category-attualita"],"rttpg_featured_image_url":{"full":["https:\/\/imagazine.it\/wp-content\/uploads\/2024\/02\/51491-1.webp",1000,667,false],"landscape":["https:\/\/imagazine.it\/wp-content\/uploads\/2024\/02\/51491-1.webp",1000,667,false],"portraits":["https:\/\/imagazine.it\/wp-content\/uploads\/2024\/02\/51491-1.webp",1000,667,false],"thumbnail":["https:\/\/imagazine.it\/wp-content\/uploads\/2024\/02\/51491-1-150x150.webp",150,150,true],"medium":["https:\/\/imagazine.it\/wp-content\/uploads\/2024\/02\/51491-1-300x200.webp",300,200,true],"large":["https:\/\/imagazine.it\/wp-content\/uploads\/2024\/02\/51491-1.webp",640,427,false],"thumblist":["https:\/\/imagazine.it\/wp-content\/uploads\/2024\/02\/51491-1-300x300.webp",300,300,true],"thumbrelated":["https:\/\/imagazine.it\/wp-content\/uploads\/2024\/02\/51491-1-500x500.webp",500,500,true],"meccarouselthumb":["https:\/\/imagazine.it\/wp-content\/uploads\/2024\/02\/51491-1-474x324.webp",474,324,true],"gridsquare":["https:\/\/imagazine.it\/wp-content\/uploads\/2024\/02\/51491-1-391x260.webp",391,260,true],"tileview":["https:\/\/imagazine.it\/wp-content\/uploads\/2024\/02\/51491-1-300x400.webp",300,400,true],"1536x1536":["https:\/\/imagazine.it\/wp-content\/uploads\/2024\/02\/51491-1.webp",1000,667,false],"2048x2048":["https:\/\/imagazine.it\/wp-content\/uploads\/2024\/02\/51491-1.webp",1000,667,false],"newsup-slider-full":["https:\/\/imagazine.it\/wp-content\/uploads\/2024\/02\/51491-1.webp",1000,667,false],"newsup-featured":["https:\/\/imagazine.it\/wp-content\/uploads\/2024\/02\/51491-1.webp",1000,667,false],"newsup-medium":["https:\/\/imagazine.it\/wp-content\/uploads\/2024\/02\/51491-1-720x380.webp",720,380,true],"tptn_thumbnail":["https:\/\/imagazine.it\/wp-content\/uploads\/2024\/02\/51491-1.webp",250,167,false],"sow-carousel-default":["https:\/\/imagazine.it\/wp-content\/uploads\/2024\/02\/51491-1.webp",272,182,false]},"rttpg_author":{"display_name":"Livio Nonis","author_link":"https:\/\/imagazine.it\/home_desk\/author\/nonis\/"},"rttpg_comment":0,"rttpg_category":"<a href=\"https:\/\/imagazine.it\/home_desk\/category\/attualita\/\" rel=\"category tag\">ATTUALIT\u00c0<\/a>","rttpg_excerpt":"A febbraio inizia il nuovo corso propedeutico di base per ottenere il patentino regionale per la raccolta funghi","_links":{"self":[{"href":"https:\/\/imagazine.it\/home_desk\/wp-json\/wp\/v2\/posts\/48149","targetHints":{"allow":["GET"]}}],"collection":[{"href":"https:\/\/imagazine.it\/home_desk\/wp-json\/wp\/v2\/posts"}],"about":[{"href":"https:\/\/imagazine.it\/home_desk\/wp-json\/wp\/v2\/types\/post"}],"author":[{"embeddable":true,"href":"https:\/\/imagazine.it\/home_desk\/wp-json\/wp\/v2\/users\/22"}],"replies":[{"embeddable":true,"href":"https:\/\/imagazine.it\/home_desk\/wp-json\/wp\/v2\/comments?post=48149"}],"version-history":[{"count":0,"href":"https:\/\/imagazine.it\/home_desk\/wp-json\/wp\/v2\/posts\/48149\/revisions"}],"wp:featuredmedia":[{"embeddable":true,"href":"https:\/\/imagazine.it\/home_desk\/wp-json\/wp\/v2\/media\/48150"}],"wp:attachment":[{"href":"https:\/\/imagazine.it\/home_desk\/wp-json\/wp\/v2\/media?parent=48149"}],"wp:term":[{"taxonomy":"category","embeddable":true,"href":"https:\/\/imagazine.it\/home_desk\/wp-json\/wp\/v2\/categories?post=48149"},{"taxonomy":"post_tag","embeddable":true,"href":"https:\/\/imagazine.it\/home_desk\/wp-json\/wp\/v2\/tags?post=48149"}],"curies":[{"name":"wp","href":"https:\/\/api.w.org\/{rel}","templated":true}]}}