{"id":48143,"date":"2022-12-30T00:00:00","date_gmt":"2022-12-29T23:00:00","guid":{"rendered":"https:\/\/imagazine.it\/monfalcone-si-arricchisce-la-galleria-darte-allestita-in-municipio\/"},"modified":"2022-12-30T00:00:00","modified_gmt":"2022-12-29T23:00:00","slug":"monfalcone-si-arricchisce-la-galleria-darte-allestita-in-municipio","status":"publish","type":"post","link":"https:\/\/imagazine.it\/home_desk\/monfalcone-si-arricchisce-la-galleria-darte-allestita-in-municipio\/","title":{"rendered":"Monfalcone, si arricchisce la galleria d\u2019arte allestita in Municipio"},"content":{"rendered":"<p> \t\u201c<em>In ricordo degli incendi che nell&#8217;estate del 2022 hanno devastato parte del Carso Isontino, la famiglia dell&#8217;artista sardo Francesco Pireddu ha il piacere di donare alla citt\u00e0 di Monfalcone una sua opera pittorica, raffigurante un paesaggio carsico, a ringraziamento dell&#8217;impegno profuso dalla Giunta Comunale tutta durante l&#8217;emergenza incendi ed in memoria dei 35 anni di servizio che l&#8217;Artista ha prestato presso la compagnia dei Carabinieri di Monfalcone, al servizio della Comunit\u00e0<\/em>\u201d.<\/p>\n<p> \tSono queste le parole impresse su un biglietto che accompagna il quadro \u201c<em>Paesaggio Carsico<\/em>\u201d che la <strong>famiglia Pireddu<\/strong> ha donato al <strong>Comune di Monfalcone<\/strong>.<\/p>\n<p> \tL\u2019opera, olio su tela delle dimensioni di 120 x 80 cm, verr\u00e0 esposta nella Sala del Consiglio e potr\u00e0 essere ammirata dai cittadini durante gli orari di apertura degli uffici.<\/p>\n<p> \tIl sindaco, Anna Maria Cisint, nel ricevere il quadro insieme all\u2019assessore alla Cultura Luca Fasan e al vicesindaco Antonio Garritani &#8211; che con l\u2019artista ha lavorato &#8211; ha dichiarato: \u201cRingrazio di cuore la famiglia Pireddu, moglie e figlia di Francesco, per aver voluto regalare ai monfalconesi un\u2019opera che ha uno stretto legame con il territorio: il nostro Carso, di cui abbiamo ancora negli occhi e nel cuore le ferite che la scorsa estate gli incendi gli hanno inferto e che questo quadro ci ricorda\u201d, ha dichiarato il sindaco, <strong>Anna Maria Cisint<\/strong>, nel ricevere il quadro insieme all\u2019assessore alla Cultura <strong>Luca Fasan<\/strong> e al vicesindaco <strong>Antonio Garritani<\/strong> che con l\u2019artista ha lavorato.\u00a0<\/p>\n<p> \t\u201cAbbiamo deciso di esporlo nella Sala del Consiglio \u2013 ha spiegato Cisint \u2013 perch\u00e9 si integra perfettamente con le opere gi\u00e0 presenti, che raffigurano scorci della nostra citt\u00e0.\u00a0Siamo molto colpiti per la generosit\u00e0 e la sensibilit\u00e0 che gli artisti locali e i loro eredi stanno dimostrando nei confronti della cittadinanza donando le composizioni artistiche che ci hanno consentito di creare una vera e propria galleria espositiva nel Palazzo Municipale\u201d.<\/p>\n<p> \t<strong>Francesco Pireddu<\/strong> \u00e8 stato un significativo esponente del mondo artistico bisiaco e una figura importante dell\u2019Arma dei Carabinieri. Per oltre 35 anni ha prestato servizio presso la Compagnia di Monfalcone, pur essendo originario di Abbasanta, un piccolo Comune della provincia di Oristano, dove nacque il 3 luglio del 1943.<\/p>\n<p> \tIn oltre 40 anni di attivit\u00e0 artistica ha partecipato a numerose collettive e personali, sia in Italia che all\u2019estero.<\/p>\n<p> \t\u00c8 scomparso il 16 gennaio 2019.<\/p>\n<p> \t\u00a0<\/p>\n","protected":false},"excerpt":{"rendered":"<p>Donazione della famiglia Pireddu in memoria dell&#8217;artista Francesco per ringraziare degli sforzi profusi dall&#8217;Amministrazione durante l&#8217;emergenza incendi sul Carso<\/p>\n","protected":false},"author":28,"featured_media":48144,"comment_status":"closed","ping_status":"closed","sticky":false,"template":"","format":"standard","meta":{"dwc-title":[],"dwc-content":[],"footnotes":""},"categories":[37],"tags":[],"class_list":["post-48143","post","type-post","status-publish","format-standard","has-post-thumbnail","hentry","category-cultura-e-spettacolo"],"rttpg_featured_image_url":{"full":["https:\/\/imagazine.it\/wp-content\/uploads\/2024\/02\/51486-1.webp",1000,744,false],"landscape":["https:\/\/imagazine.it\/wp-content\/uploads\/2024\/02\/51486-1.webp",1000,744,false],"portraits":["https:\/\/imagazine.it\/wp-content\/uploads\/2024\/02\/51486-1.webp",1000,744,false],"thumbnail":["https:\/\/imagazine.it\/wp-content\/uploads\/2024\/02\/51486-1-150x150.webp",150,150,true],"medium":["https:\/\/imagazine.it\/wp-content\/uploads\/2024\/02\/51486-1-300x223.webp",300,223,true],"large":["https:\/\/imagazine.it\/wp-content\/uploads\/2024\/02\/51486-1.webp",640,476,false],"thumblist":["https:\/\/imagazine.it\/wp-content\/uploads\/2024\/02\/51486-1-300x300.webp",300,300,true],"thumbrelated":["https:\/\/imagazine.it\/wp-content\/uploads\/2024\/02\/51486-1-500x500.webp",500,500,true],"meccarouselthumb":["https:\/\/imagazine.it\/wp-content\/uploads\/2024\/02\/51486-1-474x324.webp",474,324,true],"gridsquare":["https:\/\/imagazine.it\/wp-content\/uploads\/2024\/02\/51486-1-391x260.webp",391,260,true],"tileview":["https:\/\/imagazine.it\/wp-content\/uploads\/2024\/02\/51486-1-300x400.webp",300,400,true],"1536x1536":["https:\/\/imagazine.it\/wp-content\/uploads\/2024\/02\/51486-1.webp",1000,744,false],"2048x2048":["https:\/\/imagazine.it\/wp-content\/uploads\/2024\/02\/51486-1.webp",1000,744,false],"newsup-slider-full":["https:\/\/imagazine.it\/wp-content\/uploads\/2024\/02\/51486-1-1000x720.webp",1000,720,true],"newsup-featured":["https:\/\/imagazine.it\/wp-content\/uploads\/2024\/02\/51486-1.webp",1000,744,false],"newsup-medium":["https:\/\/imagazine.it\/wp-content\/uploads\/2024\/02\/51486-1-720x380.webp",720,380,true],"tptn_thumbnail":["https:\/\/imagazine.it\/wp-content\/uploads\/2024\/02\/51486-1.webp",250,186,false],"sow-carousel-default":["https:\/\/imagazine.it\/wp-content\/uploads\/2024\/02\/51486-1.webp",245,182,false]},"rttpg_author":{"display_name":"redazione","author_link":"https:\/\/imagazine.it\/home_desk\/author\/redazione\/"},"rttpg_comment":0,"rttpg_category":"<a href=\"https:\/\/imagazine.it\/home_desk\/category\/cultura-e-spettacolo\/\" rel=\"category tag\">CULTURA&amp;SPETTACOLO<\/a>","rttpg_excerpt":"Donazione della famiglia Pireddu in memoria dell'artista Francesco per ringraziare degli sforzi profusi dall'Amministrazione durante l'emergenza incendi sul Carso","_links":{"self":[{"href":"https:\/\/imagazine.it\/home_desk\/wp-json\/wp\/v2\/posts\/48143","targetHints":{"allow":["GET"]}}],"collection":[{"href":"https:\/\/imagazine.it\/home_desk\/wp-json\/wp\/v2\/posts"}],"about":[{"href":"https:\/\/imagazine.it\/home_desk\/wp-json\/wp\/v2\/types\/post"}],"author":[{"embeddable":true,"href":"https:\/\/imagazine.it\/home_desk\/wp-json\/wp\/v2\/users\/28"}],"replies":[{"embeddable":true,"href":"https:\/\/imagazine.it\/home_desk\/wp-json\/wp\/v2\/comments?post=48143"}],"version-history":[{"count":0,"href":"https:\/\/imagazine.it\/home_desk\/wp-json\/wp\/v2\/posts\/48143\/revisions"}],"wp:featuredmedia":[{"embeddable":true,"href":"https:\/\/imagazine.it\/home_desk\/wp-json\/wp\/v2\/media\/48144"}],"wp:attachment":[{"href":"https:\/\/imagazine.it\/home_desk\/wp-json\/wp\/v2\/media?parent=48143"}],"wp:term":[{"taxonomy":"category","embeddable":true,"href":"https:\/\/imagazine.it\/home_desk\/wp-json\/wp\/v2\/categories?post=48143"},{"taxonomy":"post_tag","embeddable":true,"href":"https:\/\/imagazine.it\/home_desk\/wp-json\/wp\/v2\/tags?post=48143"}],"curies":[{"name":"wp","href":"https:\/\/api.w.org\/{rel}","templated":true}]}}