{"id":48111,"date":"2022-12-18T00:00:00","date_gmt":"2022-12-17T23:00:00","guid":{"rendered":"https:\/\/imagazine.it\/ruda-plaude-gli-allievi-della-scuola-di-musica\/"},"modified":"2022-12-18T00:00:00","modified_gmt":"2022-12-17T23:00:00","slug":"ruda-plaude-gli-allievi-della-scuola-di-musica","status":"publish","type":"post","link":"https:\/\/imagazine.it\/home_desk\/ruda-plaude-gli-allievi-della-scuola-di-musica\/","title":{"rendered":"Ruda plaude gli allievi della Scuola di musica"},"content":{"rendered":"<p> \tCom\u2019\u00e8 da tradizione, la <strong>Scuola Comunale di Musica di Ruda<\/strong>, gestita dall&#8217;Associazione Pro Musica Ruda, ha proposto nella <strong>chiesa parrocchiale di Saciletto<\/strong>, intitolata ai santi Pietro e Paolo, il concerto di Natale dove ha visto i suoi allievi esibirsi suonando brani del repertorio classico e molto impegnativo.<\/p>\n<p> \tBach, Chopin, Beethoven e Rossini i compositori pi\u00f9 conosciuti ma si sono esibiti in artisti meno conosciuti con letture musicali molto impegnative; tra i pi\u00f9 applauditi, nel repertorio, un\u2019aria lirica tratta dall&#8217;opera di Rossini il &#8220;<em>Barbiere di Siviglia<\/em>&#8220;, i brani natalizi &#8220;<em>Jingle Bells<\/em>&#8221; e &#8220;<em>Astro del Ciel<\/em>&#8220;, sono stati suonati il primo da un duo con chitarra elettrica e xilofono, il secondo con chitarra elettrica e pianoforte.<\/p>\n<p> \tGli allievi sono stati accompagnati dai loro maestri <strong>Laura Furlan<\/strong> (violino), <strong>Marta Di Lena<\/strong> (flauto traverso), <strong>Matteo Antoni<\/strong> (chitarra elettrica), <strong>Alberto Olivo<\/strong> (pianoforte) e <strong>Elena Soranzio<\/strong> (violoncello). Assenti le maestre di pianoforte <strong>Elisabetta Taverna<\/strong> e <strong>Annalisa Ponton<\/strong>.<\/p>\n<p> \tLa Scuola di Musica di Ruda, associazione \u201cPro Musica\u201d, prepara i suoi allievi nel pianoforte, chitarra elettrica, violoncello, violino, flauto traverso e violoncello, ma anche nel canto, un impegno molto importante poich\u00e9 si parte dai piccolissimi, si pu\u00f2 dire bimbi ancora in fasce, ai grandicelli che arrivano fino ai tredici anni di et\u00e0.<\/p>\n<p> \t\u00a0<\/p>\n","protected":false},"excerpt":{"rendered":"<p>Accompagnati dai maestri hanno proposto brani del repertorio classico, alcuni anche molto impegnativi<\/p>\n","protected":false},"author":22,"featured_media":48112,"comment_status":"closed","ping_status":"closed","sticky":false,"template":"","format":"standard","meta":{"dwc-title":[],"dwc-content":[],"footnotes":""},"categories":[37],"tags":[],"class_list":["post-48111","post","type-post","status-publish","format-standard","has-post-thumbnail","hentry","category-cultura-e-spettacolo"],"rttpg_featured_image_url":{"full":["https:\/\/imagazine.it\/wp-content\/uploads\/2024\/02\/51420-1.webp",1000,750,false],"landscape":["https:\/\/imagazine.it\/wp-content\/uploads\/2024\/02\/51420-1.webp",1000,750,false],"portraits":["https:\/\/imagazine.it\/wp-content\/uploads\/2024\/02\/51420-1.webp",1000,750,false],"thumbnail":["https:\/\/imagazine.it\/wp-content\/uploads\/2024\/02\/51420-1-150x150.webp",150,150,true],"medium":["https:\/\/imagazine.it\/wp-content\/uploads\/2024\/02\/51420-1-300x225.webp",300,225,true],"large":["https:\/\/imagazine.it\/wp-content\/uploads\/2024\/02\/51420-1.webp",640,480,false],"thumblist":["https:\/\/imagazine.it\/wp-content\/uploads\/2024\/02\/51420-1-300x300.webp",300,300,true],"thumbrelated":["https:\/\/imagazine.it\/wp-content\/uploads\/2024\/02\/51420-1-500x500.webp",500,500,true],"meccarouselthumb":["https:\/\/imagazine.it\/wp-content\/uploads\/2024\/02\/51420-1-474x324.webp",474,324,true],"gridsquare":["https:\/\/imagazine.it\/wp-content\/uploads\/2024\/02\/51420-1-391x260.webp",391,260,true],"tileview":["https:\/\/imagazine.it\/wp-content\/uploads\/2024\/02\/51420-1-300x400.webp",300,400,true],"1536x1536":["https:\/\/imagazine.it\/wp-content\/uploads\/2024\/02\/51420-1.webp",1000,750,false],"2048x2048":["https:\/\/imagazine.it\/wp-content\/uploads\/2024\/02\/51420-1.webp",1000,750,false],"newsup-slider-full":["https:\/\/imagazine.it\/wp-content\/uploads\/2024\/02\/51420-1-1000x720.webp",1000,720,true],"newsup-featured":["https:\/\/imagazine.it\/wp-content\/uploads\/2024\/02\/51420-1.webp",1000,750,false],"newsup-medium":["https:\/\/imagazine.it\/wp-content\/uploads\/2024\/02\/51420-1-720x380.webp",720,380,true],"tptn_thumbnail":["https:\/\/imagazine.it\/wp-content\/uploads\/2024\/02\/51420-1.webp",250,188,false],"sow-carousel-default":["https:\/\/imagazine.it\/wp-content\/uploads\/2024\/02\/51420-1.webp",243,182,false]},"rttpg_author":{"display_name":"Livio Nonis","author_link":"https:\/\/imagazine.it\/home_desk\/author\/nonis\/"},"rttpg_comment":0,"rttpg_category":"<a href=\"https:\/\/imagazine.it\/home_desk\/category\/cultura-e-spettacolo\/\" rel=\"category tag\">CULTURA&amp;SPETTACOLO<\/a>","rttpg_excerpt":"Accompagnati dai maestri hanno proposto brani del repertorio classico, alcuni anche molto impegnativi","_links":{"self":[{"href":"https:\/\/imagazine.it\/home_desk\/wp-json\/wp\/v2\/posts\/48111","targetHints":{"allow":["GET"]}}],"collection":[{"href":"https:\/\/imagazine.it\/home_desk\/wp-json\/wp\/v2\/posts"}],"about":[{"href":"https:\/\/imagazine.it\/home_desk\/wp-json\/wp\/v2\/types\/post"}],"author":[{"embeddable":true,"href":"https:\/\/imagazine.it\/home_desk\/wp-json\/wp\/v2\/users\/22"}],"replies":[{"embeddable":true,"href":"https:\/\/imagazine.it\/home_desk\/wp-json\/wp\/v2\/comments?post=48111"}],"version-history":[{"count":0,"href":"https:\/\/imagazine.it\/home_desk\/wp-json\/wp\/v2\/posts\/48111\/revisions"}],"wp:featuredmedia":[{"embeddable":true,"href":"https:\/\/imagazine.it\/home_desk\/wp-json\/wp\/v2\/media\/48112"}],"wp:attachment":[{"href":"https:\/\/imagazine.it\/home_desk\/wp-json\/wp\/v2\/media?parent=48111"}],"wp:term":[{"taxonomy":"category","embeddable":true,"href":"https:\/\/imagazine.it\/home_desk\/wp-json\/wp\/v2\/categories?post=48111"},{"taxonomy":"post_tag","embeddable":true,"href":"https:\/\/imagazine.it\/home_desk\/wp-json\/wp\/v2\/tags?post=48111"}],"curies":[{"name":"wp","href":"https:\/\/api.w.org\/{rel}","templated":true}]}}