{"id":48091,"date":"2022-12-21T00:00:00","date_gmt":"2022-12-20T23:00:00","guid":{"rendered":"https:\/\/imagazine.it\/gemona-inaugurato-nuovo-immobile-ater\/"},"modified":"2022-12-21T00:00:00","modified_gmt":"2022-12-20T23:00:00","slug":"gemona-inaugurato-nuovo-immobile-ater","status":"publish","type":"post","link":"https:\/\/imagazine.it\/home_desk\/gemona-inaugurato-nuovo-immobile-ater\/","title":{"rendered":"Gemona, inaugurato nuovo immobile Ater"},"content":{"rendered":"<p> \tInaugurati a <strong>Gemona del Friuli<\/strong> 12 alloggi del nuovo compendio immobiliare dell&#8217;<strong>Ater<\/strong> <strong>di Udine<\/strong>, in via Paolo Borsellino, che potr\u00e0 ospitare fino a 44 persone.<\/p>\n<p> \tIl condominio, ultimato di recente, sorge in un&#8217;area che, in parte, ancora prima del terremoto del 1976 ospitava alcuni alloggi di edilizia residenziale, poi trasferiti altrove, e che torna dunque alla sua vecchia destinazione.\u00a0<\/p>\n<p> \tIl progetto, curato e coordinato da Ater Udine, ha condotto alla realizzazione di un <strong>immobile a L su tre piani<\/strong>: al piano terra trovano spazio due alloggi di cui uno accessibile a persone con disabilit\u00e0, cantine e centrale termica, mentre i piani superiori \u2013 accessibili sia con ascensore sia con le scale \u2013 ospitano altri 10 alloggi. Tutto il fabbricato rispetta le norme relative all\u2019abbattimento delle barriere architettoniche e risponde alla necessit\u00e0 di ottimizzare le prestazioni energetiche degli alloggi che sono classificati in <strong>classe energetica A4<\/strong>.<\/p>\n<p> \t<strong>Venticinque i parcheggi esterni<\/strong>, alcuni riservati ai residenti, di cui due destinati a persone con disabilit\u00e0. Sulle pareti esterne dei vani abitati, isolate a cappotto, \u00e8 stato applicato un rivestimento murale al quarzo. Sul lato Ovest dietro al fabbricato, sar\u00e0 possibile ricavare un\u2019area da utilizzare per degli orti ad uso esclusivo dei singoli alloggi. I lavori \u2013 realizzati con la supervisione dei tecnici di Ater Udine &#8211; sono stati consegnati all&#8217;impresa esecutrice Edilcostruzioni srl il 28 febbraio 2019 e sono stati ultimati nei giorni scorsi.\u00a0<\/p>\n<p> \tL&#8217;importo dei lavori di contratto ammontava inizialmente a 1.427.000 euro circa, con un quadro economico complessivo da 2.200.000 euro. L\u2019intervento ha ricevuto il <strong>finanziamento regionale per complessivi 2.015.000 euro<\/strong> ai sensi della legge regionale 1\/2016, mentre per la parte restante Ater ha proceduto con fondi propri.<\/p>\n<p> \t\u201cI costi sono aumentati strada facendo a causa del caro materiali \u2013 spiega il presidente del Cda di Ater Udine, <strong>Giorgio Michelutti<\/strong> \u2013 e dunque <strong>tutti i lavori sono costati 1.640.000 euro<\/strong>. Nonostante le difficolt\u00e0 operative a causa del Covid abbiano comportato qualche rallentamento nel cronoprogramma, oggi mettiamo a disposizione alloggi di altissima qualit\u00e0 sotto ogni profilo, a cominciare da quello estetico, per finire con quello energetico\u201d.<\/p>\n<p> \t\u201cUno degli aspetti pi\u00f9 rilevanti \u2013 ha sottolineato \u00a0 Michelutti \u2013 \u00e8 la perfetta rispondenza del nuovo fabbricato alle esigenze di accessibilit\u00e0, un requisito che alla nostra azienda sta particolarmente a cuore\u201d.<\/p>\n<p> \t\u201cLa Regione \u2013 ha aggiunto\u00a0l\u2019assessore alle autonomie locali, funzione pubblica, sicurezza, immigrazione <strong>Pierpaolo Roberti <\/strong>presente alla cerimonia in rappresentanza della Giunta regionale\u00a0\u2013 crede fortemente nel settore della casa non solo mettendo in campo risorse notevoli, \u00a0si pensi anche alla legge di riforma delle Ater regionali e che \u00a0in cinque anni nel settore della casa \u00a0sono stati messi a disposizione del sistema regionale oltre 70 milioni di euro a cui vanno ad \u00a0aggiungersi \u00a0tutte le risorse \u00a0del PNRR&#8221;<\/p>\n<p> \tIl bando di concorso \u2013\u00a0comunale\u00a0\u2013\u00a0per l\u2019assegnazione degli alloggi di edilizia sovvenzionata \u00e8 il n. 6\/2019, ed \u00e8 stato bandito dall\u2019allora Ater Alto Friuli (periodo di pubblicazione 03\/10\/2019 \u2013 17\/12\/2019).\u00a0La graduatoria definitiva \u00e8 stata pubblicata il 14 luglio 2020.\u00a0\u00a0Nel corso del 2022, a seguito della presentazione di 2 domande di \u201canziani\u201d, \u00e8 stata aggiornata due volte.\u00a0Le domande presentate complessivamente sono state 60 e di queste 55 sono quelle valide. \u00a0<\/p>\n<p> \tA oggi i richiedenti in attesa di assegnazione sono\u00a034. Entro\u00a0dicembre\u00a0\u00e8 previsto che rientrino\u00a0nella disponibilit\u00e0 dell\u2019Azienda dal ciclo di manutenzione, 7 alloggi\u00a0\u00a0che potranno soddisfare le esigenze abitative delle persone ancora in attesa di prima assegnazione nonch\u00e9 degli inquilini che hanno partecipato al bando \u201ccambi\u201d.\u00a0<\/p>\n<p> \tAll&#8217;inaugurazione \u00e8 intervenuto l\u2019intero Consiglio di amministrazione dell\u2019Ater Udine, il direttore dell\u2019Ater, <strong>Lorenzo Puzzi<\/strong>, oltre al sindaco di Gemona del Friuli, <strong>Roberto Revelant<\/strong>, accompagnato dal sindaco di Moggio\u00a0Udinese <strong>Giorgio Filaferro<\/strong>, il presidente e il vicepresidente del Consiglio regionale, rispettivamente <strong>Pietro Mauro Zanin<\/strong> e <strong>Stefano Mazzolini<\/strong>.<\/p>\n<p> \tDopo la benedizione del fabbricato da parte del parroco di Gemona, <strong>monsignor Valentino Costante<\/strong>, il programma ha visto\u00a0la consegna delle chiavi ai nuovi inquilini Ater,\u00a0il taglio del nastro e la visita all&#8217;immobile.<\/p>\n<p> \t\u00a0<\/p>\n","protected":false},"excerpt":{"rendered":"<p>In totale 12 alloggi che potranno ospitare fino a 44 persone. Entro dicembre \u00e8 prevista l&#8217;assegnazione<\/p>\n","protected":false},"author":28,"featured_media":48092,"comment_status":"closed","ping_status":"closed","sticky":false,"template":"","format":"standard","meta":{"dwc-title":[],"dwc-content":[],"footnotes":""},"categories":[5],"tags":[],"class_list":["post-48091","post","type-post","status-publish","format-standard","has-post-thumbnail","hentry","category-attualita"],"rttpg_featured_image_url":{"full":["https:\/\/imagazine.it\/wp-content\/uploads\/2024\/02\/51392-1.webp",1000,769,false],"landscape":["https:\/\/imagazine.it\/wp-content\/uploads\/2024\/02\/51392-1.webp",1000,769,false],"portraits":["https:\/\/imagazine.it\/wp-content\/uploads\/2024\/02\/51392-1.webp",1000,769,false],"thumbnail":["https:\/\/imagazine.it\/wp-content\/uploads\/2024\/02\/51392-1-150x150.webp",150,150,true],"medium":["https:\/\/imagazine.it\/wp-content\/uploads\/2024\/02\/51392-1-300x231.webp",300,231,true],"large":["https:\/\/imagazine.it\/wp-content\/uploads\/2024\/02\/51392-1.webp",640,492,false],"thumblist":["https:\/\/imagazine.it\/wp-content\/uploads\/2024\/02\/51392-1-300x300.webp",300,300,true],"thumbrelated":["https:\/\/imagazine.it\/wp-content\/uploads\/2024\/02\/51392-1-500x500.webp",500,500,true],"meccarouselthumb":["https:\/\/imagazine.it\/wp-content\/uploads\/2024\/02\/51392-1-474x324.webp",474,324,true],"gridsquare":["https:\/\/imagazine.it\/wp-content\/uploads\/2024\/02\/51392-1-391x260.webp",391,260,true],"tileview":["https:\/\/imagazine.it\/wp-content\/uploads\/2024\/02\/51392-1-300x400.webp",300,400,true],"1536x1536":["https:\/\/imagazine.it\/wp-content\/uploads\/2024\/02\/51392-1.webp",1000,769,false],"2048x2048":["https:\/\/imagazine.it\/wp-content\/uploads\/2024\/02\/51392-1.webp",1000,769,false],"newsup-slider-full":["https:\/\/imagazine.it\/wp-content\/uploads\/2024\/02\/51392-1-1000x720.webp",1000,720,true],"newsup-featured":["https:\/\/imagazine.it\/wp-content\/uploads\/2024\/02\/51392-1.webp",1000,769,false],"newsup-medium":["https:\/\/imagazine.it\/wp-content\/uploads\/2024\/02\/51392-1-720x380.webp",720,380,true],"tptn_thumbnail":["https:\/\/imagazine.it\/wp-content\/uploads\/2024\/02\/51392-1.webp",250,192,false],"sow-carousel-default":["https:\/\/imagazine.it\/wp-content\/uploads\/2024\/02\/51392-1.webp",237,182,false]},"rttpg_author":{"display_name":"redazione","author_link":"https:\/\/imagazine.it\/home_desk\/author\/redazione\/"},"rttpg_comment":0,"rttpg_category":"<a href=\"https:\/\/imagazine.it\/home_desk\/category\/attualita\/\" rel=\"category tag\">ATTUALIT\u00c0<\/a>","rttpg_excerpt":"In totale 12 alloggi che potranno ospitare fino a 44 persone. Entro dicembre \u00e8 prevista l'assegnazione","_links":{"self":[{"href":"https:\/\/imagazine.it\/home_desk\/wp-json\/wp\/v2\/posts\/48091","targetHints":{"allow":["GET"]}}],"collection":[{"href":"https:\/\/imagazine.it\/home_desk\/wp-json\/wp\/v2\/posts"}],"about":[{"href":"https:\/\/imagazine.it\/home_desk\/wp-json\/wp\/v2\/types\/post"}],"author":[{"embeddable":true,"href":"https:\/\/imagazine.it\/home_desk\/wp-json\/wp\/v2\/users\/28"}],"replies":[{"embeddable":true,"href":"https:\/\/imagazine.it\/home_desk\/wp-json\/wp\/v2\/comments?post=48091"}],"version-history":[{"count":0,"href":"https:\/\/imagazine.it\/home_desk\/wp-json\/wp\/v2\/posts\/48091\/revisions"}],"wp:featuredmedia":[{"embeddable":true,"href":"https:\/\/imagazine.it\/home_desk\/wp-json\/wp\/v2\/media\/48092"}],"wp:attachment":[{"href":"https:\/\/imagazine.it\/home_desk\/wp-json\/wp\/v2\/media?parent=48091"}],"wp:term":[{"taxonomy":"category","embeddable":true,"href":"https:\/\/imagazine.it\/home_desk\/wp-json\/wp\/v2\/categories?post=48091"},{"taxonomy":"post_tag","embeddable":true,"href":"https:\/\/imagazine.it\/home_desk\/wp-json\/wp\/v2\/tags?post=48091"}],"curies":[{"name":"wp","href":"https:\/\/api.w.org\/{rel}","templated":true}]}}