{"id":48089,"date":"2022-12-21T00:00:00","date_gmt":"2022-12-20T23:00:00","guid":{"rendered":"https:\/\/imagazine.it\/gorizia-inaugura-la-pista-di-pattinaggio-su-ghiaccio\/"},"modified":"2022-12-21T00:00:00","modified_gmt":"2022-12-20T23:00:00","slug":"gorizia-inaugura-la-pista-di-pattinaggio-su-ghiaccio","status":"publish","type":"post","link":"https:\/\/imagazine.it\/home_desk\/gorizia-inaugura-la-pista-di-pattinaggio-su-ghiaccio\/","title":{"rendered":"Gorizia inaugura la pista di pattinaggio su ghiaccio"},"content":{"rendered":"<p> \tGioved\u00ec 22 dicembre apre a <strong>Gorizia<\/strong> la <u><a href=\"https:\/\/www.facebook.com\/goriziaonice\" target=\"_blank\" rel=\"noopener\"><span style=\"color:#0000cd;\"><strong>pista di<\/strong> <strong>pattinaggio sul ghiaccio in piazza Vittoria<\/strong><\/span><\/a><\/u>, nell\u2019ambito degli eventi del Dicembre Goriziano.<\/p>\n<p> \tOperativa <strong>fino a domenica 8 gennaio<\/strong>, la pista sar\u00e0 aperta <strong>ogni giorno dalle 10 alle 19<\/strong>, con la <strong>possibilit\u00e0 di noleggiare i pattini<\/strong>.<\/p>\n<p> \tL\u2019inaugurazione ufficiale \u00e8 prevista alle ore 18 di gioved\u00ec pomeriggio, ma la pista sar\u00e0 fruibile gi\u00e0 dal mattino.<\/p>\n<p> \tA sponsorizzare la pista \u00e8 stata l\u2019impresa edile <strong>Goni<\/strong>. \u201cCi sono imprenditori \u2013 ringrazia ringraziamento l\u2019assessore comunale alle Attivit\u00e0 produttive,<strong> Luca Cagliari<\/strong> \u2013 che credono in Gorizia e che sono stati importanti per far s\u00ec che, per Natale, la citt\u00e0 abbia la pista di ghiaccio in piazza Vittoria\u201d.<\/p>\n<p> \tSempre gioved\u00ec 22, ai Giardini pubblici di corso Verdi, per iniziativa del Comune in collaborazione con l\u2019associazione Rosenkranz, dalle 15.30 alle 17.30 sar\u00e0 proposto lo spettacolo teatrale per bambini \u201cLa regina dei ghiacci\u201d.<\/p>\n<p> \tSlitta invece a venerd\u00ec 30 dicembre lo sbarco in piazza Vittoria degli Skaupaz Toifl, diavoli all\u2019apparenza, appartenenti alla tradizione alpina, in realt\u00e0 impegnati a proteggere la natura e i pi\u00f9 piccoli dalle tenebre dell\u2019inverno in attesa del risveglio della stagione.<\/p>\n<p> \tVenerd\u00ec 23, alle 11 in via Garibaldi, ci sar\u00e0 il tradizionale appuntamento con lo scambio di auguri con le forze dell\u2019ordine.<\/p>\n<p> \tAll\u2019atmosfera di festa contribuir\u00e0 la musica natalizia, con il concerto in via Rastello, nella piazzetta all\u2019angolo con via delle Monache, proposto alle 19 dall\u2019associazione Seghizzi in collaborazione con l\u2019associazione Via Rastello.<\/p>\n<p> \tSempre venerd\u00ec, alle 17, far\u00e0 tappa ai Giardini pubblici di Corso Verdi la fiamma simbolo di pace e dei valori sportivi della XVI Edizione Sport invernali, su neve e ghiaccio, di EYOF2023 FVG. Sar\u00e0 acceso il braciere con una suggestiva cerimonia a cui parteciperanno le istituzioni cittadine insieme ai rappresentanti del movimento sportivo del territorio.<\/p>\n<p> \tLa delegazione del Comitato organizzatore della sedicesima edizione invernale del Festival Olimpico della Giovent\u00f9 Europea 2023 sar\u00e0 accompagnata da alcuni atleti degli Sci club locali in veste di Tedofori.<\/p>\n<p> \tSabato 24 previsto l\u2019arrivo di Babbo Natale, che si aggirer\u00e0 per le strade del centro cittadino, distribuendo ai bambini caramelle e dolciumi.<\/p>\n<p> \t\u00a0<\/p>\n","protected":false},"excerpt":{"rendered":"<p>Aperta tutti i giorni dalle 10 alle 19 fino a domenica 8 gennaio<\/p>\n","protected":false},"author":28,"featured_media":48090,"comment_status":"closed","ping_status":"closed","sticky":false,"template":"","format":"standard","meta":{"dwc-title":[],"dwc-content":[],"footnotes":""},"categories":[8],"tags":[],"class_list":["post-48089","post","type-post","status-publish","format-standard","has-post-thumbnail","hentry","category-turismo"],"rttpg_featured_image_url":{"full":["https:\/\/imagazine.it\/wp-content\/uploads\/2024\/02\/51388-1.webp",1000,667,false],"landscape":["https:\/\/imagazine.it\/wp-content\/uploads\/2024\/02\/51388-1.webp",1000,667,false],"portraits":["https:\/\/imagazine.it\/wp-content\/uploads\/2024\/02\/51388-1.webp",1000,667,false],"thumbnail":["https:\/\/imagazine.it\/wp-content\/uploads\/2024\/02\/51388-1-150x150.webp",150,150,true],"medium":["https:\/\/imagazine.it\/wp-content\/uploads\/2024\/02\/51388-1-300x200.webp",300,200,true],"large":["https:\/\/imagazine.it\/wp-content\/uploads\/2024\/02\/51388-1.webp",640,427,false],"thumblist":["https:\/\/imagazine.it\/wp-content\/uploads\/2024\/02\/51388-1-300x300.webp",300,300,true],"thumbrelated":["https:\/\/imagazine.it\/wp-content\/uploads\/2024\/02\/51388-1-500x500.webp",500,500,true],"meccarouselthumb":["https:\/\/imagazine.it\/wp-content\/uploads\/2024\/02\/51388-1-474x324.webp",474,324,true],"gridsquare":["https:\/\/imagazine.it\/wp-content\/uploads\/2024\/02\/51388-1-391x260.webp",391,260,true],"tileview":["https:\/\/imagazine.it\/wp-content\/uploads\/2024\/02\/51388-1-300x400.webp",300,400,true],"1536x1536":["https:\/\/imagazine.it\/wp-content\/uploads\/2024\/02\/51388-1.webp",1000,667,false],"2048x2048":["https:\/\/imagazine.it\/wp-content\/uploads\/2024\/02\/51388-1.webp",1000,667,false],"newsup-slider-full":["https:\/\/imagazine.it\/wp-content\/uploads\/2024\/02\/51388-1.webp",1000,667,false],"newsup-featured":["https:\/\/imagazine.it\/wp-content\/uploads\/2024\/02\/51388-1.webp",1000,667,false],"newsup-medium":["https:\/\/imagazine.it\/wp-content\/uploads\/2024\/02\/51388-1-720x380.webp",720,380,true],"tptn_thumbnail":["https:\/\/imagazine.it\/wp-content\/uploads\/2024\/02\/51388-1.webp",250,167,false],"sow-carousel-default":["https:\/\/imagazine.it\/wp-content\/uploads\/2024\/02\/51388-1.webp",272,182,false]},"rttpg_author":{"display_name":"redazione","author_link":"https:\/\/imagazine.it\/home_desk\/author\/redazione\/"},"rttpg_comment":0,"rttpg_category":"<a href=\"https:\/\/imagazine.it\/home_desk\/category\/turismo\/\" rel=\"category tag\">TURISMO<\/a>","rttpg_excerpt":"Aperta tutti i giorni dalle 10 alle 19 fino a domenica 8 gennaio","_links":{"self":[{"href":"https:\/\/imagazine.it\/home_desk\/wp-json\/wp\/v2\/posts\/48089","targetHints":{"allow":["GET"]}}],"collection":[{"href":"https:\/\/imagazine.it\/home_desk\/wp-json\/wp\/v2\/posts"}],"about":[{"href":"https:\/\/imagazine.it\/home_desk\/wp-json\/wp\/v2\/types\/post"}],"author":[{"embeddable":true,"href":"https:\/\/imagazine.it\/home_desk\/wp-json\/wp\/v2\/users\/28"}],"replies":[{"embeddable":true,"href":"https:\/\/imagazine.it\/home_desk\/wp-json\/wp\/v2\/comments?post=48089"}],"version-history":[{"count":0,"href":"https:\/\/imagazine.it\/home_desk\/wp-json\/wp\/v2\/posts\/48089\/revisions"}],"wp:featuredmedia":[{"embeddable":true,"href":"https:\/\/imagazine.it\/home_desk\/wp-json\/wp\/v2\/media\/48090"}],"wp:attachment":[{"href":"https:\/\/imagazine.it\/home_desk\/wp-json\/wp\/v2\/media?parent=48089"}],"wp:term":[{"taxonomy":"category","embeddable":true,"href":"https:\/\/imagazine.it\/home_desk\/wp-json\/wp\/v2\/categories?post=48089"},{"taxonomy":"post_tag","embeddable":true,"href":"https:\/\/imagazine.it\/home_desk\/wp-json\/wp\/v2\/tags?post=48089"}],"curies":[{"name":"wp","href":"https:\/\/api.w.org\/{rel}","templated":true}]}}