{"id":48081,"date":"2022-12-21T00:00:00","date_gmt":"2022-12-20T23:00:00","guid":{"rendered":"https:\/\/imagazine.it\/trieste-daniela-dado-nuova-presidente-del-tartini\/"},"modified":"2022-12-21T00:00:00","modified_gmt":"2022-12-20T23:00:00","slug":"trieste-daniela-dado-nuova-presidente-del-tartini","status":"publish","type":"post","link":"https:\/\/imagazine.it\/home_desk\/trieste-daniela-dado-nuova-presidente-del-tartini\/","title":{"rendered":"Trieste, Daniela Dado nuova presidente del Tartini"},"content":{"rendered":"<p> \tGuider\u00e0 il <strong>Conservatorio di Musica Giuseppe Tartini di Trieste <\/strong>per un mandato triennale, fino a tutto il 2025: il notaio<strong> Daniela Dado <\/strong>\u00e8 la nuova presidente dell\u2019istituzione triestina di Alta Formazione musicale, forte di 120 anni di attivit\u00e0.<\/p>\n<p> \tLa nomina \u00e8 stata ufficializzata attraverso comunicazione del Ministro dell\u2019Istruzione e Ricerca, <strong>Anna Maria Bernini<\/strong>.<\/p>\n<p> \tPer la seconda volta dalla sua costituzione, dunque, \u00e8 una donna a presiedere il Conservatorio Tartini: prima del notaio Dado, infatti, nel triennio 2007\/2010 era stata Anna Illy a guidare l\u2019istituzione in cui operano un centinaio di docenti e che vanta oltre 700 studenti iscritti, con il primato, a livello italiano, negli scambi accademici Erasmus e di mobilit\u00e0 internazionale. La carica presidenziale del Conservatorio ha durata triennale per un massimo di due mandati consecutivi.<\/p>\n<p> \t\u00abSono onorata dell&#8217;incarico conferitomi \u2013 ha dichiarato Dado, appresa la notizia \u2013 e pronta a impegnarmi sin d&#8217;ora ad assolvere i compiti connessi a questo ruolo, nel rispetto pi\u00f9 assoluto della correttezza, dell&#8217;osservanza delle normative e della disponibilit\u00e0, principi tutti che hanno sempre contraddistinto la mia vita personale e professionale\u00bb.<\/p>\n<p> \tLaureata in Giurisprudenza all\u2019Universit\u00e0 degli Studi di Trieste con una tesi in diritto penale sui \u201cReati Ambientali\u201d, Daniela Dado \u00e8 iscritta alla pratica notarile nella sede di Trieste dal 1988. Ha presieduto anche l\u2019Associazione \u201cLe Buone Pratiche onlus, fondata per \u201c<em>sviluppare nelle persone e nei gruppi conoscenze, capacit\u00e0 e tecniche per l\u2019assunzione di responsabilit\u00e0 individuali e collettive tramite l\u2019apprendimento e l\u2019assimilazione di buone pratiche, il mutuo soccorso e l\u2019aiuto, diffondendo una cultura della responsabilit\u00e0 e del benessere<\/em>\u201d. Dal 14 luglio 2015 \u00e8 socia di AIDDA Associazione Imprenditrici e Donne Dirigenti d\u2019Azienda.<\/p>\n<p> \t\u00abSono personalmente e istituzionalmente molto felice di questa nomina \u2013 ha commentato il direttore del Tartini,<strong> Sandro Torlontano<\/strong> \u2013. Ringrazio il Consiglio Accademico per il lavoro che ha svolto nell\u2019individuazione del notaio Daniela Dado che dar\u00e0, grazie alla sua grande esperienza, un contributo importante e significativo al Conservatorio di Trieste. Questa nomina giunge a pochi giorni da un traguardo storico raggiunto dal Conservatorio di Trieste: l&#8217;attivazione, per la prima volta nella storia della nostra Istituzione e in Regione, del corso di Master biennale di II livello di pianoforte, che proietta cos\u00ec il Tartini nel terzo ciclo di studi, precedentemente appannaggio delle sole Universit\u00e0. Si potr\u00e0 quindi al Conservatorio di Trieste per il pianoforte ottenere un titolo di post laurea. Questo risultato \u00e8 stato possibile grazie al lavoro del professor Pietro Polotti, responsabile per il terzo ciclo di studi e del professor Luca Trabucco, referente della scuola di pianoforte, e grazie al sostanziale supporto della Regione Friuli Venezia Giulia, che ne ha sostenuto fortemente la realizzazione. Era uno degli obiettivi che mi ero prefissato con il mio incarico, e sono molto felice che Il Conservatorio abbia potuto raggiungerlo nel mio primo anno di mandato\u00bb.<\/p>\n<p> \t\u00a0<\/p>\n","protected":false},"excerpt":{"rendered":"<p>\u00c8 la seconda donna a presiedere il Conservatorio in 120 anni di attivit\u00e0<\/p>\n","protected":false},"author":28,"featured_media":48082,"comment_status":"closed","ping_status":"closed","sticky":false,"template":"","format":"standard","meta":{"dwc-title":[],"dwc-content":[],"footnotes":""},"categories":[37],"tags":[],"class_list":["post-48081","post","type-post","status-publish","format-standard","has-post-thumbnail","hentry","category-cultura-e-spettacolo"],"rttpg_featured_image_url":{"full":["https:\/\/imagazine.it\/wp-content\/uploads\/2024\/02\/51384-1.webp",750,615,false],"landscape":["https:\/\/imagazine.it\/wp-content\/uploads\/2024\/02\/51384-1.webp",750,615,false],"portraits":["https:\/\/imagazine.it\/wp-content\/uploads\/2024\/02\/51384-1.webp",750,615,false],"thumbnail":["https:\/\/imagazine.it\/wp-content\/uploads\/2024\/02\/51384-1-150x150.webp",150,150,true],"medium":["https:\/\/imagazine.it\/wp-content\/uploads\/2024\/02\/51384-1-300x246.webp",300,246,true],"large":["https:\/\/imagazine.it\/wp-content\/uploads\/2024\/02\/51384-1.webp",640,525,false],"thumblist":["https:\/\/imagazine.it\/wp-content\/uploads\/2024\/02\/51384-1-300x300.webp",300,300,true],"thumbrelated":["https:\/\/imagazine.it\/wp-content\/uploads\/2024\/02\/51384-1-500x500.webp",500,500,true],"meccarouselthumb":["https:\/\/imagazine.it\/wp-content\/uploads\/2024\/02\/51384-1-474x324.webp",474,324,true],"gridsquare":["https:\/\/imagazine.it\/wp-content\/uploads\/2024\/02\/51384-1-391x260.webp",391,260,true],"tileview":["https:\/\/imagazine.it\/wp-content\/uploads\/2024\/02\/51384-1-300x400.webp",300,400,true],"1536x1536":["https:\/\/imagazine.it\/wp-content\/uploads\/2024\/02\/51384-1.webp",750,615,false],"2048x2048":["https:\/\/imagazine.it\/wp-content\/uploads\/2024\/02\/51384-1.webp",750,615,false],"newsup-slider-full":["https:\/\/imagazine.it\/wp-content\/uploads\/2024\/02\/51384-1.webp",750,615,false],"newsup-featured":["https:\/\/imagazine.it\/wp-content\/uploads\/2024\/02\/51384-1.webp",750,615,false],"newsup-medium":["https:\/\/imagazine.it\/wp-content\/uploads\/2024\/02\/51384-1-720x380.webp",720,380,true],"tptn_thumbnail":["https:\/\/imagazine.it\/wp-content\/uploads\/2024\/02\/51384-1.webp",250,205,false],"sow-carousel-default":["https:\/\/imagazine.it\/wp-content\/uploads\/2024\/02\/51384-1.webp",222,182,false]},"rttpg_author":{"display_name":"redazione","author_link":"https:\/\/imagazine.it\/home_desk\/author\/redazione\/"},"rttpg_comment":0,"rttpg_category":"<a href=\"https:\/\/imagazine.it\/home_desk\/category\/cultura-e-spettacolo\/\" rel=\"category tag\">CULTURA&amp;SPETTACOLO<\/a>","rttpg_excerpt":"\u00c8 la seconda donna a presiedere il Conservatorio in 120 anni di attivit\u00e0","_links":{"self":[{"href":"https:\/\/imagazine.it\/home_desk\/wp-json\/wp\/v2\/posts\/48081","targetHints":{"allow":["GET"]}}],"collection":[{"href":"https:\/\/imagazine.it\/home_desk\/wp-json\/wp\/v2\/posts"}],"about":[{"href":"https:\/\/imagazine.it\/home_desk\/wp-json\/wp\/v2\/types\/post"}],"author":[{"embeddable":true,"href":"https:\/\/imagazine.it\/home_desk\/wp-json\/wp\/v2\/users\/28"}],"replies":[{"embeddable":true,"href":"https:\/\/imagazine.it\/home_desk\/wp-json\/wp\/v2\/comments?post=48081"}],"version-history":[{"count":0,"href":"https:\/\/imagazine.it\/home_desk\/wp-json\/wp\/v2\/posts\/48081\/revisions"}],"wp:featuredmedia":[{"embeddable":true,"href":"https:\/\/imagazine.it\/home_desk\/wp-json\/wp\/v2\/media\/48082"}],"wp:attachment":[{"href":"https:\/\/imagazine.it\/home_desk\/wp-json\/wp\/v2\/media?parent=48081"}],"wp:term":[{"taxonomy":"category","embeddable":true,"href":"https:\/\/imagazine.it\/home_desk\/wp-json\/wp\/v2\/categories?post=48081"},{"taxonomy":"post_tag","embeddable":true,"href":"https:\/\/imagazine.it\/home_desk\/wp-json\/wp\/v2\/tags?post=48081"}],"curies":[{"name":"wp","href":"https:\/\/api.w.org\/{rel}","templated":true}]}}