{"id":48053,"date":"2022-12-19T00:00:00","date_gmt":"2022-12-18T23:00:00","guid":{"rendered":"https:\/\/imagazine.it\/il-mepa-del-fvg-svelato-a-udine\/"},"modified":"2022-12-19T00:00:00","modified_gmt":"2022-12-18T23:00:00","slug":"il-mepa-del-fvg-svelato-a-udine","status":"publish","type":"post","link":"https:\/\/imagazine.it\/home_desk\/il-mepa-del-fvg-svelato-a-udine\/","title":{"rendered":"Il Mepa del FVG svelato a Udine"},"content":{"rendered":"<p> \tPresentata nella sede della Regione a <strong>Udine<\/strong> <em>eAppaltiFvg-Sistema acquisti telematici (Sat)<\/em>, la <strong>nuova piattaforma della pubblica amministrazione regionale<\/strong> per gli <strong>acquisti di beni e la fornitura di servizi<\/strong> realizzata con Insiel.<\/p>\n<p> \t&#8220;Con questo strumento puntiamo a fare in modo che le risorse pubbliche stanziate possano produrre rapidamente opere, beni e servizi, incontrando il minor numero possibile di barriere normative, amministrative e burocratiche ma soprattutto restino sul territorio regionale&#8221;, ha dichiarato l\u2019assessore regionale ai Sistemi informativi <strong>Sebastiano Callari<\/strong>.<\/p>\n<p> \t\u201cGli acquisti effettuati dalle stazioni appaltanti della Regione nel 2021 attraverso vari strumenti di acquisto \u2013 ha ricordato l\u2019assessore \u2013 sono stati circa 770 milioni di euro di cui 215 milioni per affidamenti diretti ovvero sotto la soglia dei 40mila euro. Solo il 41% di questi affidamenti \u00e8 stato erogato alle imprese del Friuli Venezia Giulia, questo significa che una buona parte \u00e8 uscita dal territorio regionale. Da qui l&#8217;idea di realizzare una sorta di Mepa regionale ma pi\u00f9 snello e aderente alle nostre necessit\u00e0; lo strumento nazionale risulta essere infatti molto complesso, con procedure complicate che scoraggiano la partecipazione delle piccole imprese (poco strutturate) e tempi di aggiudicazione troppo lunghi. Con <em>eAppaltiFvg-Sat<\/em> vogliamo accompagnare le piccole, medie e micro imprese del territorio, che non sono ancora in grado di cimentarsi con il mercato elettronico, ad entrare nella partita e non scomparire; non si tratta di una politica protezionistica ma di una politica finalizzata a favorire il principio della competitivit\u00e0 attraverso uno strumento &#8216;utilizzabile&#8217; anche dalle piccole medie e micro-imprese e a supporto del tessuto economico che deve essere resiliente in un mercato difficile. \u00c8 una modalit\u00e0 anche per essere pi\u00f9 vicini agli enti locali agevolandone il lavoro&#8221;.<\/p>\n<p> \t&#8220;La messa in esercizio di eAppaltiFvg-Sat \u2013 ha sottolineato Callari \u2013 \u00e8 il risultato di un lavoro di squadra tra Regione e Insiel iniziato due anni fa che pone il Friuli Venezia Giulia all&#8217;avanguardia nello scenario nazionale nel settore della gestione informatica dei processi di acquisto pubblici, introducendo un nuovo importante tassello, quello appunto dei cosiddetti appalti sottosoglia (inferiori ai 215mila euro)&#8221;.<\/p>\n<p> \tIl mercato elettronico per la Regione, come emerso nel corso della presentazione a cui hanno partecipato anche l&#8217;amministratore unico di Insiel <strong>Diego Antonini<\/strong> e i tecnici della societ\u00e0 in-house, consente alle Pa di utilizzare solo il portale <em>eAppaltiFvg<\/em> semplificando le procedure di accesso e di utilizzo, riducendo costi e tempi di processo garantendo la trasparenza e di avvalersi di un catalogo di prodotti e servizi maggiormente connessi al territorio. Gli operatori economici potranno beneficiare di una semplificazione dei processi di abilitazione, caricamento automatico dei cataloghi prodotti, pi\u00f9 semplici e agevoli rispetto a quelli di altre piattaforme, recuperare competitivit\u00e0 per le piccole e micro imprese, in particolare modo per i mercati locali, che avrebbero l&#8217;opportunit\u00e0 di valorizzare le proprie competenze e specificit\u00e0 tipiche del territorio di appartenenza.<\/p>\n<p> \tTutti gli operatori degli enti regionali attualmente registrati nella piattaforma eAppaltiFVG saranno automaticamente abilitati all&#8217;accesso alla nuova piattaforma eAppaltiFVG-Sat.<\/p>\n<p> \tSono previsti appositi corsi di formazione all&#8217;utilizzo del sistema a partire da gennaio 2023 secondo un calendario che verr\u00e0 comunicato.<\/p>\n<p> \t\u00a0<\/p>\n","protected":false},"excerpt":{"rendered":"<p>Nasce la nuova piattaforma della pubblica amministrazione regionale per gli acquisti di beni e la fornitura di servizi. Realizzata con Insiel<\/p>\n","protected":false},"author":28,"featured_media":48054,"comment_status":"closed","ping_status":"closed","sticky":false,"template":"","format":"standard","meta":{"dwc-title":[],"dwc-content":[],"footnotes":""},"categories":[5],"tags":[],"class_list":["post-48053","post","type-post","status-publish","format-standard","has-post-thumbnail","hentry","category-attualita"],"rttpg_featured_image_url":{"full":["https:\/\/imagazine.it\/wp-content\/uploads\/2024\/02\/51333-1.webp",1024,768,false],"landscape":["https:\/\/imagazine.it\/wp-content\/uploads\/2024\/02\/51333-1.webp",1024,768,false],"portraits":["https:\/\/imagazine.it\/wp-content\/uploads\/2024\/02\/51333-1.webp",1024,768,false],"thumbnail":["https:\/\/imagazine.it\/wp-content\/uploads\/2024\/02\/51333-1-150x150.webp",150,150,true],"medium":["https:\/\/imagazine.it\/wp-content\/uploads\/2024\/02\/51333-1-300x225.webp",300,225,true],"large":["https:\/\/imagazine.it\/wp-content\/uploads\/2024\/02\/51333-1.webp",640,480,false],"thumblist":["https:\/\/imagazine.it\/wp-content\/uploads\/2024\/02\/51333-1-300x300.webp",300,300,true],"thumbrelated":["https:\/\/imagazine.it\/wp-content\/uploads\/2024\/02\/51333-1-500x500.webp",500,500,true],"meccarouselthumb":["https:\/\/imagazine.it\/wp-content\/uploads\/2024\/02\/51333-1-474x324.webp",474,324,true],"gridsquare":["https:\/\/imagazine.it\/wp-content\/uploads\/2024\/02\/51333-1-391x260.webp",391,260,true],"tileview":["https:\/\/imagazine.it\/wp-content\/uploads\/2024\/02\/51333-1-300x400.webp",300,400,true],"1536x1536":["https:\/\/imagazine.it\/wp-content\/uploads\/2024\/02\/51333-1.webp",1024,768,false],"2048x2048":["https:\/\/imagazine.it\/wp-content\/uploads\/2024\/02\/51333-1.webp",1024,768,false],"newsup-slider-full":["https:\/\/imagazine.it\/wp-content\/uploads\/2024\/02\/51333-1-1024x720.webp",1024,720,true],"newsup-featured":["https:\/\/imagazine.it\/wp-content\/uploads\/2024\/02\/51333-1.webp",1024,768,false],"newsup-medium":["https:\/\/imagazine.it\/wp-content\/uploads\/2024\/02\/51333-1-720x380.webp",720,380,true],"tptn_thumbnail":["https:\/\/imagazine.it\/wp-content\/uploads\/2024\/02\/51333-1.webp",250,188,false],"sow-carousel-default":["https:\/\/imagazine.it\/wp-content\/uploads\/2024\/02\/51333-1.webp",243,182,false]},"rttpg_author":{"display_name":"redazione","author_link":"https:\/\/imagazine.it\/home_desk\/author\/redazione\/"},"rttpg_comment":0,"rttpg_category":"<a href=\"https:\/\/imagazine.it\/home_desk\/category\/attualita\/\" rel=\"category tag\">ATTUALIT\u00c0<\/a>","rttpg_excerpt":"Nasce la nuova piattaforma della pubblica amministrazione regionale per gli acquisti di beni e la fornitura di servizi. Realizzata con Insiel","_links":{"self":[{"href":"https:\/\/imagazine.it\/home_desk\/wp-json\/wp\/v2\/posts\/48053","targetHints":{"allow":["GET"]}}],"collection":[{"href":"https:\/\/imagazine.it\/home_desk\/wp-json\/wp\/v2\/posts"}],"about":[{"href":"https:\/\/imagazine.it\/home_desk\/wp-json\/wp\/v2\/types\/post"}],"author":[{"embeddable":true,"href":"https:\/\/imagazine.it\/home_desk\/wp-json\/wp\/v2\/users\/28"}],"replies":[{"embeddable":true,"href":"https:\/\/imagazine.it\/home_desk\/wp-json\/wp\/v2\/comments?post=48053"}],"version-history":[{"count":0,"href":"https:\/\/imagazine.it\/home_desk\/wp-json\/wp\/v2\/posts\/48053\/revisions"}],"wp:featuredmedia":[{"embeddable":true,"href":"https:\/\/imagazine.it\/home_desk\/wp-json\/wp\/v2\/media\/48054"}],"wp:attachment":[{"href":"https:\/\/imagazine.it\/home_desk\/wp-json\/wp\/v2\/media?parent=48053"}],"wp:term":[{"taxonomy":"category","embeddable":true,"href":"https:\/\/imagazine.it\/home_desk\/wp-json\/wp\/v2\/categories?post=48053"},{"taxonomy":"post_tag","embeddable":true,"href":"https:\/\/imagazine.it\/home_desk\/wp-json\/wp\/v2\/tags?post=48053"}],"curies":[{"name":"wp","href":"https:\/\/api.w.org\/{rel}","templated":true}]}}