{"id":48051,"date":"2022-12-19T00:00:00","date_gmt":"2022-12-18T23:00:00","guid":{"rendered":"https:\/\/imagazine.it\/palmanova-raccolti-oltre-100-doni-da-destinare-a-chi-ha-bisogno\/"},"modified":"2022-12-19T00:00:00","modified_gmt":"2022-12-18T23:00:00","slug":"palmanova-raccolti-oltre-100-doni-da-destinare-a-chi-ha-bisogno","status":"publish","type":"post","link":"https:\/\/imagazine.it\/home_desk\/palmanova-raccolti-oltre-100-doni-da-destinare-a-chi-ha-bisogno\/","title":{"rendered":"Palmanova, raccolti oltre 100 doni da destinare a chi ha bisogno"},"content":{"rendered":"<p> \t<strong>\u201cUn Natale di emozioni\u201d <\/strong>a<strong> Palmanova <\/strong>ha raccolto<strong> oltre 100 pacchi dono <\/strong>da destinare a bambini, adolescenti o adulti in difficolt\u00e0 economica.<\/p>\n<p> \tI regali sono stati consegnati alla Croce Rossa di Palmanova che si occuper\u00e0 della distribuzione a coloro che soffrono situazioni di disagio.<\/p>\n<p> \tSono stati raccolti <strong>passatempo<\/strong>, <strong>indumenti caldi<\/strong> come guanti o sciarpe, <strong>prodotti di bellezza<\/strong>, <strong>cose golose<\/strong> o semplicemente <strong>pensieri gentili<\/strong> come biglietti d\u2019auguri o decorazioni fatte a mano.<\/p>\n<p> \tSu ogni pacco \u00e8 stata <strong>indicata la fascia d\u2019et\u00e0 del destinatario<\/strong>: adolescenti dai 12 anni in su, bambini dai 3 ai 12 anni e beb\u00e8 sotto i 3 anni, ma anche adulti (20-30, 30-40, 40-50, 50-60, 60+ anni), specificando anche se \u00e8 destinato a maschi o femmine, in modo da consegnare ad ognuno un regalo utile e gradito.<\/p>\n<p> \tI doni sono stati raccolti grazie all\u2019organizzazione della <strong>Proloco ProPalma<\/strong>, con il supporto di cinque negozi cittadini: la Pizzeria al Gambero, la Profumeria Monparfum, La Porta sul Borgo, il Bar Demar e il Bar Bonsai. Ogni dono, <strong>nuovo o in ottimo stato<\/strong>, \u00e8 stato confezionato come se fosse un regalo di Natale. L\u2019attivit\u00e0 \u00e8 realizzata dal Comune di Palmanova, dall\u2019Associazione Pro Palma APS, dalla Croce Rossa Comitato di Palmanova in collaborazione con i commercianti della citt\u00e0.<\/p>\n<p> \t\u201cUn Natale di emozioni \u00e8 un progetto che si sta radicando tra le attivit\u00e0 natalizie in citt\u00e0 e dimostra l\u2019altruismo delle nostra comunit\u00e0. Siamo davvero contenti della grande adesione all\u2019iniziativa. Grazie alla generosit\u00e0 di molti, possiamo regalare un sorriso a molti bambini, ragazzi o adulti, in un periodo che merita di essere speciale. Natale deve portare un po&#8217; di gioia e serenit\u00e0 in tutte le case\u201d, spiega il presidente dell&#8217;associazione ProPalma, <strong>Nicola Fiorino<\/strong>.<\/p>\n<p> \t\u201cUn ringraziamento a tutti quelli che hanno pensato a coloro che pi\u00f9 soffrono, impegnandosi a donare in maniera incondizionata una piccola gioia o un sorriso. La citt\u00e0 di Palmanova ha risposto con il cuore e con la consueta generosit\u00e0. Questa iniziativa benefica valorizza la nostra comunit\u00e0 e racconta di quanto la solidariet\u00e0 e le generosit\u00e0 siano parte integrante del nostro tessuto sociale\u201d, sottolinea il sindaco di Palmanova <strong>Giuseppe Tellini<\/strong>.<\/p>\n<p> \t\u00a0<\/p>\n","protected":false},"excerpt":{"rendered":"<p>I regali sono stati consegnati alla locale Croce Rossa che si occuper\u00e0 della distribuzione a coloro che soffrono situazioni di disagio<\/p>\n","protected":false},"author":28,"featured_media":48052,"comment_status":"closed","ping_status":"closed","sticky":false,"template":"","format":"standard","meta":{"dwc-title":[],"dwc-content":[],"footnotes":""},"categories":[5],"tags":[],"class_list":["post-48051","post","type-post","status-publish","format-standard","has-post-thumbnail","hentry","category-attualita"],"rttpg_featured_image_url":{"full":["https:\/\/imagazine.it\/wp-content\/uploads\/2024\/02\/51332-1.webp",1000,694,false],"landscape":["https:\/\/imagazine.it\/wp-content\/uploads\/2024\/02\/51332-1.webp",1000,694,false],"portraits":["https:\/\/imagazine.it\/wp-content\/uploads\/2024\/02\/51332-1.webp",1000,694,false],"thumbnail":["https:\/\/imagazine.it\/wp-content\/uploads\/2024\/02\/51332-1-150x150.webp",150,150,true],"medium":["https:\/\/imagazine.it\/wp-content\/uploads\/2024\/02\/51332-1-300x208.webp",300,208,true],"large":["https:\/\/imagazine.it\/wp-content\/uploads\/2024\/02\/51332-1.webp",640,444,false],"thumblist":["https:\/\/imagazine.it\/wp-content\/uploads\/2024\/02\/51332-1-300x300.webp",300,300,true],"thumbrelated":["https:\/\/imagazine.it\/wp-content\/uploads\/2024\/02\/51332-1-500x500.webp",500,500,true],"meccarouselthumb":["https:\/\/imagazine.it\/wp-content\/uploads\/2024\/02\/51332-1-474x324.webp",474,324,true],"gridsquare":["https:\/\/imagazine.it\/wp-content\/uploads\/2024\/02\/51332-1-391x260.webp",391,260,true],"tileview":["https:\/\/imagazine.it\/wp-content\/uploads\/2024\/02\/51332-1-300x400.webp",300,400,true],"1536x1536":["https:\/\/imagazine.it\/wp-content\/uploads\/2024\/02\/51332-1.webp",1000,694,false],"2048x2048":["https:\/\/imagazine.it\/wp-content\/uploads\/2024\/02\/51332-1.webp",1000,694,false],"newsup-slider-full":["https:\/\/imagazine.it\/wp-content\/uploads\/2024\/02\/51332-1.webp",1000,694,false],"newsup-featured":["https:\/\/imagazine.it\/wp-content\/uploads\/2024\/02\/51332-1.webp",1000,694,false],"newsup-medium":["https:\/\/imagazine.it\/wp-content\/uploads\/2024\/02\/51332-1-720x380.webp",720,380,true],"tptn_thumbnail":["https:\/\/imagazine.it\/wp-content\/uploads\/2024\/02\/51332-1.webp",250,174,false],"sow-carousel-default":["https:\/\/imagazine.it\/wp-content\/uploads\/2024\/02\/51332-1.webp",262,182,false]},"rttpg_author":{"display_name":"redazione","author_link":"https:\/\/imagazine.it\/home_desk\/author\/redazione\/"},"rttpg_comment":0,"rttpg_category":"<a href=\"https:\/\/imagazine.it\/home_desk\/category\/attualita\/\" rel=\"category tag\">ATTUALIT\u00c0<\/a>","rttpg_excerpt":"I regali sono stati consegnati alla locale Croce Rossa che si occuper\u00e0 della distribuzione a coloro che soffrono situazioni di disagio","_links":{"self":[{"href":"https:\/\/imagazine.it\/home_desk\/wp-json\/wp\/v2\/posts\/48051","targetHints":{"allow":["GET"]}}],"collection":[{"href":"https:\/\/imagazine.it\/home_desk\/wp-json\/wp\/v2\/posts"}],"about":[{"href":"https:\/\/imagazine.it\/home_desk\/wp-json\/wp\/v2\/types\/post"}],"author":[{"embeddable":true,"href":"https:\/\/imagazine.it\/home_desk\/wp-json\/wp\/v2\/users\/28"}],"replies":[{"embeddable":true,"href":"https:\/\/imagazine.it\/home_desk\/wp-json\/wp\/v2\/comments?post=48051"}],"version-history":[{"count":0,"href":"https:\/\/imagazine.it\/home_desk\/wp-json\/wp\/v2\/posts\/48051\/revisions"}],"wp:featuredmedia":[{"embeddable":true,"href":"https:\/\/imagazine.it\/home_desk\/wp-json\/wp\/v2\/media\/48052"}],"wp:attachment":[{"href":"https:\/\/imagazine.it\/home_desk\/wp-json\/wp\/v2\/media?parent=48051"}],"wp:term":[{"taxonomy":"category","embeddable":true,"href":"https:\/\/imagazine.it\/home_desk\/wp-json\/wp\/v2\/categories?post=48051"},{"taxonomy":"post_tag","embeddable":true,"href":"https:\/\/imagazine.it\/home_desk\/wp-json\/wp\/v2\/tags?post=48051"}],"curies":[{"name":"wp","href":"https:\/\/api.w.org\/{rel}","templated":true}]}}