{"id":48049,"date":"2022-12-19T00:00:00","date_gmt":"2022-12-18T23:00:00","guid":{"rendered":"https:\/\/imagazine.it\/trieste-prosegue-lammodernamento-del-burlo\/"},"modified":"2022-12-19T00:00:00","modified_gmt":"2022-12-18T23:00:00","slug":"trieste-prosegue-lammodernamento-del-burlo","status":"publish","type":"post","link":"https:\/\/imagazine.it\/home_desk\/trieste-prosegue-lammodernamento-del-burlo\/","title":{"rendered":"Trieste, prosegue l&#8217;ammodernamento del Burlo"},"content":{"rendered":"<p> \tPresentati a <strong>Trieste<\/strong> i pi\u00f9 recenti investimenti effettuati dall\u2019<strong>Irccs<\/strong> <strong>Materno Infantile \u201cBurlo Garofolo\u201d<\/strong> per il rinnovo delle attrezzature e dei locali.<\/p>\n<p> \t\u00abStiamo procedendo celermente con i lavori della programmata revisione logistica dell\u2019Istituto \u2013 ha affermato il direttore generale dell\u2019Irccs, <strong>Stefano Dorbol\u00f2<\/strong> \u2013 che riguardano sia gli interventi di ristrutturazione degli immobili acquisiti nell\u2019area confinante, sia la riorganizzazione degli spazi interni. Contestualmente procediamo con il rinnovamento e l\u2019acquisizione di nuove apparecchiature ad alta valenza specialistica che riteniamo essere uno dei fondamenti del programma di sviluppo aziendale. Ringrazio da un lato l\u2019amministrazione regionale per averci assegnato i finanziamenti necessari e dall\u2019altro gli uffici amministrativi e tecnici per aver istruito e aggiudicato tempestivamente le complesse procedure di gara senza contenziosi. Devo altres\u00ec evidenziare l\u2019altissima capacit\u00e0 di spesa e l\u2019efficienza nell\u2019utilizzo dei fondi a disposizione tutti gi\u00e0 impiegati. Per la fine del nostro mandato raggiungeremo l\u2019obiettivo che ci siamo prefissati di ottimizzare la sicurezza degli ambienti di lavoro, massimizzare la gestione delle attivit\u00e0, migliorare la fruizione dei servizi da parte dell\u2019utenza, garantire migliori condizioni lavorative ai professionisti e ricercatori dando una prospettiva di crescita e di sviluppo del nostro Istituto\u00bb.<\/p>\n<p> \tGli <strong>investimenti finanziati dalla Regione<\/strong>, dal 2019 al 2022 per i lavori edili e impiantistici, sono stati di <strong>11,78 milioni di euro<\/strong> (con un picco nel 2020 di circa 8,80 milioni di euro), mentre per l\u2019<strong>acquisto<\/strong> <strong>attrezzature<\/strong> sono stati di <strong>6,81 milioni di euro<\/strong>.<\/p>\n<p> \tUno degli interventi di rinnovamento pi\u00f9 importanti avviati dal Burlo in questi anni riguarda le <strong>sale operatorie<\/strong>, che nel corso di quest\u2019anno sono state <strong>dotate di cinque nuovi tavoli operatori<\/strong>, destinati a chirurgia pediatrica, ortopedia, otorinolaringoiatria\/oculistica, ginecologia e alla sala parto, con un impegno finanziario che ha superato i 500mila euro.<\/p>\n<p> \tL\u2019obiettivo \u00e8 quello di garantire un lavoro pi\u00f9 agevole per l\u2019\u00e9quipe e una maggior sicurezza dell\u2019operando.<\/p>\n<p> \tIl progetto di rinnovamento proseguir\u00e0 con la sostituzione di lampade scialitiche e pensili e con la realizzazione di una seconda sala integrata, una sala\u00a0altamente tecnologica, progettata per massimizzare l&#8217;efficienza, favorire lo scambio di informazioni e l&#8217;apprendimento per i chirurghi in formazione. L\u2019Istituto, infatti, considera strategico l\u2019ambito chirurgico, che acquista nel contesto del Burlo la specificit\u00e0 pediatrica ossia quella di intervenire su individui in crescita, ai quale garantire, oltre ai chirurghi dedicati, moderne tecnologie che riducono l\u2019invasivit\u00e0 dell\u2019atto chirurgico e il disagio legato alle procedure.<\/p>\n<p> \tIl <strong>nuovo ascensore<\/strong>, realizzato accanto all\u2019ascensore esistente a servizio dei settori pi\u00f9 critici dell\u2019ospedale (sale operatorie, rianimazione e blocco parto), \u00e8 stato costruito grazie ai finanziamenti per l\u2019adeguamento degli ospedali alla gestione della pandemia di Covid, con l\u2019obiettivo di diversificare i percorsi di pazienti infetti e non infetti. In una fase post pandemica, la disponibilit\u00e0 di questo ulteriore percorso verticale consentir\u00e0 di definire una\u00a0migliore separazione dei flussi interni, che a oggi vede un\u2019importante commistione nei percorsi di utenti, operatori e merci.<\/p>\n<p> \tInoltre, il <strong>nuovo ambulatorio ortopedico<\/strong>, con sala d\u2019attesa dedicata, collocato in una zona adiacente alla radiologia e alla sala gessi, risolve l\u2019importante criticit\u00e0 dell\u2019affollamento dell\u2019attesa di quell\u2019area e consente di riservare all\u2019attivit\u00e0 ambulatoriale dell\u2019ortopedia un ulteriore spazio grazie al quale garantire un aumento dell\u2019offerta per una specialit\u00e0 spesso caratterizzata da lunghi tempi di attesa.<\/p>\n<p> \tIl primo gennaio 2022 \u00e8 stato avviato il contratto di concessione di servizi integrati in partenariato pubblico privato della durata di sette anni, nell\u2019ambito del quale sono previsti investimenti di efficientamento energetico e sostenibilit\u00e0 ambientale per circa 1,5 milioni di euro, a parziale carico del privato e gestiti in lotti funzionali.<\/p>\n<p> \tI lavori riguardano la realizzazione di un <strong>nuovo impianto di tri-generazione<\/strong>, la sostituzione delle lampadine con tecnologia Led su tutti gli spazi comuni (per un totale di 450 elementi), la realizzazione di una pensilina fotovoltaica di 36 kW, l\u2019efficientamento delle unit\u00e0 di trattamento aria, la realizzazione di un sistema di monitoraggio temperature, interventi di efficientamento impianti, il miglioramento del sistema di termoregolazione e controllo oltre ad altri investimenti funzionali.<\/p>\n<p> \tAlcuni interventi sono conclusi, altri sono in fase di chiusura, la sola pensilina fotovoltaica sta subendo un ritardo in quanto aggregata al progetto di rivisitazione dei parcheggi dell\u2019ospedale la cui \u00ad\u00ad\u00ad\u00ad\u00adprogettazione \u00e8 in fase di approvazione. Alla fine dei lavori si dovr\u00e0 raggiungere l\u2019obiettivo previsto di riduzione di energia primaria pari a circa il 10% su base annua, corrispondente a una riduzione di consumi pari a 155 tonnellate equivalenti di petrolio all\u2019anno, che in termini di sostenibilit\u00e0 ambientale \u00e8 valutato in 337 tonnellate anno di CO<sub>2<\/sub> evitate.<\/p>\n<p> \tLo scorso settembre \u00e8 stata, poi, installata una nuova Tac in sostituzione della precedente. \u00a0Si tratta di una delle prime installazioni in Italia caratterizzate da un ricostruttore di immagini basate su reti neurali e intelligenza artificiale. Nella pratica quotidiana il ricostruttore a intelligenza artificiale permette di ottenere immagini di altissima qualit\u00e0 con una quantit\u00e0 di raggi X molto pi\u00f9 bassa rispetto ad apparecchiature di precedenti generazioni. \u00c8 questo un aspetto fondamentale, particolarmente per un Istituto Materno-Infantile come il Burlo che, da sempre, \u00e8 impegnato a trattare i propri pazienti con la maggior delicatezza possibile.<\/p>\n<p> \t\u00c8 stata infine realizzata anche la <strong>camera bianca<\/strong>, detta <em>Clean Room<\/em>, che in ambito farmaceutico \u00e8 un ambiente privo di contaminanti e a umidit\u00e0 e pressione atmosferica controllate adibito all&#8217;allestimento di preparazioni farmaceutiche\u00a0sterili\u00ad.<\/p>\n<p> \tAlla conferenza stampa, conclusa dall\u2019intervento del vicepresidente della Regione Fvg, <strong>Riccardo Riccardi<\/strong>, sono intervenuti anche il dirigente medico della Struttura Complessa Radiologia Pediatrica, <strong>Flora Maria Murru<\/strong>, che ha illustrato la nuova Tac con intelligenza artificiale; il direttore sanitario, <strong>Paola Toscani<\/strong> che ha parlato del rinnovo dei tavoli operatori, del nuovo ambulatorio ortopedico e del nuovo ascensore B; il dirigente farmacista della Struttura semplice dipartimentale, <strong>Davide Zanon<\/strong>, che ha parlato della nuova camera bianca; il direttore della Struttura Complessa Gestione Tecnica e Realizzazione del Nuovo Ospedale, <strong>Elena Clio Pavan<\/strong>, che ha delineato l\u2019andamento degli investimenti di ripristino funzionale, risparmio energetico e sostenibilit\u00e0 ambientale.<\/p>\n<p> \t\u00a0<\/p>\n","protected":false},"excerpt":{"rendered":"<p>In ultimazione i lavori necessari a ottimizzare la sicurezza degli ambienti lavorativi, massimizzare la gestione delle attivit\u00e0 e migliorare la fruizione dei servizi da parte dell\u2019utenza<\/p>\n","protected":false},"author":28,"featured_media":48050,"comment_status":"closed","ping_status":"closed","sticky":false,"template":"","format":"standard","meta":{"dwc-title":[],"dwc-content":[],"footnotes":""},"categories":[5],"tags":[],"class_list":["post-48049","post","type-post","status-publish","format-standard","has-post-thumbnail","hentry","category-attualita"],"rttpg_featured_image_url":{"full":["https:\/\/imagazine.it\/wp-content\/uploads\/2024\/02\/51330-1.webp",1000,578,false],"landscape":["https:\/\/imagazine.it\/wp-content\/uploads\/2024\/02\/51330-1.webp",1000,578,false],"portraits":["https:\/\/imagazine.it\/wp-content\/uploads\/2024\/02\/51330-1.webp",1000,578,false],"thumbnail":["https:\/\/imagazine.it\/wp-content\/uploads\/2024\/02\/51330-1-150x150.webp",150,150,true],"medium":["https:\/\/imagazine.it\/wp-content\/uploads\/2024\/02\/51330-1-300x173.webp",300,173,true],"large":["https:\/\/imagazine.it\/wp-content\/uploads\/2024\/02\/51330-1.webp",640,370,false],"thumblist":["https:\/\/imagazine.it\/wp-content\/uploads\/2024\/02\/51330-1-300x300.webp",300,300,true],"thumbrelated":["https:\/\/imagazine.it\/wp-content\/uploads\/2024\/02\/51330-1-500x500.webp",500,500,true],"meccarouselthumb":["https:\/\/imagazine.it\/wp-content\/uploads\/2024\/02\/51330-1-474x324.webp",474,324,true],"gridsquare":["https:\/\/imagazine.it\/wp-content\/uploads\/2024\/02\/51330-1-391x260.webp",391,260,true],"tileview":["https:\/\/imagazine.it\/wp-content\/uploads\/2024\/02\/51330-1-300x400.webp",300,400,true],"1536x1536":["https:\/\/imagazine.it\/wp-content\/uploads\/2024\/02\/51330-1.webp",1000,578,false],"2048x2048":["https:\/\/imagazine.it\/wp-content\/uploads\/2024\/02\/51330-1.webp",1000,578,false],"newsup-slider-full":["https:\/\/imagazine.it\/wp-content\/uploads\/2024\/02\/51330-1.webp",1000,578,false],"newsup-featured":["https:\/\/imagazine.it\/wp-content\/uploads\/2024\/02\/51330-1.webp",1000,578,false],"newsup-medium":["https:\/\/imagazine.it\/wp-content\/uploads\/2024\/02\/51330-1-720x380.webp",720,380,true],"tptn_thumbnail":["https:\/\/imagazine.it\/wp-content\/uploads\/2024\/02\/51330-1.webp",250,145,false],"sow-carousel-default":["https:\/\/imagazine.it\/wp-content\/uploads\/2024\/02\/51330-1.webp",272,157,false]},"rttpg_author":{"display_name":"redazione","author_link":"https:\/\/imagazine.it\/home_desk\/author\/redazione\/"},"rttpg_comment":0,"rttpg_category":"<a href=\"https:\/\/imagazine.it\/home_desk\/category\/attualita\/\" rel=\"category tag\">ATTUALIT\u00c0<\/a>","rttpg_excerpt":"In ultimazione i lavori necessari a ottimizzare la sicurezza degli ambienti lavorativi, massimizzare la gestione delle attivit\u00e0 e migliorare la fruizione dei servizi da parte dell\u2019utenza","_links":{"self":[{"href":"https:\/\/imagazine.it\/home_desk\/wp-json\/wp\/v2\/posts\/48049","targetHints":{"allow":["GET"]}}],"collection":[{"href":"https:\/\/imagazine.it\/home_desk\/wp-json\/wp\/v2\/posts"}],"about":[{"href":"https:\/\/imagazine.it\/home_desk\/wp-json\/wp\/v2\/types\/post"}],"author":[{"embeddable":true,"href":"https:\/\/imagazine.it\/home_desk\/wp-json\/wp\/v2\/users\/28"}],"replies":[{"embeddable":true,"href":"https:\/\/imagazine.it\/home_desk\/wp-json\/wp\/v2\/comments?post=48049"}],"version-history":[{"count":0,"href":"https:\/\/imagazine.it\/home_desk\/wp-json\/wp\/v2\/posts\/48049\/revisions"}],"wp:featuredmedia":[{"embeddable":true,"href":"https:\/\/imagazine.it\/home_desk\/wp-json\/wp\/v2\/media\/48050"}],"wp:attachment":[{"href":"https:\/\/imagazine.it\/home_desk\/wp-json\/wp\/v2\/media?parent=48049"}],"wp:term":[{"taxonomy":"category","embeddable":true,"href":"https:\/\/imagazine.it\/home_desk\/wp-json\/wp\/v2\/categories?post=48049"},{"taxonomy":"post_tag","embeddable":true,"href":"https:\/\/imagazine.it\/home_desk\/wp-json\/wp\/v2\/tags?post=48049"}],"curies":[{"name":"wp","href":"https:\/\/api.w.org\/{rel}","templated":true}]}}