{"id":48033,"date":"2022-12-15T00:00:00","date_gmt":"2022-12-14T23:00:00","guid":{"rendered":"https:\/\/imagazine.it\/corsa-della-bora-verso-unedizione-da-record\/"},"modified":"2022-12-15T00:00:00","modified_gmt":"2022-12-14T23:00:00","slug":"corsa-della-bora-verso-unedizione-da-record","status":"publish","type":"post","link":"https:\/\/imagazine.it\/home_desk\/corsa-della-bora-verso-unedizione-da-record\/","title":{"rendered":"Corsa della Bora verso un&#8217;edizione da record"},"content":{"rendered":"<p> \tTorna dal 6 all\u20198 gennaio 2023 la <strong>Corsa della Bora<\/strong>: l\u2019evento di punta del trailrunning invernale in Italia, organizzato dall\u2019Asd SentieroUNO.<\/p>\n<p> \tMigliaia di atleti da tutto il mondo si stanno gi\u00e0 preparando a correre lungo i pi\u00f9 bei sentieri del <strong>Carso italiano e sloveno<\/strong> e ancora una volta <strong>Trieste<\/strong>, il Friuli Venezia Giulia e numerosi comuni della Slovenia torneranno al centro del panorama podistico mondiale.<\/p>\n<p> \tL\u2019ottava edizione \u00e8 stata presentata oggi al <strong>Civico Museo d\u2019Arte Orientale di Trieste<\/strong> alla presenza del sindaco di Trieste <strong>Roberto Dipiazza<\/strong>, dell\u2019assessore comunale alla Cultura e allo Sport <strong>Giorgio Rossi<\/strong>, dell\u2019assessore regionale alle Autonomie Locali <strong>Pierpaolo Roberti<\/strong>, del sindaco di Duino Aurisina \/ Devin Nabre\u017eina <strong>Igor Gabrovec<\/strong>, della sindaca di Monrupino &#8211; Repentabor <strong>Tanja Kosmina<\/strong>, dell\u2019assessore con delega allo sport del Comune di Sgonico &#8211; Zgonik <strong>Martina Budin<\/strong>, del presidente dell&#8217;Associazione Italiana Cultura e Sport Fvg <strong>Giorgio Mior<\/strong>, di <strong>Omar Fanciullo<\/strong> per Trieste Atletica e del presidente dell&#8217;Asd SentieroUno e direttore della Corsa della Bora <strong>Tommaso de Mottoni<\/strong>.<\/p>\n<p> \tL&#8217;evento \u00e8 sostenuto dalla Regione Fvg e Promoturismo, Aics e i Comuni di Trieste, Nova Gorica, Duino Aurisina &#8211; Devin Nabre\u017eina, San Dorligo della Valle \u2013 Dolina, Sgonico \u2013 Zgonik, Monrupino &#8211; Repentabor. Un evento in collaborazione con Coni, Fidal, Trieste Atletica e Wwf.<\/p>\n<p> \tUn evento che richiamer\u00e0 in Friuli Venezia Giulia <strong>atleti da 42 nazioni<\/strong>, che quest&#8217;anno potranno scegliere tra sette distanze per tutti i gusti e livelli di preparazione. Un trionfo di inclusione dopo due anni di restrizioni imposte dalla pandemia con un&#8217;adesione senza precedenti, tanto che il record di 2.200 iscritti dell&#8217;edizione scorsa \u00e8 stato ampiamente superato a un mese dalla gara.<\/p>\n<p> \tLe <strong>sette distanze<\/strong> vanno dai 9 Km ai 164 km della gara &#8220;regina&#8221;, la S1 Ultra, che quest\u2019anno partir\u00e0 da piazza della Transalpina a Nova Gorica, con un percorso per il 50% transfrontaliero, che terminer\u00e0, come per tutte le gare, nella splendida finish line di Portopiccolo, nel comune di Duino Aurisina &#8211; Devin Nabre\u017eina, con il Bora Village ampliato e potenziato per l\u2019occasione. Da segnalare, tra le non competitive, la passeggiata inclusiva da 9 Km per le famiglie, tra gli antichi sentieri dei pescatori, con la strada Costiera pedonalizzata e l&#8217;apertura straordinaria delle Cave di Aurisina.<\/p>\n<p> \tGrande ritorno della partenza in piazza Unit\u00e0 per la Ecomarathon da 42Km, dopo i due anni di restrizioni anti Covid, che hanno visto lo start da piazza Cavana. Altra partenza trionfale dal centro triestino per la S1 Urban da 29 Km, in cui gli atleti si ritroveranno sul Molo Audace, diretti verso Barcola e Opicina. Spettacolari anche le partenze della S1 Half 21 Km, da Monte Grisa, e della S1 Trail 57 Km da Basovizza, verso gli scenari pi\u00f9 belli della Val Rosandra. La notturna S1 Night Trail, partir\u00e0 da Sgonico\/Zgonik la rocca di Monrupino\/Repentabor illuminata guider\u00e0 gli atleti lungo il percorso. Percorsi pensati per valorizzare tutte le meraviglie nascoste dei Comuni carsici, dove gli atleti potranno correre in assoluta sicurezza, vista anche la stretta collaborazione con il Soccorso Alpino e Speleologico, che presidier\u00e0 alcuni passaggi.<\/p>\n<p> \t\u00a0<\/p>\n","protected":false},"excerpt":{"rendered":"<p>Il trailrunning invernale sar\u00e0 aperto agli atleti di tutti i livelli dalla S1 Family 9km alla S1 Ultra 164 Km, con un percorso per met\u00e0 transfrontaliero<\/p>\n","protected":false},"author":28,"featured_media":48034,"comment_status":"closed","ping_status":"closed","sticky":false,"template":"","format":"standard","meta":{"dwc-title":[],"dwc-content":[],"footnotes":""},"categories":[38],"tags":[],"class_list":["post-48033","post","type-post","status-publish","format-standard","has-post-thumbnail","hentry","category-sport"],"rttpg_featured_image_url":{"full":["https:\/\/imagazine.it\/wp-content\/uploads\/2024\/02\/51304-1.webp",1000,667,false],"landscape":["https:\/\/imagazine.it\/wp-content\/uploads\/2024\/02\/51304-1.webp",1000,667,false],"portraits":["https:\/\/imagazine.it\/wp-content\/uploads\/2024\/02\/51304-1.webp",1000,667,false],"thumbnail":["https:\/\/imagazine.it\/wp-content\/uploads\/2024\/02\/51304-1-150x150.webp",150,150,true],"medium":["https:\/\/imagazine.it\/wp-content\/uploads\/2024\/02\/51304-1-300x200.webp",300,200,true],"large":["https:\/\/imagazine.it\/wp-content\/uploads\/2024\/02\/51304-1.webp",640,427,false],"thumblist":["https:\/\/imagazine.it\/wp-content\/uploads\/2024\/02\/51304-1-300x300.webp",300,300,true],"thumbrelated":["https:\/\/imagazine.it\/wp-content\/uploads\/2024\/02\/51304-1-500x500.webp",500,500,true],"meccarouselthumb":["https:\/\/imagazine.it\/wp-content\/uploads\/2024\/02\/51304-1-474x324.webp",474,324,true],"gridsquare":["https:\/\/imagazine.it\/wp-content\/uploads\/2024\/02\/51304-1-391x260.webp",391,260,true],"tileview":["https:\/\/imagazine.it\/wp-content\/uploads\/2024\/02\/51304-1-300x400.webp",300,400,true],"1536x1536":["https:\/\/imagazine.it\/wp-content\/uploads\/2024\/02\/51304-1.webp",1000,667,false],"2048x2048":["https:\/\/imagazine.it\/wp-content\/uploads\/2024\/02\/51304-1.webp",1000,667,false],"newsup-slider-full":["https:\/\/imagazine.it\/wp-content\/uploads\/2024\/02\/51304-1.webp",1000,667,false],"newsup-featured":["https:\/\/imagazine.it\/wp-content\/uploads\/2024\/02\/51304-1.webp",1000,667,false],"newsup-medium":["https:\/\/imagazine.it\/wp-content\/uploads\/2024\/02\/51304-1-720x380.webp",720,380,true],"tptn_thumbnail":["https:\/\/imagazine.it\/wp-content\/uploads\/2024\/02\/51304-1.webp",250,167,false],"sow-carousel-default":["https:\/\/imagazine.it\/wp-content\/uploads\/2024\/02\/51304-1.webp",272,182,false]},"rttpg_author":{"display_name":"redazione","author_link":"https:\/\/imagazine.it\/home_desk\/author\/redazione\/"},"rttpg_comment":0,"rttpg_category":"<a href=\"https:\/\/imagazine.it\/home_desk\/category\/sport\/\" rel=\"category tag\">SPORT<\/a>","rttpg_excerpt":"Il trailrunning invernale sar\u00e0 aperto agli atleti di tutti i livelli dalla S1 Family 9km alla S1 Ultra 164 Km, con un percorso per met\u00e0 transfrontaliero","_links":{"self":[{"href":"https:\/\/imagazine.it\/home_desk\/wp-json\/wp\/v2\/posts\/48033","targetHints":{"allow":["GET"]}}],"collection":[{"href":"https:\/\/imagazine.it\/home_desk\/wp-json\/wp\/v2\/posts"}],"about":[{"href":"https:\/\/imagazine.it\/home_desk\/wp-json\/wp\/v2\/types\/post"}],"author":[{"embeddable":true,"href":"https:\/\/imagazine.it\/home_desk\/wp-json\/wp\/v2\/users\/28"}],"replies":[{"embeddable":true,"href":"https:\/\/imagazine.it\/home_desk\/wp-json\/wp\/v2\/comments?post=48033"}],"version-history":[{"count":0,"href":"https:\/\/imagazine.it\/home_desk\/wp-json\/wp\/v2\/posts\/48033\/revisions"}],"wp:featuredmedia":[{"embeddable":true,"href":"https:\/\/imagazine.it\/home_desk\/wp-json\/wp\/v2\/media\/48034"}],"wp:attachment":[{"href":"https:\/\/imagazine.it\/home_desk\/wp-json\/wp\/v2\/media?parent=48033"}],"wp:term":[{"taxonomy":"category","embeddable":true,"href":"https:\/\/imagazine.it\/home_desk\/wp-json\/wp\/v2\/categories?post=48033"},{"taxonomy":"post_tag","embeddable":true,"href":"https:\/\/imagazine.it\/home_desk\/wp-json\/wp\/v2\/tags?post=48033"}],"curies":[{"name":"wp","href":"https:\/\/api.w.org\/{rel}","templated":true}]}}