{"id":48031,"date":"2022-12-15T00:00:00","date_gmt":"2022-12-14T23:00:00","guid":{"rendered":"https:\/\/imagazine.it\/sci-ed-eventi-tarvisio-protagonista-del-nuovo-anno\/"},"modified":"2022-12-15T00:00:00","modified_gmt":"2022-12-14T23:00:00","slug":"sci-ed-eventi-tarvisio-protagonista-del-nuovo-anno","status":"publish","type":"post","link":"https:\/\/imagazine.it\/home_desk\/sci-ed-eventi-tarvisio-protagonista-del-nuovo-anno\/","title":{"rendered":"Sci ed eventi, Tarvisio protagonista del nuovo anno"},"content":{"rendered":"<p> \tSi \u00e8 svolta questa mattina a <strong>Udine<\/strong> presso il <strong>Palazzo della Regione<\/strong> la conferenza stampa di presentazione della <strong>cinquantesima edizione della &#8220;Fiaccolata del Monte Lussari&#8221;<\/strong> e delle <strong>due discese libere<\/strong> di Tarvisio valide per la <strong>Coppa Europa<\/strong>.<\/p>\n<p> \tAlla presenza del sindaco di Tarvisio <strong>Renzo Zanette<\/strong> e del presidente della FISI Friuli Venezia Giulia, <strong>Maurizio Dunnhofer, l&#8217;US Camporosso\u00a0<\/strong>ha presentato il programma di iniziative che tra le <strong>fine di dicembre<\/strong> e la prima <strong>met\u00e0 di gennaio<\/strong> daranno lustro all&#8217;intero territorio del\u00a0<strong>Tarvisiano<\/strong>.<\/p>\n<p> \tDopo due anni di pausa dovuti al Covid-19, <u><a href=\"http:\/\/www.imagazine.it\/eventi\/43433\" target=\"_blank\" rel=\"noopener\"><span style=\"color:#0000cd;\"><strong>domenica 1 gennaio<\/strong> torna la <strong>Fiaccolata del Monte Lussari<\/strong><\/span><\/a><\/u>, un evento che proprio nel <strong>2023<\/strong> celebrer\u00e0 la sua <strong>cinquantesima edizione<\/strong>.<\/p>\n<p> \t<em>&#8220;Dopo due anni di attesa, la Fiaccolata del Lussari torna e lo fa nel modo migliore celebrando le sue nozze d&#8217;oro &#8211; <\/em>ha esordito in apertura di conferenza stampa <strong>Damiano Matiz<\/strong>, presidente dell&#8217;US Camporosso<em> &#8211; per celebrare al meglio questo importante anniversario abbiamo predisposto un ricco programma di eventi in preparazione alla Fiaccolata che si svolgeranno nelle giornate del 29 e 30 dicembre, mentre il 1 gennaio sar\u00e0 come di consueto la giornata clou con tante iniziative che puntano alla valorizzazione del territorio ma anche al coinvolgimento dei pi\u00f9 piccoli prima dell&#8217;attesa discesa del Lussari con le torce.&#8221;<\/em><\/p>\n<p> \tUna tradizione iniziata pi\u00f9 di <strong>50 anni fa<\/strong>, quando un gruppo di amici decise di scendere lungo la <strong>pista Di Prampero<\/strong>, circa 3,5 km di lunghezza, vestiti con gli abiti della tradizione portando <strong>una fiaccola in mano<\/strong>. All&#8217;inizio erano in 20, oggi sono <strong>250 i fedelissimi<\/strong> che ogni anno disegnano questo serpentone di fiaccole che per <strong>45 minuti regala coreografie uniche<\/strong> per valligiani e turisti vicini e lontani.<\/p>\n<p> \tUna <strong>vera e propria festa<\/strong> che come da tradizione non si limiter\u00e0 unicamente alla <strong>fiaccolata<\/strong> ma che caratterizzer\u00e0 <strong>l&#8217;intera giornata d&#8217;inizio anno<\/strong> e che trasformer\u00e0 il piccolo centro storico di <strong>Camporosso<\/strong> nel luogo ideale per dare il <strong>benvenuto<\/strong> al nuovo anno.<\/p>\n<p> \tDieci giorni pi\u00f9 tardi, pi\u00f9 precisamente dal <strong>10 al 13 gennaio<\/strong>, la <strong>pista Di Prampero<\/strong> sar\u00e0 nuovamente grande protagonista ospitando i <strong>pi\u00f9 giovani e promettenti discesisti del mondo<\/strong> impegnati in <u><a href=\"http:\/\/www.imagazine.it\/eventi\/43434\" target=\"_blank\" rel=\"noopener\"><span style=\"color:#0000cd;\"><strong>due discese libere<\/strong> valide per la <strong>Coppa Europa<\/strong><\/span><\/a><\/u>. Per il <strong>secondo anno<\/strong> consecutivo infatti, <strong>Damiano Matiz e tutto il team dell&#8217;US Camporosso<\/strong>\u00a0sono riusciti a riportare il grande sci sull&#8217;unica pista al mondo dove il <strong>cancelletto di partenza<\/strong>\u00a0\u00e8 situato in prossimit\u00e0 di un vero e proprio borgo abitato.<\/p>\n<p> \tUn impegno notevole per lo storico <strong>sci club del Tarvisiano<\/strong> che dopo due anni di gare cadette vorrebbe ora fare il <strong>grande salto,<\/strong> puntando al\u00a0<strong>circuito di Coppa del Mondo<\/strong>, inserendosi inizialmente tra le localit\u00e0 <strong>candidate ad ospitare i possibili recuperi delle discipline veloci <\/strong>e poi puntando all&#8217;inserimento in calendario.<\/p>\n<p> \t<em>&#8220;Lo scorso anno abbiamo volutamente spostato le gare di Coppa Europa da Sella Nevea al Lussari per il riportare il grande sci sulla pista simbolo della nostra Regione e abbiamo ottenuto molti pareri favorevoli. La Di Prampero si presta perfettamente ad ospitare gare di alto livello e lo spettacolare panorama che si pu\u00f2 osservare dal cancelletto di partenza \u00e8 un autentico biglietto da visita per questa discesa libera <\/em>&#8211; ha spiegato <strong>Damiano Matiz<\/strong> &#8211; <em>quest&#8217;anno grazie al prezioso contributo dei volontari dell&#8217;US Camporosso, dei tecnici di PromoTurismoFVG e al supporto della Regione Friuli Venezia Giulia, vogliamo fare un ulteriore salto di qualit\u00e0 per dimostrare alla Federazione Internazionale che noi siamo pronti ad ospitare gare di Coppa del Mondo. Siamo consapevoli che la concorrenza \u00e8 alta, ma al tempo stesso siamo convinti che al momento non ci siano molte localit\u00e0 disponibili ad ospitare prove di discesa libera che tra l&#8217;altro \u00e8 la disciplina dello sci pi\u00f9 complessa da organizzare&#8221;.<\/em><\/p>\n<p> \tPer <strong>Tarvisio<\/strong> e per la <strong>Di Prampero <\/strong>non sarebbe la prima volta che il massimo circuito dello sci vi farebbe tappa. Come ha ricordato <strong>Paolo De Chiesa,<\/strong> ex azzurro della nazionale di sci e ora commentatore televisivo per Raisport, intervenuto con un video-saluto nel corso della conferenza stampa odierna, la pista del Lussari dal 2007 al 2011, ha infatti ospitato ben <strong>9 gare del Circo Rosa<\/strong> regalando grandi soddisfazioni a campionesse del calibro di <strong>Lindsey Vonn, Maria Riesch, Tina Maze, Renate Goetschl e Julia Mancuso<\/strong>.<\/p>\n<p> \tDello stesso avviso anche il <strong>presidente<\/strong> della FISI Friuli Venezia Giulia, <strong>Maurizio Dunnhofer<\/strong> che ha aggiunto: <em>&#8220;A nome del presidente della FISI Flavio Roda e in qualit\u00e0 di Presidente del Comitato Regionale porto i miei ringraziamenti all&#8217;US Camporosso per la dedizione con cui sta prepando l&#8217;evento di Coppa Europa. Gi\u00e0 lo scorso anno<\/em>\u00a0<em>il sodalizio friulano ha dimostrato alla Federazione Internazionale tutto il suo impegno nel garantire delle gare di altissimo livello su una pista dove non si gareggiava da molti anni. Sono convinto che questo progetto assieme al pieno coinvolgimento della Regione possa continuamente crescere nei prossimi anni e puntare decisamente in alto&#8221;.<\/em><\/p>\n<p> \tDa segnalare anche la partnership strategica con lo <strong>Snow Rugby<\/strong>, storico evento che da anni anima il parterre d&#8217;arrivo della Di Prampero, che si svolger\u00e0 nelle giornate successive alle gare di <strong>Coppa Europa<\/strong>. I due organizzatori infatti, hanno fatto sistema, sostenendosi vicendevolmente nelle <strong>attivit\u00e0 di comunicazione e di promozione<\/strong>.<\/p>\n<p> \tNel ventaglio di <strong>eventi collaterali<\/strong> merita una menzione anche il <strong>museo antiquarium<\/strong> con mostra permanente di reperti romani e la mostra di pittura dell&#8217;artista <strong>Lucia Forabosco <\/strong>organizzati dalla <strong>Vicinia<\/strong> di Camporosso, da sempre <strong>solido partner<\/strong> per le manifestazioni dell&#8217;<strong>US Camporosso<\/strong>.<\/p>\n<p> \t\u00a0<\/p>\n","protected":false},"excerpt":{"rendered":"<p>Dalla fiaccolata di Capodanno sul Monte Lussari alle due discese libere di Coppa Europa: appuntamenti di livello sulle nevi friulane<\/p>\n","protected":false},"author":28,"featured_media":48032,"comment_status":"closed","ping_status":"closed","sticky":false,"template":"","format":"standard","meta":{"dwc-title":[],"dwc-content":[],"footnotes":""},"categories":[38],"tags":[],"class_list":["post-48031","post","type-post","status-publish","format-standard","has-post-thumbnail","hentry","category-sport"],"rttpg_featured_image_url":{"full":["https:\/\/imagazine.it\/wp-content\/uploads\/2024\/02\/51303-1.webp",1000,750,false],"landscape":["https:\/\/imagazine.it\/wp-content\/uploads\/2024\/02\/51303-1.webp",1000,750,false],"portraits":["https:\/\/imagazine.it\/wp-content\/uploads\/2024\/02\/51303-1.webp",1000,750,false],"thumbnail":["https:\/\/imagazine.it\/wp-content\/uploads\/2024\/02\/51303-1-150x150.webp",150,150,true],"medium":["https:\/\/imagazine.it\/wp-content\/uploads\/2024\/02\/51303-1-300x225.webp",300,225,true],"large":["https:\/\/imagazine.it\/wp-content\/uploads\/2024\/02\/51303-1.webp",640,480,false],"thumblist":["https:\/\/imagazine.it\/wp-content\/uploads\/2024\/02\/51303-1-300x300.webp",300,300,true],"thumbrelated":["https:\/\/imagazine.it\/wp-content\/uploads\/2024\/02\/51303-1-500x500.webp",500,500,true],"meccarouselthumb":["https:\/\/imagazine.it\/wp-content\/uploads\/2024\/02\/51303-1-474x324.webp",474,324,true],"gridsquare":["https:\/\/imagazine.it\/wp-content\/uploads\/2024\/02\/51303-1-391x260.webp",391,260,true],"tileview":["https:\/\/imagazine.it\/wp-content\/uploads\/2024\/02\/51303-1-300x400.webp",300,400,true],"1536x1536":["https:\/\/imagazine.it\/wp-content\/uploads\/2024\/02\/51303-1.webp",1000,750,false],"2048x2048":["https:\/\/imagazine.it\/wp-content\/uploads\/2024\/02\/51303-1.webp",1000,750,false],"newsup-slider-full":["https:\/\/imagazine.it\/wp-content\/uploads\/2024\/02\/51303-1-1000x720.webp",1000,720,true],"newsup-featured":["https:\/\/imagazine.it\/wp-content\/uploads\/2024\/02\/51303-1.webp",1000,750,false],"newsup-medium":["https:\/\/imagazine.it\/wp-content\/uploads\/2024\/02\/51303-1-720x380.webp",720,380,true],"tptn_thumbnail":["https:\/\/imagazine.it\/wp-content\/uploads\/2024\/02\/51303-1.webp",250,188,false],"sow-carousel-default":["https:\/\/imagazine.it\/wp-content\/uploads\/2024\/02\/51303-1.webp",243,182,false]},"rttpg_author":{"display_name":"redazione","author_link":"https:\/\/imagazine.it\/home_desk\/author\/redazione\/"},"rttpg_comment":0,"rttpg_category":"<a href=\"https:\/\/imagazine.it\/home_desk\/category\/sport\/\" rel=\"category tag\">SPORT<\/a>","rttpg_excerpt":"Dalla fiaccolata di Capodanno sul Monte Lussari alle due discese libere di Coppa Europa: appuntamenti di livello sulle nevi friulane","_links":{"self":[{"href":"https:\/\/imagazine.it\/home_desk\/wp-json\/wp\/v2\/posts\/48031","targetHints":{"allow":["GET"]}}],"collection":[{"href":"https:\/\/imagazine.it\/home_desk\/wp-json\/wp\/v2\/posts"}],"about":[{"href":"https:\/\/imagazine.it\/home_desk\/wp-json\/wp\/v2\/types\/post"}],"author":[{"embeddable":true,"href":"https:\/\/imagazine.it\/home_desk\/wp-json\/wp\/v2\/users\/28"}],"replies":[{"embeddable":true,"href":"https:\/\/imagazine.it\/home_desk\/wp-json\/wp\/v2\/comments?post=48031"}],"version-history":[{"count":0,"href":"https:\/\/imagazine.it\/home_desk\/wp-json\/wp\/v2\/posts\/48031\/revisions"}],"wp:featuredmedia":[{"embeddable":true,"href":"https:\/\/imagazine.it\/home_desk\/wp-json\/wp\/v2\/media\/48032"}],"wp:attachment":[{"href":"https:\/\/imagazine.it\/home_desk\/wp-json\/wp\/v2\/media?parent=48031"}],"wp:term":[{"taxonomy":"category","embeddable":true,"href":"https:\/\/imagazine.it\/home_desk\/wp-json\/wp\/v2\/categories?post=48031"},{"taxonomy":"post_tag","embeddable":true,"href":"https:\/\/imagazine.it\/home_desk\/wp-json\/wp\/v2\/tags?post=48031"}],"curies":[{"name":"wp","href":"https:\/\/api.w.org\/{rel}","templated":true}]}}