{"id":48029,"date":"2022-12-15T00:00:00","date_gmt":"2022-12-14T23:00:00","guid":{"rendered":"https:\/\/imagazine.it\/ritratto-di-dannunzio-arricchisce-il-fondo-cividini\/"},"modified":"2022-12-15T00:00:00","modified_gmt":"2022-12-14T23:00:00","slug":"ritratto-di-dannunzio-arricchisce-il-fondo-cividini","status":"publish","type":"post","link":"https:\/\/imagazine.it\/home_desk\/ritratto-di-dannunzio-arricchisce-il-fondo-cividini\/","title":{"rendered":"Ritratto di D&#8217;Annunzio arricchisce il Fondo Cividini"},"content":{"rendered":"<p> \tIn vista dell\u2019apertura, prevista nei primi mesi del 2023 e voluta dal Comune di Monfalcone a valorizzazione di \u201cun luogo della memoria\u201d cittadina, nell\u2019<strong>ex<\/strong> <strong>Albergo impiegati di Monfalcone<\/strong> di una <strong>nuova cellula dell\u2019Ecomuseo Territori del CCM<\/strong> dedicata al <strong>fotografo Giovanni Cividini<\/strong> (1879-1959) e al <strong>medico anatomopatologo Claudio Bianchi<\/strong> (1935-2017), nuovi materiali sono stati donati da <strong>Alberto Cividini<\/strong>, nipote di Giovanni, al <strong>Consorzio Culturale del Monfalconese<\/strong>.<\/p>\n<p> \tIl Fondo Cividini, che documenta soprattutto <strong>lo sviluppo e l\u2019attivit\u00e0 del Cantiere Navale Triestino di Monfalcone<\/strong>, e l\u2019allestimento nell\u2019ex Albergo impiegati, che il CCM sta realizzando secondo quanto concordato con il Comune di Monfalcone, si arricchiscono di <strong>quattro negativi su lastra di vetro in perfetto stato di conservazione<\/strong>.<\/p>\n<p> \tIn due, risalenti alla met\u00e0 degli anni \u201820 dello scorso secolo, \u00e8 ritratto Gabriele D\u2019Annunzio, cliente dello studio aperto dal fotografo a Trieste con l\u2019inizio del Novecento, mentre negli altri due sono immortalati i tenenti piloti Pagliano e Gori, nell\u2019aeroporto della Comina di Pordenone, durante il primo conflitto mondiale. Della donazione fa parte anche un\u2019ottica utilizzata dal fotografo, ma Alberto Cividini ha consegnato al Consorzio Culturale, perch\u00e9 siano riprodotti, anche dei documenti autografi e delle lettere inviate da Gabriele D\u2019Annunzio al nonno.<\/p>\n<p> \t\u201c\u00c8 giusto che questi materiali vadano al Consorzio Culturale, che gi\u00e0 negli anni ha valorizzato il lavoro di mio nonno grazie all\u2019impegno, tra gli altri, di Giampaolo Cuscun\u00e0 &#8211; spiega Alberto Cividini -, e a fronte del progetto che prevede un magnifico spazio espositivo nell\u2019ex Albergo impiegati. Se dovessi rinvenire altri materiali, li consegner\u00f2 senz\u2019altro al CCM\u201d.<\/p>\n<p> \tAltrettanto importante per l\u2019ingegner Cividini, tuttora attivo nel campo della sicurezza sul lavoro, \u00e8 che nell\u2019ex Albergo impiegati sia valorizzata anche la figura di Claudio Bianchi, definito \u201cun pioniere nel far emergere l\u2019impatto dell\u2019esposizione all\u2019amianto sulla salute\u201d. Il CCM \u00e8 depositario dei volumi e dei documenti lasciati dal medico, gi\u00e0 catalogati e che saranno resi accessibili on line.<\/p>\n<p> \tOttenuto di recente lo spazio destinato ad accogliere la nuova cellula ecomuseale, il Consorzio Culturale conta di completare l\u2019allestimento nei primi mesi del 2023.<\/p>\n<p> \t\u201cL\u2019ex Albergo impiegati \u00e8 uno spazio che ha respirato la storia della citt\u00e0, cos\u00ec legata da inizio Novecento alle sorti del cantiere navale &#8211; afferma il sindaco di Monfalcone <strong>Anna Maria Cisint<\/strong> -. Oggi riportare l\u00ec importanti documenti, fotografie, materiali capaci di raccontarla attraverso le figure e le opere di Giovanni Cividini e Claudio Bianchi far\u00e0 di nuovo vibrare di vita quello spazio\u201d. La volont\u00e0 del CCM \u00e8 del resto quella non solo di conservare, ma soprattutto di valorizzazione il patrimonio culturale del territorio sul territorio, come ricorda il presidente del Consorzio Culturale, Davide Iannis. \u201cIn questo percorso svolgono un ruolo fondamentale le cellule ecomuseali, come quella che sar\u00e0 a breve realizzata nell\u2019Albergo Impiegati &#8211; aggiunge Iannis -. Si tratta di una rete di punti da consolidare e mettere in rete per valorizzare il ruolo di sviluppo socioculturale che il Monfalconese sta assumendo sempre pi\u00f9 e che sar\u00e0 sicuramente punto di riferimento per il prossimo appuntamento di Nova Gorica Gorizia Capitale europea della Cultura 2025\u201d.<\/p>\n<p> \tIl Fondo Cividini \u00e8 stato acquisito dalla fototeca del Centro Culturale Pubblico Polivalente (oggi Consorzio Culturale del Monfalconese) nel 1985 su donazione di Rolando Pangherz, titolare dello studio Rolli di Trieste, il quale aveva salvato dal degrado di un magazzino una copiosa quantit\u00e0 di lastre e pellicole (circa un migliaio) di mano del Cividini e, in minima parte, del suo collaboratore Mario Circovich. L\u2019importante opera di recupero che ha interessato il fondo negli anni successivi, <strong>a cura di Gianpaolo Cuscun\u00e0<\/strong>, ha condotto alla valorizzazione del fondo attraverso lo studio, la catalogazione, la stampa a contatto, l\u2019allestimento di una serie di mostre, la pubblicazione di alcuni volumi dedicati interamente all&#8217;opera del fotografo triestino e, infine, la digitalizzazione dei suoi scatti e la catalogazione sul Sistema Informativo Regionale del Patrimonio Culturale del Friuli Venezia Giulia (SIRPaC).<\/p>\n<p> \tIl contatto diretto con i familiari di Giovanni Cividini e un\u2019accurata ricerca d\u2019archivio <strong>a cura di Gianfranco Tedeschi e Giancarlo Brambilla<\/strong>, hanno reso possibile un\u2019attenta ricostruzione della sua biografia, mettendo in luce il ritratto di un valente professionista e, per usare le parole del figlio Omero, \u201cdi una persona che ha manifestato la sua arte con modestia, onest\u00e0 e laboriosit\u00e0\u201d. Il riconoscimento del lavoro di recupero e valorizzazione operato dal CCM da parte dei figli e dei nipoti del Cividini ha permesso, negli anni \u201890, l\u2019ulteriore espansione del fondo con la donazione dell\u2019album \u201cComina\u201d, creato dallo stesso fotografo con scatti propri e di altri autori ritraenti gli aviatori dell\u2019aeroporto militare della Comina (Pordenone) negli anni della Prima Guerra Mondiale, e di una serie di fotografie di famiglia.<\/p>\n<p> \t\u00a0<\/p>\n","protected":false},"excerpt":{"rendered":"<p>I materiali appartenuti al fotografo triestino trasferiti al CCM in vista dell\u2019apertura del nuovo spazio espositivo nell\u2019ex Albergo impiegati di Monfalcone<\/p>\n","protected":false},"author":22,"featured_media":48030,"comment_status":"closed","ping_status":"closed","sticky":false,"template":"","format":"standard","meta":{"dwc-title":[],"dwc-content":[],"footnotes":""},"categories":[37],"tags":[],"class_list":["post-48029","post","type-post","status-publish","format-standard","has-post-thumbnail","hentry","category-cultura-e-spettacolo"],"rttpg_featured_image_url":{"full":["https:\/\/imagazine.it\/wp-content\/uploads\/2024\/02\/51299-1.webp",1000,667,false],"landscape":["https:\/\/imagazine.it\/wp-content\/uploads\/2024\/02\/51299-1.webp",1000,667,false],"portraits":["https:\/\/imagazine.it\/wp-content\/uploads\/2024\/02\/51299-1.webp",1000,667,false],"thumbnail":["https:\/\/imagazine.it\/wp-content\/uploads\/2024\/02\/51299-1-150x150.webp",150,150,true],"medium":["https:\/\/imagazine.it\/wp-content\/uploads\/2024\/02\/51299-1-300x200.webp",300,200,true],"large":["https:\/\/imagazine.it\/wp-content\/uploads\/2024\/02\/51299-1.webp",640,427,false],"thumblist":["https:\/\/imagazine.it\/wp-content\/uploads\/2024\/02\/51299-1-300x300.webp",300,300,true],"thumbrelated":["https:\/\/imagazine.it\/wp-content\/uploads\/2024\/02\/51299-1-500x500.webp",500,500,true],"meccarouselthumb":["https:\/\/imagazine.it\/wp-content\/uploads\/2024\/02\/51299-1-474x324.webp",474,324,true],"gridsquare":["https:\/\/imagazine.it\/wp-content\/uploads\/2024\/02\/51299-1-391x260.webp",391,260,true],"tileview":["https:\/\/imagazine.it\/wp-content\/uploads\/2024\/02\/51299-1-300x400.webp",300,400,true],"1536x1536":["https:\/\/imagazine.it\/wp-content\/uploads\/2024\/02\/51299-1.webp",1000,667,false],"2048x2048":["https:\/\/imagazine.it\/wp-content\/uploads\/2024\/02\/51299-1.webp",1000,667,false],"newsup-slider-full":["https:\/\/imagazine.it\/wp-content\/uploads\/2024\/02\/51299-1.webp",1000,667,false],"newsup-featured":["https:\/\/imagazine.it\/wp-content\/uploads\/2024\/02\/51299-1.webp",1000,667,false],"newsup-medium":["https:\/\/imagazine.it\/wp-content\/uploads\/2024\/02\/51299-1-720x380.webp",720,380,true],"tptn_thumbnail":["https:\/\/imagazine.it\/wp-content\/uploads\/2024\/02\/51299-1.webp",250,167,false],"sow-carousel-default":["https:\/\/imagazine.it\/wp-content\/uploads\/2024\/02\/51299-1.webp",272,182,false]},"rttpg_author":{"display_name":"Livio Nonis","author_link":"https:\/\/imagazine.it\/home_desk\/author\/nonis\/"},"rttpg_comment":0,"rttpg_category":"<a href=\"https:\/\/imagazine.it\/home_desk\/category\/cultura-e-spettacolo\/\" rel=\"category tag\">CULTURA&amp;SPETTACOLO<\/a>","rttpg_excerpt":"I materiali appartenuti al fotografo triestino trasferiti al CCM in vista dell\u2019apertura del nuovo spazio espositivo nell\u2019ex Albergo impiegati di Monfalcone","_links":{"self":[{"href":"https:\/\/imagazine.it\/home_desk\/wp-json\/wp\/v2\/posts\/48029","targetHints":{"allow":["GET"]}}],"collection":[{"href":"https:\/\/imagazine.it\/home_desk\/wp-json\/wp\/v2\/posts"}],"about":[{"href":"https:\/\/imagazine.it\/home_desk\/wp-json\/wp\/v2\/types\/post"}],"author":[{"embeddable":true,"href":"https:\/\/imagazine.it\/home_desk\/wp-json\/wp\/v2\/users\/22"}],"replies":[{"embeddable":true,"href":"https:\/\/imagazine.it\/home_desk\/wp-json\/wp\/v2\/comments?post=48029"}],"version-history":[{"count":0,"href":"https:\/\/imagazine.it\/home_desk\/wp-json\/wp\/v2\/posts\/48029\/revisions"}],"wp:featuredmedia":[{"embeddable":true,"href":"https:\/\/imagazine.it\/home_desk\/wp-json\/wp\/v2\/media\/48030"}],"wp:attachment":[{"href":"https:\/\/imagazine.it\/home_desk\/wp-json\/wp\/v2\/media?parent=48029"}],"wp:term":[{"taxonomy":"category","embeddable":true,"href":"https:\/\/imagazine.it\/home_desk\/wp-json\/wp\/v2\/categories?post=48029"},{"taxonomy":"post_tag","embeddable":true,"href":"https:\/\/imagazine.it\/home_desk\/wp-json\/wp\/v2\/tags?post=48029"}],"curies":[{"name":"wp","href":"https:\/\/api.w.org\/{rel}","templated":true}]}}