{"id":48019,"date":"2022-12-14T00:00:00","date_gmt":"2022-12-13T23:00:00","guid":{"rendered":"https:\/\/imagazine.it\/i-luoghi-del-fvg-protagonisti-in-redemption\/"},"modified":"2022-12-14T00:00:00","modified_gmt":"2022-12-13T23:00:00","slug":"i-luoghi-del-fvg-protagonisti-in-redemption","status":"publish","type":"post","link":"https:\/\/imagazine.it\/home_desk\/i-luoghi-del-fvg-protagonisti-in-redemption\/","title":{"rendered":"I luoghi del FVG protagonisti in &#8220;Redemption&#8221;"},"content":{"rendered":"<p> \tSi sono concluse lo scorso <strong>6 dicembre<\/strong> le riprese di <strong>\u201c<em>Redemption<\/em>\u201d<\/strong>, terzo lungometraggio della regista slovena <strong>Sonja Prosenc, <\/strong>gi\u00e0 firma di <em>The Tree <\/em>(2014) e <em>History of Love <\/em>(2018), premiato nel Concorso Crystal Globe al <em>Karlovy Vary IFF <\/em>2018.<\/p>\n<p> \t\u201cRedemption\u201d, che ha ricevuto il contributo regionale della <strong>Friuli Venezia Giulia Film Commission \u2013 PromoTurismoFVG <\/strong>e del<strong> Fondo Audiovisivo FVG,<\/strong> \u00e8 una produzione <strong>Monoo<\/strong> (Slovenia), co-prodotto da <strong>Incipit film<\/strong> (Italia), <strong>Wolfgang&#038;Dolly<\/strong> (Croazia),<strong> Living Pictures<\/strong> (Serbia), <strong>Incitus<\/strong> (Norvegia), in collaborazione con <strong>Tomsa Film<\/strong> (France) e ha visto la regione Friuli Venezia Giulia protagonista assoluta delle location scelte per ambientare le riprese.<\/p>\n<p> \tSono infatti <strong>24 le giornate spese sul territorio<\/strong> dalla troupe, che in poco pi\u00f9 di un mese ha toccato le province di <strong>Udine, Gorizia, Trieste<\/strong>. Il set principale \u00e8 stato allestito a <strong>Firmano di Premariacco<\/strong>, nella lussuosa villa meglio conosciuta come <strong>\u201cla Capanna sul fiume\u201d<\/strong>, affacciata proprio sul Natisone.<\/p>\n<p> \tAltri luoghi della regione oggetto di ripresa sono stati poi la citt\u00e0 di <strong>Gorizia<\/strong>, il quartiere <strong>Rozzol Melara<\/strong> di Trieste, <strong>Trieste Airport<\/strong> e <strong>Basiliano<\/strong>. Infine, alcune scene sono state girate in Slovenia, principalmente a <strong>Lubiana<\/strong> e dintorni, nonch\u00e8 all\u2019ospedale di <strong>Nova Gorica<\/strong>.<\/p>\n<p> \tQuesta mattina al Visionario di Udine si \u00e8 tenuta la conferenza stampa alla quale erano presenti la regista <strong>Sonja Prosenc<\/strong>, <strong>Fabiana Balsamo <\/strong>per Incipitfilm, gli interpreti<strong> Katarina Stegnar <\/strong>e<strong>\u00a0Marko Mandic, Rok Se\u010den, <\/strong>produttore maggioritario con la slovena Monoo (che aveva gi\u00e0 coprodotto assieme alla stessa regista \u201cHistory of love\u201d, in collaborazione con un\u2019altra casa di produzione del territorio, la Nefertiti film di \u201cPiccolo Corpo\u201d)<strong>,<\/strong><strong> Gianluca Novel<\/strong> per FVG Film Commission e <strong>Paolo Vidali<\/strong> per il Fondo Audiovisivo FVG.<\/p>\n<p> \tIl film \u00e8 un <em>dark comedy-drama familiare <\/em>che ruota attorno a una famiglia apparentemente perfetta composta da Olivija, Aleksander e la loro figlia Agata. Quando Julian arriva a casa della famiglia, le realt\u00e0 dei protagonisti vengono stravolte, svelando le relazioni disfunzionali che si celano sotto una vita che sembrava perfetta. Attraverso l&#8217;umorismo, il film affronta, indaga e mette in luce alcune connotazioni tipiche delle \u00e9lite e delle loro vite emotivamente vacue, inserite nel contesto sociale contemporaneo.<\/p>\n<p> \t<strong>Mitja Li\u010den<\/strong>, storico collaboratore della Prosenc, cura la fotografia del film, il montaggio \u00e8 stato affidato a <strong>Ivana Fumi\u0107<\/strong>, mentre la scenografia \u00e8 di <strong>Tajana \u010cani\u0107 Stankovi\u0107<\/strong>.<\/p>\n<p> \tIl cast e la troupe del film, come anche le case di produzione, provengono da Slovenia, Croazia, Serbia, Italia, Francia e Norvegia. Il gruppo \u00e8 guidato da Katarina Stegnar (che ha collaborato con Prosenc in <em>The Tree<\/em>), Marko Mandi\u0107 (conosciuto nel panorama del cinema sloveno e tedesco), l\u2019attrice Mila Bezjak e l&#8217;attore francese Aliocha Schneider (visto in <em>Closet Monster <\/em>di Stephen Dunn) e sono <strong>12 i professionisti \u201cmade in FVG\u201d<\/strong> che hanno operato sul set del film, a cui vanno a sommarsi le oltre <strong>100 comparse<\/strong> coinvolte nelle riprese.<\/p>\n<p> \tLa Incipit Film, coproduttore per l\u2019Italia, \u00e8 un\u2019azienda al 100% regionale con sede a Moruzzo, che da anni produce documentari e film selezionati ai maggiori festival e distribuiti in molti Paesi, a testimonianza dell\u2019effervescente panorama produttivo regionale, sostenuto con continuit\u00e0 ed efficacia da <strong>FVG Film Commission e Fondo Audiovisivo FVG<\/strong>.<\/p>\n<p> \t<strong>FVG Film Commission \u2013 PromoTurismoFVG ringrazia per la preziosa collaborazione: le amministrazioni comunali di Trieste, Udine e Gorizia, Ater Trieste, Trieste Airport.<\/strong><\/p>\n<p> \tNella conferenza di questa mattina \u00e8 stata sottolineata l\u2019importanza delle coproduzioni che permettono di valicare i confini nazionali e tagliare il traguardo anche di festival internazionali.<\/p>\n<p> \t\u201cQuesta \u00e8 la storia di un nucleo familiare che vive dietro l\u2019apparenza di una vita perfetta: attraverso lo humor e la commedia ne affronta criticit\u00e0 e difficolt\u00e0, ma alla fine i personaggi si riuniranno e diventeranno una vera famiglia\u201d, ha spiegato la regista <strong>Sonja Prosenc, <\/strong>precisando come anche la location della casa risulti fondamentale nella realizzazione del film. \u201cE\u2019 una bolla in cui questa famiglia apparentemente perfetta vive, a contatto diretto con la natura ma isolata: trovarla \u00e8 stato impegnativo, ma era la casa perfetta\u201d.<\/p>\n<p> \t\u201cDal 2007 sono oltre 50 le produzioni FVG, realizzate sul territorio, che hanno partecipato a Festival internazionali e questo \u00e8 stato possibile grazie alle coproduzioni, anche con i vicini Paesi, che consentono di sommare esperienze, film e mercati realizzando progetti pi\u00f9 virtuosi e facendo crescere le imprese del territorio che realizzano film in regione\u201d ha sottolineato Paolo Vidali.<\/p>\n<p> \tLa post-produzione dovrebbe terminare entro aprile, con l\u2019intenzione di presentarsi gi\u00e0 in tarda primavera ai principali festival del cinema, ha indicato il produttore principale del film.<\/p>\n<p> \t\u00a0<\/p>\n","protected":false},"excerpt":{"rendered":"<p>La produzione ha toccato le provincie di Udine, Gorizia e Trieste per 24 giorni di riprese sul territorio. Tra cast e troupe 12 professionisti del territorio impiegati sul set e oltre 100 comparse<\/p>\n","protected":false},"author":28,"featured_media":48020,"comment_status":"closed","ping_status":"closed","sticky":false,"template":"","format":"standard","meta":{"dwc-title":[],"dwc-content":[],"footnotes":""},"categories":[37],"tags":[],"class_list":["post-48019","post","type-post","status-publish","format-standard","has-post-thumbnail","hentry","category-cultura-e-spettacolo"],"rttpg_featured_image_url":{"full":["https:\/\/imagazine.it\/wp-content\/uploads\/2024\/02\/51292-1.webp",1000,667,false],"landscape":["https:\/\/imagazine.it\/wp-content\/uploads\/2024\/02\/51292-1.webp",1000,667,false],"portraits":["https:\/\/imagazine.it\/wp-content\/uploads\/2024\/02\/51292-1.webp",1000,667,false],"thumbnail":["https:\/\/imagazine.it\/wp-content\/uploads\/2024\/02\/51292-1-150x150.webp",150,150,true],"medium":["https:\/\/imagazine.it\/wp-content\/uploads\/2024\/02\/51292-1-300x200.webp",300,200,true],"large":["https:\/\/imagazine.it\/wp-content\/uploads\/2024\/02\/51292-1.webp",640,427,false],"thumblist":["https:\/\/imagazine.it\/wp-content\/uploads\/2024\/02\/51292-1-300x300.webp",300,300,true],"thumbrelated":["https:\/\/imagazine.it\/wp-content\/uploads\/2024\/02\/51292-1-500x500.webp",500,500,true],"meccarouselthumb":["https:\/\/imagazine.it\/wp-content\/uploads\/2024\/02\/51292-1-474x324.webp",474,324,true],"gridsquare":["https:\/\/imagazine.it\/wp-content\/uploads\/2024\/02\/51292-1-391x260.webp",391,260,true],"tileview":["https:\/\/imagazine.it\/wp-content\/uploads\/2024\/02\/51292-1-300x400.webp",300,400,true],"1536x1536":["https:\/\/imagazine.it\/wp-content\/uploads\/2024\/02\/51292-1.webp",1000,667,false],"2048x2048":["https:\/\/imagazine.it\/wp-content\/uploads\/2024\/02\/51292-1.webp",1000,667,false],"newsup-slider-full":["https:\/\/imagazine.it\/wp-content\/uploads\/2024\/02\/51292-1.webp",1000,667,false],"newsup-featured":["https:\/\/imagazine.it\/wp-content\/uploads\/2024\/02\/51292-1.webp",1000,667,false],"newsup-medium":["https:\/\/imagazine.it\/wp-content\/uploads\/2024\/02\/51292-1-720x380.webp",720,380,true],"tptn_thumbnail":["https:\/\/imagazine.it\/wp-content\/uploads\/2024\/02\/51292-1.webp",250,167,false],"sow-carousel-default":["https:\/\/imagazine.it\/wp-content\/uploads\/2024\/02\/51292-1.webp",272,182,false]},"rttpg_author":{"display_name":"redazione","author_link":"https:\/\/imagazine.it\/home_desk\/author\/redazione\/"},"rttpg_comment":0,"rttpg_category":"<a href=\"https:\/\/imagazine.it\/home_desk\/category\/cultura-e-spettacolo\/\" rel=\"category tag\">CULTURA&amp;SPETTACOLO<\/a>","rttpg_excerpt":"La produzione ha toccato le provincie di Udine, Gorizia e Trieste per 24 giorni di riprese sul territorio. Tra cast e troupe 12 professionisti del territorio impiegati sul set e oltre 100 comparse","_links":{"self":[{"href":"https:\/\/imagazine.it\/home_desk\/wp-json\/wp\/v2\/posts\/48019","targetHints":{"allow":["GET"]}}],"collection":[{"href":"https:\/\/imagazine.it\/home_desk\/wp-json\/wp\/v2\/posts"}],"about":[{"href":"https:\/\/imagazine.it\/home_desk\/wp-json\/wp\/v2\/types\/post"}],"author":[{"embeddable":true,"href":"https:\/\/imagazine.it\/home_desk\/wp-json\/wp\/v2\/users\/28"}],"replies":[{"embeddable":true,"href":"https:\/\/imagazine.it\/home_desk\/wp-json\/wp\/v2\/comments?post=48019"}],"version-history":[{"count":0,"href":"https:\/\/imagazine.it\/home_desk\/wp-json\/wp\/v2\/posts\/48019\/revisions"}],"wp:featuredmedia":[{"embeddable":true,"href":"https:\/\/imagazine.it\/home_desk\/wp-json\/wp\/v2\/media\/48020"}],"wp:attachment":[{"href":"https:\/\/imagazine.it\/home_desk\/wp-json\/wp\/v2\/media?parent=48019"}],"wp:term":[{"taxonomy":"category","embeddable":true,"href":"https:\/\/imagazine.it\/home_desk\/wp-json\/wp\/v2\/categories?post=48019"},{"taxonomy":"post_tag","embeddable":true,"href":"https:\/\/imagazine.it\/home_desk\/wp-json\/wp\/v2\/tags?post=48019"}],"curies":[{"name":"wp","href":"https:\/\/api.w.org\/{rel}","templated":true}]}}