{"id":48007,"date":"2022-12-12T00:00:00","date_gmt":"2022-12-11T23:00:00","guid":{"rendered":"https:\/\/imagazine.it\/nasce-a-ruda-il-consiglio-comunale-dei-ragazzi\/"},"modified":"2022-12-12T00:00:00","modified_gmt":"2022-12-11T23:00:00","slug":"nasce-a-ruda-il-consiglio-comunale-dei-ragazzi","status":"publish","type":"post","link":"https:\/\/imagazine.it\/home_desk\/nasce-a-ruda-il-consiglio-comunale-dei-ragazzi\/","title":{"rendered":"Nasce a Ruda il Consiglio Comunale dei Ragazzi"},"content":{"rendered":"<p> \tInsediato il primo <strong>Consiglio Comunale dei Ragazzi di Ruda<\/strong>.<\/p>\n<p> \tLe elezioni si sono tenute il 18 novembre e il 10 dicembre si \u00e8 tenuta la cerimonia ufficiale di istituzione del CCR presso la sala consiliare.<\/p>\n<p> \tGli eletti, che resteranno in carica per due anni, sono: <strong>Gaia Buttignon<\/strong> nominata sindaco, <strong>Riccardo Michelli<\/strong> (vicesindaco) <strong>Mattia Fredolini<\/strong>, <strong>Rebecca Zanolla<\/strong>, <strong>Alice Portelli<\/strong>, <strong>Arianna Ciccuttin<\/strong>, <strong>Emma Mazzoli<\/strong>, <strong>Francesco Lorenzon<\/strong> e <strong>Rebecca Movio<\/strong>.<\/p>\n<p> \tNel progetto sono stati coinvolti i ragazzi della Scuola secondaria di primo grado \u201cCecilia Deganutti\u201d di <strong>Perteole<\/strong>: le classi prime come elettori e le classi seconde e terze anche come candidati.<\/p>\n<p> \tGli eletti si incontreranno due volte al mese, al termine delle lezioni, con l\u2019educatore Stefano per sviluppare idee e progetti importanti non solo per i ragazzi ma che possano avere risvolti positivi per tutta la comunit\u00e0.<\/p>\n<p> \t\u201cDopo un anno di lavoro, di confronti con insegnanti, alunni e professionisti \u2013 ha affermato il primo cittadino di Ruda, <strong>Franco Lenarduzzi<\/strong> \u2013, siamo orgogliosi di annunciare l\u2019avvio del Consiglio Comunale dei Ragazzi. Tutto il lavoro svolto nell\u2019ultimo anno ci ha permesso di concretizzare quella che \u00e8 la nostra idea di Consiglio dei Ragazzi, la pi\u00f9 adatta alla nostra realt\u00e0 comunale. Il CCR \u00e8 uno strumento che permette ai giovani di esprimere concretamente la loro partecipazione alla vita della comunit\u00e0. \u00c8 pensato come un\u2019opportunit\u00e0 per far conoscere ai ragazzi il territorio e le istituzioni, favorire la cittadinanza attiva, la socializzazione e la crescita personale\u201d.<\/p>\n<p> \t\u00a0<\/p>\n","protected":false},"excerpt":{"rendered":"<p>Gaia Buttignon nominata sindaco. Gli eletti si incontreranno due volte al mese al termine delle lezioni per sviluppare idee e progetti con risvolti per l&#8217;intera comunit\u00e0<\/p>\n","protected":false},"author":22,"featured_media":48008,"comment_status":"closed","ping_status":"closed","sticky":false,"template":"","format":"standard","meta":{"dwc-title":[],"dwc-content":[],"footnotes":""},"categories":[5],"tags":[],"class_list":["post-48007","post","type-post","status-publish","format-standard","has-post-thumbnail","hentry","category-attualita"],"rttpg_featured_image_url":{"full":["https:\/\/imagazine.it\/wp-content\/uploads\/2024\/02\/51266-1.webp",1000,750,false],"landscape":["https:\/\/imagazine.it\/wp-content\/uploads\/2024\/02\/51266-1.webp",1000,750,false],"portraits":["https:\/\/imagazine.it\/wp-content\/uploads\/2024\/02\/51266-1.webp",1000,750,false],"thumbnail":["https:\/\/imagazine.it\/wp-content\/uploads\/2024\/02\/51266-1-150x150.webp",150,150,true],"medium":["https:\/\/imagazine.it\/wp-content\/uploads\/2024\/02\/51266-1-300x225.webp",300,225,true],"large":["https:\/\/imagazine.it\/wp-content\/uploads\/2024\/02\/51266-1.webp",640,480,false],"thumblist":["https:\/\/imagazine.it\/wp-content\/uploads\/2024\/02\/51266-1-300x300.webp",300,300,true],"thumbrelated":["https:\/\/imagazine.it\/wp-content\/uploads\/2024\/02\/51266-1-500x500.webp",500,500,true],"meccarouselthumb":["https:\/\/imagazine.it\/wp-content\/uploads\/2024\/02\/51266-1-474x324.webp",474,324,true],"gridsquare":["https:\/\/imagazine.it\/wp-content\/uploads\/2024\/02\/51266-1-391x260.webp",391,260,true],"tileview":["https:\/\/imagazine.it\/wp-content\/uploads\/2024\/02\/51266-1-300x400.webp",300,400,true],"1536x1536":["https:\/\/imagazine.it\/wp-content\/uploads\/2024\/02\/51266-1.webp",1000,750,false],"2048x2048":["https:\/\/imagazine.it\/wp-content\/uploads\/2024\/02\/51266-1.webp",1000,750,false],"newsup-slider-full":["https:\/\/imagazine.it\/wp-content\/uploads\/2024\/02\/51266-1-1000x720.webp",1000,720,true],"newsup-featured":["https:\/\/imagazine.it\/wp-content\/uploads\/2024\/02\/51266-1.webp",1000,750,false],"newsup-medium":["https:\/\/imagazine.it\/wp-content\/uploads\/2024\/02\/51266-1-720x380.webp",720,380,true],"tptn_thumbnail":["https:\/\/imagazine.it\/wp-content\/uploads\/2024\/02\/51266-1.webp",250,188,false],"sow-carousel-default":["https:\/\/imagazine.it\/wp-content\/uploads\/2024\/02\/51266-1.webp",243,182,false]},"rttpg_author":{"display_name":"Livio Nonis","author_link":"https:\/\/imagazine.it\/home_desk\/author\/nonis\/"},"rttpg_comment":0,"rttpg_category":"<a href=\"https:\/\/imagazine.it\/home_desk\/category\/attualita\/\" rel=\"category tag\">ATTUALIT\u00c0<\/a>","rttpg_excerpt":"Gaia Buttignon nominata sindaco. Gli eletti si incontreranno due volte al mese al termine delle lezioni per sviluppare idee e progetti con risvolti per l'intera comunit\u00e0","_links":{"self":[{"href":"https:\/\/imagazine.it\/home_desk\/wp-json\/wp\/v2\/posts\/48007","targetHints":{"allow":["GET"]}}],"collection":[{"href":"https:\/\/imagazine.it\/home_desk\/wp-json\/wp\/v2\/posts"}],"about":[{"href":"https:\/\/imagazine.it\/home_desk\/wp-json\/wp\/v2\/types\/post"}],"author":[{"embeddable":true,"href":"https:\/\/imagazine.it\/home_desk\/wp-json\/wp\/v2\/users\/22"}],"replies":[{"embeddable":true,"href":"https:\/\/imagazine.it\/home_desk\/wp-json\/wp\/v2\/comments?post=48007"}],"version-history":[{"count":0,"href":"https:\/\/imagazine.it\/home_desk\/wp-json\/wp\/v2\/posts\/48007\/revisions"}],"wp:featuredmedia":[{"embeddable":true,"href":"https:\/\/imagazine.it\/home_desk\/wp-json\/wp\/v2\/media\/48008"}],"wp:attachment":[{"href":"https:\/\/imagazine.it\/home_desk\/wp-json\/wp\/v2\/media?parent=48007"}],"wp:term":[{"taxonomy":"category","embeddable":true,"href":"https:\/\/imagazine.it\/home_desk\/wp-json\/wp\/v2\/categories?post=48007"},{"taxonomy":"post_tag","embeddable":true,"href":"https:\/\/imagazine.it\/home_desk\/wp-json\/wp\/v2\/tags?post=48007"}],"curies":[{"name":"wp","href":"https:\/\/api.w.org\/{rel}","templated":true}]}}