{"id":48005,"date":"2022-12-12T00:00:00","date_gmt":"2022-12-11T23:00:00","guid":{"rendered":"https:\/\/imagazine.it\/trasformare-in-business-le-conoscenze-tecnologiche-nuovo-progetto-in-fvg\/"},"modified":"2022-12-12T00:00:00","modified_gmt":"2022-12-11T23:00:00","slug":"trasformare-in-business-le-conoscenze-tecnologiche-nuovo-progetto-in-fvg","status":"publish","type":"post","link":"https:\/\/imagazine.it\/home_desk\/trasformare-in-business-le-conoscenze-tecnologiche-nuovo-progetto-in-fvg\/","title":{"rendered":"Trasformare in business le conoscenze tecnologiche, nuovo progetto in FVG"},"content":{"rendered":"<p> \tPresentato a <strong>Udine<\/strong> <em>Startup Academy<\/em>, il progetto lanciato da <strong>Confindustria Udine<\/strong> e <strong>Friuli Innovazione<\/strong> con il supporto della <strong>Regione Friuli Venezia Giulia<\/strong> per affiancare le realt\u00e0 imprenditoriali pi\u00f9 giovani e condividere competenze, esperienze ed opportunit\u00e0, favorendo le nuove imprese tecnologiche e lo sviluppo del territorio. Attraverso questa iniziativa le nuove realt\u00e0 imprenditoriali saranno &#8216;accompagnate&#8217; sin dalle prime fasi della loro vita, con una serie di moduli formativi (4 da 16 ore ciascuno), che coprono i punti pi\u00f9 critici delle prime fasi di vita delle startup e delle nuove imprese tecnologiche.<\/p>\n<p> \t&#8220;La Regione ha impostato in questi anni un percorso volto a rafforzare il sistema regionale dell&#8217;innovazione e per creare quel substrato indispensabile per attrarre investimenti ad alto valore aggiunto &#8211; ha spiegato l&#8217;assessore regionale al Lavoro, formazione e ricerca <strong>Alessia Rosolen<\/strong> -. Il nostro \u00e8 un territorio ai vertici delle classifiche europee per l&#8217;innovazione, ma non dobbiamo limitarci a trattenere i giovani talenti, bens\u00ec dobbiamo puntare ad attrarli. La Regione sta investendo fortemente per contrastare il calo demografico ponendo attenzione non solo a chi c&#8217;\u00e8 ma anche a chi pu\u00f2 scegliere il Friuli Venezia Giulia per costruire progetti di vita&#8221;.<\/p>\n<p> \tLa vicepresidente di Confindustria Udine, <strong>Anna Mareschi Danieli<\/strong>, ha rimarcato come avere un&#8217;ottima idea ed essere bravi dal punto di vista tecnologico non siano di per s\u00e9 elementi sufficienti per creare una startup di successo: agli imprenditori deve essere presentato un <em>business plan<\/em> in cui siano riportati in modo trasparente chi fa il prodotto, come lo si vende, qual \u00e8 la sua sostenibilit\u00e0 economica e finanziaria. A fronte di idee brillanti e ben presentate, tocca per\u00f2 agli imprenditori avere il coraggio di investire nei giovani, finanziando le loro attivit\u00e0.<\/p>\n<p> \tFriuli Innovazione ha messo a frutto le competenze sviluppate in oltre 18 anni di attivit\u00e0 sulle startup del Friuli Venezia Giulia e ha disegnato una attivit\u00e0 formativa che permetter\u00e0 alle aziende partecipanti di affrontare temi chiave per il loro sviluppo.<\/p>\n<p> \tIl presidente <strong>Stefano Casaleggi<\/strong> ha rimarcato come il ruolo di Friuli Innovazione sia rispondere alle esigenze di un territorio e di un mercato in grande evoluzione. Tecnologia e competenze di business sono sempre pi\u00f9 intrecciate e agli imprenditori servono momenti dedicati allo sviluppo delle loro imprese. \u00c8 stata quindi costruita una serie di iniziative che aiutano le startup nel loro percorso di costituzione, sviluppo e crescita, affiancandole nella ricerca di momenti di ingaggio con le aziende consolidate del territorio, nella selezione di strumenti di finanziamento adeguati e nella loro promozione nazionale e internazionale.<\/p>\n","protected":false},"excerpt":{"rendered":"<p>Ideato per affiancare le realt\u00e0 imprenditoriali pi\u00f9 giovani e condividere competenze, esperienze e opportunit\u00e0. Prevista una serie di moduli formativi<\/p>\n","protected":false},"author":28,"featured_media":48006,"comment_status":"closed","ping_status":"closed","sticky":false,"template":"","format":"standard","meta":{"dwc-title":[],"dwc-content":[],"footnotes":""},"categories":[5],"tags":[],"class_list":["post-48005","post","type-post","status-publish","format-standard","has-post-thumbnail","hentry","category-attualita"],"rttpg_featured_image_url":{"full":["https:\/\/imagazine.it\/wp-content\/uploads\/2024\/02\/51264-1.webp",2000,1500,false],"landscape":["https:\/\/imagazine.it\/wp-content\/uploads\/2024\/02\/51264-1.webp",2000,1500,false],"portraits":["https:\/\/imagazine.it\/wp-content\/uploads\/2024\/02\/51264-1.webp",2000,1500,false],"thumbnail":["https:\/\/imagazine.it\/wp-content\/uploads\/2024\/02\/51264-1-150x150.webp",150,150,true],"medium":["https:\/\/imagazine.it\/wp-content\/uploads\/2024\/02\/51264-1-300x225.webp",300,225,true],"large":["https:\/\/imagazine.it\/wp-content\/uploads\/2024\/02\/51264-1-1024x768.webp",640,480,true],"thumblist":["https:\/\/imagazine.it\/wp-content\/uploads\/2024\/02\/51264-1-300x300.webp",300,300,true],"thumbrelated":["https:\/\/imagazine.it\/wp-content\/uploads\/2024\/02\/51264-1-500x500.webp",500,500,true],"meccarouselthumb":["https:\/\/imagazine.it\/wp-content\/uploads\/2024\/02\/51264-1-474x324.webp",474,324,true],"gridsquare":["https:\/\/imagazine.it\/wp-content\/uploads\/2024\/02\/51264-1-391x260.webp",391,260,true],"tileview":["https:\/\/imagazine.it\/wp-content\/uploads\/2024\/02\/51264-1-300x400.webp",300,400,true],"1536x1536":["https:\/\/imagazine.it\/wp-content\/uploads\/2024\/02\/51264-1-1536x1152.webp",1536,1152,true],"2048x2048":["https:\/\/imagazine.it\/wp-content\/uploads\/2024\/02\/51264-1.webp",2000,1500,false],"newsup-slider-full":["https:\/\/imagazine.it\/wp-content\/uploads\/2024\/02\/51264-1-1280x720.webp",1280,720,true],"newsup-featured":["https:\/\/imagazine.it\/wp-content\/uploads\/2024\/02\/51264-1-1024x768.webp",1024,768,true],"newsup-medium":["https:\/\/imagazine.it\/wp-content\/uploads\/2024\/02\/51264-1-720x380.webp",720,380,true],"tptn_thumbnail":["https:\/\/imagazine.it\/wp-content\/uploads\/2024\/02\/51264-1.webp",250,188,false],"sow-carousel-default":["https:\/\/imagazine.it\/wp-content\/uploads\/2024\/02\/51264-1.webp",243,182,false]},"rttpg_author":{"display_name":"redazione","author_link":"https:\/\/imagazine.it\/home_desk\/author\/redazione\/"},"rttpg_comment":0,"rttpg_category":"<a href=\"https:\/\/imagazine.it\/home_desk\/category\/attualita\/\" rel=\"category tag\">ATTUALIT\u00c0<\/a>","rttpg_excerpt":"Ideato per affiancare le realt\u00e0 imprenditoriali pi\u00f9 giovani e condividere competenze, esperienze e opportunit\u00e0. Prevista una serie di moduli formativi","_links":{"self":[{"href":"https:\/\/imagazine.it\/home_desk\/wp-json\/wp\/v2\/posts\/48005","targetHints":{"allow":["GET"]}}],"collection":[{"href":"https:\/\/imagazine.it\/home_desk\/wp-json\/wp\/v2\/posts"}],"about":[{"href":"https:\/\/imagazine.it\/home_desk\/wp-json\/wp\/v2\/types\/post"}],"author":[{"embeddable":true,"href":"https:\/\/imagazine.it\/home_desk\/wp-json\/wp\/v2\/users\/28"}],"replies":[{"embeddable":true,"href":"https:\/\/imagazine.it\/home_desk\/wp-json\/wp\/v2\/comments?post=48005"}],"version-history":[{"count":0,"href":"https:\/\/imagazine.it\/home_desk\/wp-json\/wp\/v2\/posts\/48005\/revisions"}],"wp:featuredmedia":[{"embeddable":true,"href":"https:\/\/imagazine.it\/home_desk\/wp-json\/wp\/v2\/media\/48006"}],"wp:attachment":[{"href":"https:\/\/imagazine.it\/home_desk\/wp-json\/wp\/v2\/media?parent=48005"}],"wp:term":[{"taxonomy":"category","embeddable":true,"href":"https:\/\/imagazine.it\/home_desk\/wp-json\/wp\/v2\/categories?post=48005"},{"taxonomy":"post_tag","embeddable":true,"href":"https:\/\/imagazine.it\/home_desk\/wp-json\/wp\/v2\/tags?post=48005"}],"curies":[{"name":"wp","href":"https:\/\/api.w.org\/{rel}","templated":true}]}}