{"id":48001,"date":"2022-12-12T00:00:00","date_gmt":"2022-12-11T23:00:00","guid":{"rendered":"https:\/\/imagazine.it\/a-palmanova-un-nuovo-polo-per-linfanzia\/"},"modified":"2022-12-12T00:00:00","modified_gmt":"2022-12-11T23:00:00","slug":"a-palmanova-un-nuovo-polo-per-linfanzia","status":"publish","type":"post","link":"https:\/\/imagazine.it\/home_desk\/a-palmanova-un-nuovo-polo-per-linfanzia\/","title":{"rendered":"A Palmanova un nuovo Polo per l\u2019infanzia"},"content":{"rendered":"<p> \tIl Comune di Palmanova si aggiudica <strong>3 milioni di euro per la realizzazione di un nuovo polo per l\u2019infanzia<\/strong> grazie ai fondi PNRR.<\/p>\n<p> \tUna nuova struttura che comprender\u00e0 <strong>un nido da 40 posti e una scuola dell\u2019infanzia per tre sezioni<\/strong>. Complessivamente pi\u00f9 di 1.000 mq di spazio per i bambini e uno spazio verde di oltre 2.000 mq completamente interno alla struttura, in un contesto protetto dalla vista e dalla viabilit\u00e0.<\/p>\n<p> \tIl <strong>Polo sorger\u00e0 infatti in Piazza XX Settembre<\/strong>, in un\u2019area centrale della citt\u00e0, circondato da un polmone verde e da un parco giochi.<\/p>\n<p> \tPochi giorni fa \u00e8 arrivato il via libera definitivo del Ministero dell\u2019Istruzione. Infatti, grazie alla partecipazione a un bando articolato, l\u2019Amministrazione Comunale di Palmanova si \u00e8 aggiudicata la cifra che permetter\u00e0 di realizzare il complesso scolastico <strong>con tecnologie all\u2019avanguardia, con un elevato grado di efficienza energetica<\/strong>, una particolare attenzione agli impianti di riscaldamento e depurazione dell\u2019aria, un\u2019accurata scelta di materiali e <strong>una concezione degli spazi interni che rispecchi le esigenze delle varie fasce d\u2019et\u00e0<\/strong>. Una struttura versatile, con pareti scorrevoli che permettano di modulare gli spazi a seconda delle esigenze delle maestre e dei bambini, con grandi vetrate e sale polivalenti, una cucina all\u2019avanguardia, saloni per i giochi, sale nanna, uffici, servizi e lavanderia, aree ricreative e un anfiteatro nel parco.<\/p>\n<p> \tUn\u2019operazione che avr\u00e0 anche una valenza urbanistica in quanto andr\u00e0 a <strong>completare il quarto della piazzetta di Sestriere della viabilit\u00e0 secentesca veneziana<\/strong>, ridando all\u2019area la configurazione originale.<\/p>\n<p> \tL\u2019area, di propriet\u00e0 comunale e indicata nel Piano Regolatore Comunale come idonea per i servizi scolastici, sorge <strong>accanto al Parco Giochi della casa dell\u2019Acqua di 4.000 mq<\/strong>. Un ulteriore elemento di pregio dell\u2019area sar\u00e0 <strong>la disponibilit\u00e0 di posti auto per accogliere i genitori che usufruiranno di questa nuova struttura<\/strong>.<\/p>\n<p> \t\u201cSiamo molto soddisfatti per aver ottenuto questo finanziamento che ci permetter\u00e0 di ampliare l\u2019offerta scolastica e di servizi per la citt\u00e0 e per il territorio limitrofo. Verranno migliorati gli spazi esistenti con strutture innovative che rispondano perfettamente alle moderne esigenze di educazione e di crescita dei bambini\u201d, commenta il sindaco <strong>Giuseppe Tellini<\/strong>.<\/p>\n<p> \t\u201cAttraverso la straordinaria possibilit\u00e0 dei fondi PNRR, abbiamo saputo cogliere l\u2019opportunit\u00e0 di riqualificare un\u2019area pubblica centrale della citt\u00e0 attraverso finanziamenti certi e cospicui. Nello stesso tempo avremo modo di dare un servizio migliore ai cittadini\u201d, aggiunge l\u2019assessore all\u2019Urbanistica <strong>Luca Piani<\/strong>.<\/p>\n<p> \t\u201cOra la sfida da vincere \u00e8 il <strong>rispetto dei tempi stringenti imposti dall\u2019Europa<\/strong> per la progettazione esecutiva del complesso, che vede la scadenza a maggio del 2023\u201d, commenta il vicesindaco con delega ai Lavori Pubblici <strong>Francesco Martines<\/strong>. \u201cFondamentale sar\u00e0 il supporto tecnico degli uffici comunali che hanno gi\u00e0 raccolto questa difficile sfida con dedizione e grande professionalit\u00e0, per arrivare alla scadenza del 2026 con l\u2019opera conclusa\u201d.<\/p>\n<p> \t\u201cPer quanto riguarda la interlocuzioni \u2013 conclude l\u2019assessore all\u2019istruzione <strong>Simonetta Comand<\/strong> \u2013 si sono gi\u00e0 avviate con la Parrocchia, con la quale siamo in perfetta sintonia e comunicazione\u201d.<\/p>\n<p> \t\u00a0<\/p>\n","protected":false},"excerpt":{"rendered":"<p>In Piazza XX Settembre sorger\u00e0 un complesso da 1000 mq con tecnologie all\u2019avanguardia, efficienza energetica e nuova concezione degli spazi. Attorno 2000 mq di area verde dedicata<\/p>\n","protected":false},"author":28,"featured_media":48002,"comment_status":"closed","ping_status":"closed","sticky":false,"template":"","format":"standard","meta":{"dwc-title":[],"dwc-content":[],"footnotes":""},"categories":[5],"tags":[],"class_list":["post-48001","post","type-post","status-publish","format-standard","has-post-thumbnail","hentry","category-attualita"],"rttpg_featured_image_url":{"full":["https:\/\/imagazine.it\/wp-content\/uploads\/2024\/02\/51254-1.webp",1000,625,false],"landscape":["https:\/\/imagazine.it\/wp-content\/uploads\/2024\/02\/51254-1.webp",1000,625,false],"portraits":["https:\/\/imagazine.it\/wp-content\/uploads\/2024\/02\/51254-1.webp",1000,625,false],"thumbnail":["https:\/\/imagazine.it\/wp-content\/uploads\/2024\/02\/51254-1-150x150.webp",150,150,true],"medium":["https:\/\/imagazine.it\/wp-content\/uploads\/2024\/02\/51254-1-300x188.webp",300,188,true],"large":["https:\/\/imagazine.it\/wp-content\/uploads\/2024\/02\/51254-1.webp",640,400,false],"thumblist":["https:\/\/imagazine.it\/wp-content\/uploads\/2024\/02\/51254-1-300x300.webp",300,300,true],"thumbrelated":["https:\/\/imagazine.it\/wp-content\/uploads\/2024\/02\/51254-1-500x500.webp",500,500,true],"meccarouselthumb":["https:\/\/imagazine.it\/wp-content\/uploads\/2024\/02\/51254-1-474x324.webp",474,324,true],"gridsquare":["https:\/\/imagazine.it\/wp-content\/uploads\/2024\/02\/51254-1-391x260.webp",391,260,true],"tileview":["https:\/\/imagazine.it\/wp-content\/uploads\/2024\/02\/51254-1-300x400.webp",300,400,true],"1536x1536":["https:\/\/imagazine.it\/wp-content\/uploads\/2024\/02\/51254-1.webp",1000,625,false],"2048x2048":["https:\/\/imagazine.it\/wp-content\/uploads\/2024\/02\/51254-1.webp",1000,625,false],"newsup-slider-full":["https:\/\/imagazine.it\/wp-content\/uploads\/2024\/02\/51254-1.webp",1000,625,false],"newsup-featured":["https:\/\/imagazine.it\/wp-content\/uploads\/2024\/02\/51254-1.webp",1000,625,false],"newsup-medium":["https:\/\/imagazine.it\/wp-content\/uploads\/2024\/02\/51254-1-720x380.webp",720,380,true],"tptn_thumbnail":["https:\/\/imagazine.it\/wp-content\/uploads\/2024\/02\/51254-1.webp",250,156,false],"sow-carousel-default":["https:\/\/imagazine.it\/wp-content\/uploads\/2024\/02\/51254-1.webp",272,170,false]},"rttpg_author":{"display_name":"redazione","author_link":"https:\/\/imagazine.it\/home_desk\/author\/redazione\/"},"rttpg_comment":0,"rttpg_category":"<a href=\"https:\/\/imagazine.it\/home_desk\/category\/attualita\/\" rel=\"category tag\">ATTUALIT\u00c0<\/a>","rttpg_excerpt":"In Piazza XX Settembre sorger\u00e0 un complesso da 1000 mq con tecnologie all\u2019avanguardia, efficienza energetica e nuova concezione degli spazi. Attorno 2000 mq di area verde dedicata","_links":{"self":[{"href":"https:\/\/imagazine.it\/home_desk\/wp-json\/wp\/v2\/posts\/48001","targetHints":{"allow":["GET"]}}],"collection":[{"href":"https:\/\/imagazine.it\/home_desk\/wp-json\/wp\/v2\/posts"}],"about":[{"href":"https:\/\/imagazine.it\/home_desk\/wp-json\/wp\/v2\/types\/post"}],"author":[{"embeddable":true,"href":"https:\/\/imagazine.it\/home_desk\/wp-json\/wp\/v2\/users\/28"}],"replies":[{"embeddable":true,"href":"https:\/\/imagazine.it\/home_desk\/wp-json\/wp\/v2\/comments?post=48001"}],"version-history":[{"count":0,"href":"https:\/\/imagazine.it\/home_desk\/wp-json\/wp\/v2\/posts\/48001\/revisions"}],"wp:featuredmedia":[{"embeddable":true,"href":"https:\/\/imagazine.it\/home_desk\/wp-json\/wp\/v2\/media\/48002"}],"wp:attachment":[{"href":"https:\/\/imagazine.it\/home_desk\/wp-json\/wp\/v2\/media?parent=48001"}],"wp:term":[{"taxonomy":"category","embeddable":true,"href":"https:\/\/imagazine.it\/home_desk\/wp-json\/wp\/v2\/categories?post=48001"},{"taxonomy":"post_tag","embeddable":true,"href":"https:\/\/imagazine.it\/home_desk\/wp-json\/wp\/v2\/tags?post=48001"}],"curies":[{"name":"wp","href":"https:\/\/api.w.org\/{rel}","templated":true}]}}