{"id":47999,"date":"2022-11-28T00:00:00","date_gmt":"2022-11-27T23:00:00","guid":{"rendered":"https:\/\/imagazine.it\/campolongo-dice-no-alla-violenza-contro-le-donne\/"},"modified":"2022-11-28T00:00:00","modified_gmt":"2022-11-27T23:00:00","slug":"campolongo-dice-no-alla-violenza-contro-le-donne","status":"publish","type":"post","link":"https:\/\/imagazine.it\/home_desk\/campolongo-dice-no-alla-violenza-contro-le-donne\/","title":{"rendered":"Campolongo dice no alla violenza contro le donne"},"content":{"rendered":"<p> \tIn occasione della Giornata Internazionale contro la violenza sulle donne luned\u00ec 28 si \u00e8 tenuta presso il Salone del Comune di <strong>Campolongo Tapogliano<\/strong> una serata di sensibilizzazione su questo importante tema.<\/p>\n<p> \tL\u2019Amministrazione Comunale, in collaborazione con il locale Comitato spontaneo per le donne, ha invitato l\u2019associazione <strong>SOS Rosa di Gorizia<\/strong> ad illustrare la propria attivit\u00e0. L\u2019associazione opera da molti anni sul territorio isontino e si occupa di accogliere e sostenere le donne vittime di violenza. Le volontarie hanno spiegato, con l\u2019ausilio di numeri impietosi, come il fenomeno sia diffuso anche nel nostro territorio e sia trasversale rispetto alle possibilit\u00e0 economiche e livello di istruzione. L\u2019unica possibilit\u00e0 di cambiare rotta \u00e8 quella di insistere sulla cultura del rispetto, che va insegnato fin dalla pi\u00f9 tenera et\u00e0. SOS Rosa ha ricordato come, dopo anni in cui entrare nelle scuole era difficile, oggi siano proprio le scuole a proporre percorsi e progetti su questo argomento gi\u00e0 a partire dalle suole dell\u2019Infanzia.<\/p>\n<p> \tLa serata \u00e8 stata allietata da alcuni intermezzi musicali eseguiti dal soprano Elisabetta Spinelli che, accompagnata al pianoforte da <strong>Stefania Bertoldi<\/strong>, ha contribuito a rendere emozionante l\u2019incontro.<\/p>\n<p> \t\u00a0<\/p>\n","protected":false},"excerpt":{"rendered":"<p>Presentata l&#8217;attivit\u00e0 dell\u2019associazione SOS Rosa di Gorizia<\/p>\n","protected":false},"author":22,"featured_media":48000,"comment_status":"closed","ping_status":"closed","sticky":false,"template":"","format":"standard","meta":{"dwc-title":[],"dwc-content":[],"footnotes":""},"categories":[5],"tags":[],"class_list":["post-47999","post","type-post","status-publish","format-standard","has-post-thumbnail","hentry","category-attualita"],"rttpg_featured_image_url":{"full":["https:\/\/imagazine.it\/wp-content\/uploads\/2024\/02\/51251-1.webp",1000,748,false],"landscape":["https:\/\/imagazine.it\/wp-content\/uploads\/2024\/02\/51251-1.webp",1000,748,false],"portraits":["https:\/\/imagazine.it\/wp-content\/uploads\/2024\/02\/51251-1.webp",1000,748,false],"thumbnail":["https:\/\/imagazine.it\/wp-content\/uploads\/2024\/02\/51251-1-150x150.webp",150,150,true],"medium":["https:\/\/imagazine.it\/wp-content\/uploads\/2024\/02\/51251-1-300x224.webp",300,224,true],"large":["https:\/\/imagazine.it\/wp-content\/uploads\/2024\/02\/51251-1.webp",640,479,false],"thumblist":["https:\/\/imagazine.it\/wp-content\/uploads\/2024\/02\/51251-1-300x300.webp",300,300,true],"thumbrelated":["https:\/\/imagazine.it\/wp-content\/uploads\/2024\/02\/51251-1-500x500.webp",500,500,true],"meccarouselthumb":["https:\/\/imagazine.it\/wp-content\/uploads\/2024\/02\/51251-1-474x324.webp",474,324,true],"gridsquare":["https:\/\/imagazine.it\/wp-content\/uploads\/2024\/02\/51251-1-391x260.webp",391,260,true],"tileview":["https:\/\/imagazine.it\/wp-content\/uploads\/2024\/02\/51251-1-300x400.webp",300,400,true],"1536x1536":["https:\/\/imagazine.it\/wp-content\/uploads\/2024\/02\/51251-1.webp",1000,748,false],"2048x2048":["https:\/\/imagazine.it\/wp-content\/uploads\/2024\/02\/51251-1.webp",1000,748,false],"newsup-slider-full":["https:\/\/imagazine.it\/wp-content\/uploads\/2024\/02\/51251-1-1000x720.webp",1000,720,true],"newsup-featured":["https:\/\/imagazine.it\/wp-content\/uploads\/2024\/02\/51251-1.webp",1000,748,false],"newsup-medium":["https:\/\/imagazine.it\/wp-content\/uploads\/2024\/02\/51251-1-720x380.webp",720,380,true],"tptn_thumbnail":["https:\/\/imagazine.it\/wp-content\/uploads\/2024\/02\/51251-1.webp",250,187,false],"sow-carousel-default":["https:\/\/imagazine.it\/wp-content\/uploads\/2024\/02\/51251-1.webp",243,182,false]},"rttpg_author":{"display_name":"Livio Nonis","author_link":"https:\/\/imagazine.it\/home_desk\/author\/nonis\/"},"rttpg_comment":0,"rttpg_category":"<a href=\"https:\/\/imagazine.it\/home_desk\/category\/attualita\/\" rel=\"category tag\">ATTUALIT\u00c0<\/a>","rttpg_excerpt":"Presentata l'attivit\u00e0 dell\u2019associazione SOS Rosa di Gorizia","_links":{"self":[{"href":"https:\/\/imagazine.it\/home_desk\/wp-json\/wp\/v2\/posts\/47999","targetHints":{"allow":["GET"]}}],"collection":[{"href":"https:\/\/imagazine.it\/home_desk\/wp-json\/wp\/v2\/posts"}],"about":[{"href":"https:\/\/imagazine.it\/home_desk\/wp-json\/wp\/v2\/types\/post"}],"author":[{"embeddable":true,"href":"https:\/\/imagazine.it\/home_desk\/wp-json\/wp\/v2\/users\/22"}],"replies":[{"embeddable":true,"href":"https:\/\/imagazine.it\/home_desk\/wp-json\/wp\/v2\/comments?post=47999"}],"version-history":[{"count":0,"href":"https:\/\/imagazine.it\/home_desk\/wp-json\/wp\/v2\/posts\/47999\/revisions"}],"wp:featuredmedia":[{"embeddable":true,"href":"https:\/\/imagazine.it\/home_desk\/wp-json\/wp\/v2\/media\/48000"}],"wp:attachment":[{"href":"https:\/\/imagazine.it\/home_desk\/wp-json\/wp\/v2\/media?parent=47999"}],"wp:term":[{"taxonomy":"category","embeddable":true,"href":"https:\/\/imagazine.it\/home_desk\/wp-json\/wp\/v2\/categories?post=47999"},{"taxonomy":"post_tag","embeddable":true,"href":"https:\/\/imagazine.it\/home_desk\/wp-json\/wp\/v2\/tags?post=47999"}],"curies":[{"name":"wp","href":"https:\/\/api.w.org\/{rel}","templated":true}]}}