{"id":47993,"date":"2022-12-09T00:00:00","date_gmt":"2022-12-08T23:00:00","guid":{"rendered":"https:\/\/imagazine.it\/la-pimpa-veicolo-della-comunicazione-sociale\/"},"modified":"2022-12-09T00:00:00","modified_gmt":"2022-12-08T23:00:00","slug":"la-pimpa-veicolo-della-comunicazione-sociale","status":"publish","type":"post","link":"https:\/\/imagazine.it\/home_desk\/la-pimpa-veicolo-della-comunicazione-sociale\/","title":{"rendered":"La Pimpa veicolo della comunicazione sociale"},"content":{"rendered":"<p> \tPresentato a <strong>Trieste<\/strong> il progetto <em><strong>Pimpa Magica<\/strong><\/em> alla presenza, tra gli altri, del &#8216;pap\u00e0&#8217; della Pimpa <strong>Francesco Tullio Altan<\/strong> e della cofondatrice della Fondazione Radio Magica Ets <strong>Elena Rocco<\/strong>.<\/p>\n<p> \tAttraverso Pimpa Magica, Altan ha messo a disposizione di Fondazione Radio Magica un ampio patrimonio di fumetti della Pimpa per la realizzazione di prodotti multimediali in formato audio, video con la lingua dei segni italiana (Lis) e video con i simboli della comunicazione aumentativa alternativa (Caa). Gli obiettivi del progetto sono due: diffondere tali libri multimediali come strumenti per l&#8217;inclusione verso il pubblico vasto delle scuole, biblioteche, associazioni e alle famiglie; fare cultura dell&#8217;inclusione perch\u00e9 tutti i bambini, con e senza disabilit\u00e0, imparino a riconoscere e rispettare questi linguaggi.<\/p>\n<p> \t&#8220;La Regione Friuli Venezia Giulia \u00e8 onorata di partecipare al progetto Pimpa Magica, a cui tiene molto e voglio ringraziare in particolare il maestro Francesco Tullio Altan che ha messo a disposizione la sua opera per questa importante iniziativa. La Pimpa si dimostra ancora oggi un grande veicolo di comunicazione sociale, perch\u00e9 questo progetto non \u00e8 rivolto solo all&#8217;infanzia o alla disabilit\u00e0 ma \u00e8 realmente inclusivo&#8221;, ha affermato l&#8217;assessore regionale alla cultura, <strong>Tiziana Gibelli<\/strong>.<\/p>\n<p> \tUn&#8217;iniziativa a cui Altan ha aderito con entusiasmo evidenziando che la Pimpa \u00e8 aperta a tutto il mondo e amica di tutti, quindi entrare in contatto con persone che hanno dei problemi faccia parte della sua missione nel mondo.<\/p>\n<p> \tElena Rocco ha rimarcato come questa sia un&#8217;iniziativa altamente innovativa, perch\u00e9 i fumetti che <strong>da oggi diventano gratuitamente patrimonio di tutti in formati accessibili <\/strong>sono stati resi tali grazie a una vera e propria industria culturale inclusiva.<\/p>\n<p> \t&#8220;Questo progetto, che vede tra i finanziatori il Centro per il libro e la lettura &#8211; ha proseguito Gibelli -, parte dal Friuli Venezia Giulia ma essendo sviluppato online di fatto si rivolge a tutta Italia coinvolgendo non solo i ragazzi ma anche un&#8217;ampia platea di educatori e insegnanti&#8221;.<\/p>\n<p> \tDa oggi sono pubblicati <u><a href=\"http:\/\/www.radiomagica.org\/pimpa-magica\" target=\"_blank\" rel=\"noopener\"><span style=\"color:#0000cd;\">sul sito di Radio Magica<\/span><\/a><\/u> i primi titoli, nelle <strong>versioni video-fumetto in Lis e in simboli Caa<\/strong>: &#8220;<em>Pimpa perde i pallini rossi in bagno<\/em>&#8221; e &#8220;<em>Pimpa e i pulcini<\/em>&#8220;.<\/p>\n<p> \tDal 16 gennaio saranno disponibili a <strong>cadenza bisettimanale gli altri otto titoli del progetto<\/strong>, al quale aderisce una vasta rete di soggetti.<\/p>\n<p> \tAttraverso il sito web <u><a href=\"http:\/\/www.radiomagica.org\/pimpa-magica\" target=\"_blank\" rel=\"noopener\"><span style=\"color:#0000cd;\">www.radiomagica.org\/pimpa-magica<\/span><\/a><\/u> \u00e8 possibile conoscere anche il calendario degli eventi e webinar dedicati al progetto, scaricare le schede didattiche e ricevere le newsletter, prenotare una lezione dimostrativa e iscriversi al <strong>corso di formazione sugli strumenti per l&#8217;inclusione<\/strong> che inizier\u00e0 a <strong>marzo 2023<\/strong>.<\/p>\n<p> \t\u00a0<\/p>\n","protected":false},"excerpt":{"rendered":"<p>Grazie a un ampio patrimonio di fumetti realizzati prodotti multimediali in formato audio, video con la lingua dei segni italiana e video con i simboli della comunicazione aumentativa alternativa<\/p>\n","protected":false},"author":28,"featured_media":47994,"comment_status":"closed","ping_status":"closed","sticky":false,"template":"","format":"standard","meta":{"dwc-title":[],"dwc-content":[],"footnotes":""},"categories":[37],"tags":[],"class_list":["post-47993","post","type-post","status-publish","format-standard","has-post-thumbnail","hentry","category-cultura-e-spettacolo"],"rttpg_featured_image_url":{"full":["https:\/\/imagazine.it\/wp-content\/uploads\/2024\/02\/51240-1.webp",1000,663,false],"landscape":["https:\/\/imagazine.it\/wp-content\/uploads\/2024\/02\/51240-1.webp",1000,663,false],"portraits":["https:\/\/imagazine.it\/wp-content\/uploads\/2024\/02\/51240-1.webp",1000,663,false],"thumbnail":["https:\/\/imagazine.it\/wp-content\/uploads\/2024\/02\/51240-1-150x150.webp",150,150,true],"medium":["https:\/\/imagazine.it\/wp-content\/uploads\/2024\/02\/51240-1-300x199.webp",300,199,true],"large":["https:\/\/imagazine.it\/wp-content\/uploads\/2024\/02\/51240-1.webp",640,424,false],"thumblist":["https:\/\/imagazine.it\/wp-content\/uploads\/2024\/02\/51240-1-300x300.webp",300,300,true],"thumbrelated":["https:\/\/imagazine.it\/wp-content\/uploads\/2024\/02\/51240-1-500x500.webp",500,500,true],"meccarouselthumb":["https:\/\/imagazine.it\/wp-content\/uploads\/2024\/02\/51240-1-474x324.webp",474,324,true],"gridsquare":["https:\/\/imagazine.it\/wp-content\/uploads\/2024\/02\/51240-1-391x260.webp",391,260,true],"tileview":["https:\/\/imagazine.it\/wp-content\/uploads\/2024\/02\/51240-1-300x400.webp",300,400,true],"1536x1536":["https:\/\/imagazine.it\/wp-content\/uploads\/2024\/02\/51240-1.webp",1000,663,false],"2048x2048":["https:\/\/imagazine.it\/wp-content\/uploads\/2024\/02\/51240-1.webp",1000,663,false],"newsup-slider-full":["https:\/\/imagazine.it\/wp-content\/uploads\/2024\/02\/51240-1.webp",1000,663,false],"newsup-featured":["https:\/\/imagazine.it\/wp-content\/uploads\/2024\/02\/51240-1.webp",1000,663,false],"newsup-medium":["https:\/\/imagazine.it\/wp-content\/uploads\/2024\/02\/51240-1-720x380.webp",720,380,true],"tptn_thumbnail":["https:\/\/imagazine.it\/wp-content\/uploads\/2024\/02\/51240-1.webp",250,166,false],"sow-carousel-default":["https:\/\/imagazine.it\/wp-content\/uploads\/2024\/02\/51240-1.webp",272,180,false]},"rttpg_author":{"display_name":"redazione","author_link":"https:\/\/imagazine.it\/home_desk\/author\/redazione\/"},"rttpg_comment":0,"rttpg_category":"<a href=\"https:\/\/imagazine.it\/home_desk\/category\/cultura-e-spettacolo\/\" rel=\"category tag\">CULTURA&amp;SPETTACOLO<\/a>","rttpg_excerpt":"Grazie a un ampio patrimonio di fumetti realizzati prodotti multimediali in formato audio, video con la lingua dei segni italiana e video con i simboli della comunicazione aumentativa alternativa","_links":{"self":[{"href":"https:\/\/imagazine.it\/home_desk\/wp-json\/wp\/v2\/posts\/47993","targetHints":{"allow":["GET"]}}],"collection":[{"href":"https:\/\/imagazine.it\/home_desk\/wp-json\/wp\/v2\/posts"}],"about":[{"href":"https:\/\/imagazine.it\/home_desk\/wp-json\/wp\/v2\/types\/post"}],"author":[{"embeddable":true,"href":"https:\/\/imagazine.it\/home_desk\/wp-json\/wp\/v2\/users\/28"}],"replies":[{"embeddable":true,"href":"https:\/\/imagazine.it\/home_desk\/wp-json\/wp\/v2\/comments?post=47993"}],"version-history":[{"count":0,"href":"https:\/\/imagazine.it\/home_desk\/wp-json\/wp\/v2\/posts\/47993\/revisions"}],"wp:featuredmedia":[{"embeddable":true,"href":"https:\/\/imagazine.it\/home_desk\/wp-json\/wp\/v2\/media\/47994"}],"wp:attachment":[{"href":"https:\/\/imagazine.it\/home_desk\/wp-json\/wp\/v2\/media?parent=47993"}],"wp:term":[{"taxonomy":"category","embeddable":true,"href":"https:\/\/imagazine.it\/home_desk\/wp-json\/wp\/v2\/categories?post=47993"},{"taxonomy":"post_tag","embeddable":true,"href":"https:\/\/imagazine.it\/home_desk\/wp-json\/wp\/v2\/tags?post=47993"}],"curies":[{"name":"wp","href":"https:\/\/api.w.org\/{rel}","templated":true}]}}