{"id":47979,"date":"2022-12-07T00:00:00","date_gmt":"2022-12-06T23:00:00","guid":{"rendered":"https:\/\/imagazine.it\/wizz-air-lancia-la-nuova-rotta-tra-trieste-e-tirana\/"},"modified":"2022-12-07T00:00:00","modified_gmt":"2022-12-06T23:00:00","slug":"wizz-air-lancia-la-nuova-rotta-tra-trieste-e-tirana","status":"publish","type":"post","link":"https:\/\/imagazine.it\/home_desk\/wizz-air-lancia-la-nuova-rotta-tra-trieste-e-tirana\/","title":{"rendered":"Wizz Air lancia la nuova rotta tra Trieste e Tirana"},"content":{"rendered":"<p> \tLa compagnia aerea <strong>Wizz Air<\/strong> annuncia una<strong> nuova stazione<\/strong> e <strong>una nuova rotta tra Trieste Airport e la capitale dell&#8217;Albania, Tirana<\/strong>, a partire dal <strong>3 luglio 2023<\/strong>.<\/p>\n<p> \t<strong>I biglietti per i nuovi voli sono gi\u00e0 disponibili sul <\/strong><u><a href=\"https:\/\/wizzair.com\/it-it\/#\/\" target=\"_blank\" rel=\"noopener\"><span style=\"color:#0000cd;\"><strong>sito di Wizz Air<\/strong><\/span><\/a><\/u><strong> e tramite l&#8217;app <\/strong><u><a href=\"https:\/\/wizzair.com\/it-it\/info-servizi\/mobile-app\/mobile-app\" target=\"_blank\" rel=\"noopener\"><span style=\"color:#0000cd;\"><strong>WIZZ<\/strong><\/span><\/a><\/u>.<\/p>\n<p> \tLa nuova rotta sar\u00e0 operata due volte a settimana, il luned\u00ec e il venerd\u00ec. I voli saranno effettuati con il pi\u00f9 recente Airbus A321neo che dispone di 239 posti a bordo.<\/p>\n<p> \tTrieste diventa cos\u00ec la 27<sup>a<\/sup> destinazione di Wizz Air in Italia.<\/p>\n<p> \t<em>\u201cIl lancio della nuova rotta tra Trieste e Tirana \u2013 <\/em>afferma <strong>Evelin Jeckel<\/strong>, Acting Network Officer di Wizz Air<em> \u2013 offrir\u00e0 ai nostri clienti una destinazione unica per scoprire una citt\u00e0 dalle mille identit\u00e0 e godere del crogiolo di cultura, arte e architettura, nonch\u00e9 una nuova alternativa di viaggio per visitare amici e familiari all&#8217;estero. Non vediamo l&#8217;ora di accogliere i passeggeri italiani a bordo della nostra giovane ed efficiente flotta\u201d.<\/em><\/p>\n<p> \t<em>\u201cLieti dell\u2019annuncio del nuovo collegamento Trieste-Tirana, diamo il benvenuto a Wizz Air, una delle maggiori low cost europee e la prima sui mercati dell\u2019est Europa, che non ha mai operato nel nostro scalo. Stiamo lavorando per un crescente significativo incremento dei collegamenti internazionali e con questo obiettivo il nuovo collegamento con Tirana \u00e8 l\u2019avvio di una importante partnership di lungo periodo con Wizz Air\u201d, <\/em>dichiara<strong> Marco Consalvo, <\/strong>amministratore delegato dell\u2019aeroporto di Trieste. <em>\u201cTirana sar\u00e0 il primo collegamento che Wizz Air aprir\u00e0 in partenza da Trieste: un collegamento di fondamentale importanza per la nutrita comunit\u00e0 albanese presente in regione (la seconda per numero di residenti), ma anche una nuova opportunit\u00e0 di sviluppo dei flussi di lavoro e turistici tra la nostra regione e l\u2019Albania.\u201d<\/em><\/p>\n<p> \t\u00a0<\/p>\n","protected":false},"excerpt":{"rendered":"<p>Due voli settimanali collegheranno la capitale dell&#8217;Albania con l&#8217;aeroporto di Ronchi dei Legionari<\/p>\n","protected":false},"author":28,"featured_media":47980,"comment_status":"closed","ping_status":"closed","sticky":false,"template":"","format":"standard","meta":{"dwc-title":[],"dwc-content":[],"footnotes":""},"categories":[8],"tags":[],"class_list":["post-47979","post","type-post","status-publish","format-standard","has-post-thumbnail","hentry","category-turismo"],"rttpg_featured_image_url":{"full":["https:\/\/imagazine.it\/wp-content\/uploads\/2024\/02\/51222-1.webp",1000,667,false],"landscape":["https:\/\/imagazine.it\/wp-content\/uploads\/2024\/02\/51222-1.webp",1000,667,false],"portraits":["https:\/\/imagazine.it\/wp-content\/uploads\/2024\/02\/51222-1.webp",1000,667,false],"thumbnail":["https:\/\/imagazine.it\/wp-content\/uploads\/2024\/02\/51222-1-150x150.webp",150,150,true],"medium":["https:\/\/imagazine.it\/wp-content\/uploads\/2024\/02\/51222-1-300x200.webp",300,200,true],"large":["https:\/\/imagazine.it\/wp-content\/uploads\/2024\/02\/51222-1.webp",640,427,false],"thumblist":["https:\/\/imagazine.it\/wp-content\/uploads\/2024\/02\/51222-1-300x300.webp",300,300,true],"thumbrelated":["https:\/\/imagazine.it\/wp-content\/uploads\/2024\/02\/51222-1-500x500.webp",500,500,true],"meccarouselthumb":["https:\/\/imagazine.it\/wp-content\/uploads\/2024\/02\/51222-1-474x324.webp",474,324,true],"gridsquare":["https:\/\/imagazine.it\/wp-content\/uploads\/2024\/02\/51222-1-391x260.webp",391,260,true],"tileview":["https:\/\/imagazine.it\/wp-content\/uploads\/2024\/02\/51222-1-300x400.webp",300,400,true],"1536x1536":["https:\/\/imagazine.it\/wp-content\/uploads\/2024\/02\/51222-1.webp",1000,667,false],"2048x2048":["https:\/\/imagazine.it\/wp-content\/uploads\/2024\/02\/51222-1.webp",1000,667,false],"newsup-slider-full":["https:\/\/imagazine.it\/wp-content\/uploads\/2024\/02\/51222-1.webp",1000,667,false],"newsup-featured":["https:\/\/imagazine.it\/wp-content\/uploads\/2024\/02\/51222-1.webp",1000,667,false],"newsup-medium":["https:\/\/imagazine.it\/wp-content\/uploads\/2024\/02\/51222-1-720x380.webp",720,380,true],"tptn_thumbnail":["https:\/\/imagazine.it\/wp-content\/uploads\/2024\/02\/51222-1.webp",250,167,false],"sow-carousel-default":["https:\/\/imagazine.it\/wp-content\/uploads\/2024\/02\/51222-1.webp",272,182,false]},"rttpg_author":{"display_name":"redazione","author_link":"https:\/\/imagazine.it\/home_desk\/author\/redazione\/"},"rttpg_comment":0,"rttpg_category":"<a href=\"https:\/\/imagazine.it\/home_desk\/category\/turismo\/\" rel=\"category tag\">TURISMO<\/a>","rttpg_excerpt":"Due voli settimanali collegheranno la capitale dell'Albania con l'aeroporto di Ronchi dei Legionari","_links":{"self":[{"href":"https:\/\/imagazine.it\/home_desk\/wp-json\/wp\/v2\/posts\/47979","targetHints":{"allow":["GET"]}}],"collection":[{"href":"https:\/\/imagazine.it\/home_desk\/wp-json\/wp\/v2\/posts"}],"about":[{"href":"https:\/\/imagazine.it\/home_desk\/wp-json\/wp\/v2\/types\/post"}],"author":[{"embeddable":true,"href":"https:\/\/imagazine.it\/home_desk\/wp-json\/wp\/v2\/users\/28"}],"replies":[{"embeddable":true,"href":"https:\/\/imagazine.it\/home_desk\/wp-json\/wp\/v2\/comments?post=47979"}],"version-history":[{"count":0,"href":"https:\/\/imagazine.it\/home_desk\/wp-json\/wp\/v2\/posts\/47979\/revisions"}],"wp:featuredmedia":[{"embeddable":true,"href":"https:\/\/imagazine.it\/home_desk\/wp-json\/wp\/v2\/media\/47980"}],"wp:attachment":[{"href":"https:\/\/imagazine.it\/home_desk\/wp-json\/wp\/v2\/media?parent=47979"}],"wp:term":[{"taxonomy":"category","embeddable":true,"href":"https:\/\/imagazine.it\/home_desk\/wp-json\/wp\/v2\/categories?post=47979"},{"taxonomy":"post_tag","embeddable":true,"href":"https:\/\/imagazine.it\/home_desk\/wp-json\/wp\/v2\/tags?post=47979"}],"curies":[{"name":"wp","href":"https:\/\/api.w.org\/{rel}","templated":true}]}}