{"id":47975,"date":"2022-12-06T00:00:00","date_gmt":"2022-12-05T23:00:00","guid":{"rendered":"https:\/\/imagazine.it\/francia-e-india-primeggiano-sulla-montagna-friulana\/"},"modified":"2022-12-06T00:00:00","modified_gmt":"2022-12-05T23:00:00","slug":"francia-e-india-primeggiano-sulla-montagna-friulana","status":"publish","type":"post","link":"https:\/\/imagazine.it\/home_desk\/francia-e-india-primeggiano-sulla-montagna-friulana\/","title":{"rendered":"Francia e India primeggiano sulla montagna friulana"},"content":{"rendered":"<p> \tLe straordinarie arrampicate di Pablo, giovane climber belga che gira la Francia in bicicletta alla ricerca della migliore via da scalare, e il delicato racconto dei sogni di quattro adolescenti di uno sperduto villaggio di montagna nepalese sono stati premiati sabato a <strong>Tolmezzo<\/strong> a conclusione dell&#8217;ottava edizione di <strong><em>Cortomontagna<\/em><\/strong>.<\/p>\n<p> \tQuest&#8217;anno il festival ha visto la partecipazione di oltre 550 film di provenienza internazionale, che hanno offerto l&#8217;occasione di esplorare paesaggi e culture delle montagne di tutto il mondo.<\/p>\n<p> \t<u><a href=\"https:\/\/www.youtube.com\/watch?v=NcyWblR28MM\" target=\"_blank\" rel=\"noopener\"><span style=\"color:#0000cd;\"><strong><em>Pablo<\/em><\/strong> di Florent Quint<\/span><\/a><\/u> (Francia 2022), uno degli episodi dell&#8217;originale serie francese \u201cEveryday Climbers\u201d, ha unanimemente colpito la giuria, presieduta dal direttore della fotografia Dante Spinotti, che nella propria motivazione ha sottolineato come la felice alternanza di arrampicate, imprese ciclistiche e riflessioni personali del giovane belga, alla ricerca dell&#8221;8a&#8217; perfetto da salire e della felicit\u00e0, diano ritmo a questo cortometraggio che coinvolge con immagini emozionanti e paesaggi spettacolari.<\/p>\n<p> \tPremiato, a pari merito, anche <u><a href=\"https:\/\/vimeo.com\/640293613\" target=\"_blank\" rel=\"noopener\"><span style=\"color:#0000cd;\"><strong><em>The Silent Echo<\/em><\/strong> diretto da Suman Sen<\/span><\/a><\/u> (India 2022). D\u00e0 voce a un gruppo di adolescenti del Mustang che trascorrono le giornate in un autobus abbandonato sul crinale cantando tra le montagne con il ritorno dell&#8217;eco e si avventurano in una vicina citt\u00e0 per partecipare a un concorso per band emergenti. Per la giuria il cortometraggio offre allo spettatore la possibilit\u00e0 di riflettere sui tempi e sui modi di vivere la musica e, ancora di pi\u00f9, l&#8217;esistenza degli esseri umani, attraverso un consapevole uso del linguaggio cinematografico, con primissimi piani sui protagonisti alternati a campi lunghi che abbracciano paesaggi sconfinati, incrociati con le riprese in interni ed esterni dell\u2019affollata vita di citt\u00e0.<\/p>\n<p> \tQuattro invece le opere che hanno ricevuto una menzione speciale. <strong><em>Hello Africa<\/em><\/strong> di Hasan Serin (Turchia 2020) con la storia semplice e innocente di Esma e Serpil, due bambine di un villaggio montano dell\u2019Anatolia orientale che dopo aver letto Verne partono con l\u2019idea di portare aiuto ai bambini africani, ma si rendono subito conto che per poterlo fare bisogna aspettare di diventare pi\u00f9 grandi.<\/p>\n<p> \t<strong><em>AmaNacer<\/em><\/strong> di Antonia Galmez e Francisca Navarro (Cile 2022), cortometraggio dall&#8217;alto contenuto emotivo e con un chiaro valore esistenziale, in cui due donne appassionate di natura e di esplorazione subiscono gravi incidenti in montagna, ma dalla montagna stessa rinascono.<\/p>\n<p> \tMenzione anche per il racconto dell&#8217;impresa di attraversare i 51 tremila del Parco naturale Posets-Maladeta, nei Pirenei, del promettente alpinista spagnolo Jonatan Garc\u00eda, protagonista del cortometraggio di Javier Cuevas e Adrian Azorin <strong><em>51&#215;3000<\/em><\/strong> (Spagna 2021).<\/p>\n<p> \tUn corto italiano completa la rosa dei menzionati. Si tratta di <strong><em>Lost<\/em><\/strong> di Maya Deborah De Bernardi Jagarinec (Italia 2022), che narra l&#8217;intensa esperienza di una straniera che attraversa per la prima volta il Ladakh senza conoscerne la lingua e si affida e si perde nell&#8217;incontro con un popolo e una cultura sorprendenti.<\/p>\n<p> \t\u00a0<\/p>\n","protected":false},"excerpt":{"rendered":"<p>\u201cPablo &#8211; Everyday Climbers\u201d e \u201cThe Silent Echo\u201d protagonisti al concorso per cortometraggi dedicati alle terre alte<\/p>\n","protected":false},"author":28,"featured_media":47976,"comment_status":"closed","ping_status":"closed","sticky":false,"template":"","format":"standard","meta":{"dwc-title":[],"dwc-content":[],"footnotes":""},"categories":[37],"tags":[],"class_list":["post-47975","post","type-post","status-publish","format-standard","has-post-thumbnail","hentry","category-cultura-e-spettacolo"],"rttpg_featured_image_url":{"full":["https:\/\/imagazine.it\/wp-content\/uploads\/2024\/02\/51217-1.webp",1000,667,false],"landscape":["https:\/\/imagazine.it\/wp-content\/uploads\/2024\/02\/51217-1.webp",1000,667,false],"portraits":["https:\/\/imagazine.it\/wp-content\/uploads\/2024\/02\/51217-1.webp",1000,667,false],"thumbnail":["https:\/\/imagazine.it\/wp-content\/uploads\/2024\/02\/51217-1-150x150.webp",150,150,true],"medium":["https:\/\/imagazine.it\/wp-content\/uploads\/2024\/02\/51217-1-300x200.webp",300,200,true],"large":["https:\/\/imagazine.it\/wp-content\/uploads\/2024\/02\/51217-1.webp",640,427,false],"thumblist":["https:\/\/imagazine.it\/wp-content\/uploads\/2024\/02\/51217-1-300x300.webp",300,300,true],"thumbrelated":["https:\/\/imagazine.it\/wp-content\/uploads\/2024\/02\/51217-1-500x500.webp",500,500,true],"meccarouselthumb":["https:\/\/imagazine.it\/wp-content\/uploads\/2024\/02\/51217-1-474x324.webp",474,324,true],"gridsquare":["https:\/\/imagazine.it\/wp-content\/uploads\/2024\/02\/51217-1-391x260.webp",391,260,true],"tileview":["https:\/\/imagazine.it\/wp-content\/uploads\/2024\/02\/51217-1-300x400.webp",300,400,true],"1536x1536":["https:\/\/imagazine.it\/wp-content\/uploads\/2024\/02\/51217-1.webp",1000,667,false],"2048x2048":["https:\/\/imagazine.it\/wp-content\/uploads\/2024\/02\/51217-1.webp",1000,667,false],"newsup-slider-full":["https:\/\/imagazine.it\/wp-content\/uploads\/2024\/02\/51217-1.webp",1000,667,false],"newsup-featured":["https:\/\/imagazine.it\/wp-content\/uploads\/2024\/02\/51217-1.webp",1000,667,false],"newsup-medium":["https:\/\/imagazine.it\/wp-content\/uploads\/2024\/02\/51217-1-720x380.webp",720,380,true],"tptn_thumbnail":["https:\/\/imagazine.it\/wp-content\/uploads\/2024\/02\/51217-1.webp",250,167,false],"sow-carousel-default":["https:\/\/imagazine.it\/wp-content\/uploads\/2024\/02\/51217-1.webp",272,182,false]},"rttpg_author":{"display_name":"redazione","author_link":"https:\/\/imagazine.it\/home_desk\/author\/redazione\/"},"rttpg_comment":0,"rttpg_category":"<a href=\"https:\/\/imagazine.it\/home_desk\/category\/cultura-e-spettacolo\/\" rel=\"category tag\">CULTURA&amp;SPETTACOLO<\/a>","rttpg_excerpt":"\u201cPablo - Everyday Climbers\u201d e \u201cThe Silent Echo\u201d protagonisti al concorso per cortometraggi dedicati alle terre alte","_links":{"self":[{"href":"https:\/\/imagazine.it\/home_desk\/wp-json\/wp\/v2\/posts\/47975","targetHints":{"allow":["GET"]}}],"collection":[{"href":"https:\/\/imagazine.it\/home_desk\/wp-json\/wp\/v2\/posts"}],"about":[{"href":"https:\/\/imagazine.it\/home_desk\/wp-json\/wp\/v2\/types\/post"}],"author":[{"embeddable":true,"href":"https:\/\/imagazine.it\/home_desk\/wp-json\/wp\/v2\/users\/28"}],"replies":[{"embeddable":true,"href":"https:\/\/imagazine.it\/home_desk\/wp-json\/wp\/v2\/comments?post=47975"}],"version-history":[{"count":0,"href":"https:\/\/imagazine.it\/home_desk\/wp-json\/wp\/v2\/posts\/47975\/revisions"}],"wp:featuredmedia":[{"embeddable":true,"href":"https:\/\/imagazine.it\/home_desk\/wp-json\/wp\/v2\/media\/47976"}],"wp:attachment":[{"href":"https:\/\/imagazine.it\/home_desk\/wp-json\/wp\/v2\/media?parent=47975"}],"wp:term":[{"taxonomy":"category","embeddable":true,"href":"https:\/\/imagazine.it\/home_desk\/wp-json\/wp\/v2\/categories?post=47975"},{"taxonomy":"post_tag","embeddable":true,"href":"https:\/\/imagazine.it\/home_desk\/wp-json\/wp\/v2\/tags?post=47975"}],"curies":[{"name":"wp","href":"https:\/\/api.w.org\/{rel}","templated":true}]}}