{"id":47971,"date":"2022-12-06T00:00:00","date_gmt":"2022-12-05T23:00:00","guid":{"rendered":"https:\/\/imagazine.it\/parte-la-stagione-invernale-ma-si-scia-solo-a-sella-nevea\/"},"modified":"2022-12-06T00:00:00","modified_gmt":"2022-12-05T23:00:00","slug":"parte-la-stagione-invernale-ma-si-scia-solo-a-sella-nevea","status":"publish","type":"post","link":"https:\/\/imagazine.it\/home_desk\/parte-la-stagione-invernale-ma-si-scia-solo-a-sella-nevea\/","title":{"rendered":"Parte la stagione invernale, ma si scia solo a Sella Nevea"},"content":{"rendered":"<p> \tIn Friuli Venezia Giulia da gioved\u00ec a domenica si torna a sciare nel solo comprensorio di <strong>Sella Nevea<\/strong>, che aprir\u00e0 <strong>una parte delle piste e alcuni impianti di risalita, <\/strong>quali la telecabina Canin, la seggiovia Gilberti e la funivia del Prevala.<\/p>\n<p> \tA <strong>Tarvisio<\/strong> e a <strong>Piancavallo<\/strong> saranno aperti rispettivamente <strong>la telecabina del Lussari<\/strong> e la <strong>seggiovia Tremol1<\/strong>, ma con accesso consentito solo ai pedoni.<\/p>\n<p> \tData l\u2019apertura parziale delle piste, PromoTurismoFVG ha deciso di applicare uno <strong>sconto del 30% sull\u2019acquisto degli skipass giornalieri e plurigiornalieri<\/strong>: tenendo conto del periodo di bassa stagione, <strong>il giornaliero adulti passer\u00e0 da 28 a 19,60 euro<\/strong>.<\/p>\n<p> \tLe condizioni meteo non hanno consentito di aprire le altre localit\u00e0 sciistiche: il prossimo aggiornamento \u00e8 fissato per domenica pomeriggio e gi\u00e0 dalla prossima settimana le aperture potrebbero subire modifiche, in attesa dell\u2019apertura completa degli impianti.<\/p>\n<p> \tDa gioved\u00ec a domenica, come anticipato, solo <strong>Sella Nevea<\/strong> sar\u00e0 in grado di aprire agli sciatori per il ponte dell\u2019Immacolata, in cui saranno operativi la <strong>telecabina Canin<\/strong>, la <strong>seggiovia Gilberti<\/strong> e il <strong>Funifor Prevala<\/strong> con le <strong>piste CAI1, Gilberti e Prevala<\/strong>. In considerazione del fatto che il comprensorio sloveno non aprir\u00e0 prima del 20 dicembre, non saranno accettati gli skipass emessi da Bovec.<\/p>\n<p> \tLe attuali condizioni meteo, con le abbondanti piogge e le temperature elevate, e le previsioni, verificate nel corso di un incontro questa mattina tra i responsabili dei poli del Friuli Venezia Giulia, non permettono alle altre localit\u00e0 turistiche della regione di garantire il servizio, con l\u2019unica eccezione di Tarvisio, con la <strong>telecabina del Lussari<\/strong>, e Piancavallo, con la <strong>seggiovia Tremol1<\/strong>, che \u2013 accanto agli impianti di risalita di Sella Nevea Funifor Prevala e telecabina Canin aperti a sciatori e pedoni \u2013 <strong>saranno accessibili ai soli pedoni<\/strong> per consentire passeggiate ed escursioni ad appassionati e turisti.<\/p>\n<p> \tA <strong>Ravascletto\/Zoncolan<\/strong> sar\u00e0 aperta la <strong>funivia di Ravascletto<\/strong>, che consentir\u00e0 agli appassionati dello sci di fondo di testare per la prima volta il nuovo anello in quota: si potr\u00e0 salire pagando il biglietto di andata e ritorno dell\u2019impianto. I poli di Forni di Sopra\/Sauris e Sappada\/Forni Avoltri rimarranno invece chiusi.<\/p>\n<p> \tIl prossimo aggiornamento \u00e8 in programma domenica pomeriggio e gi\u00e0 da luned\u00ec 12 dicembre le indicazioni per i giorni successivi potrebbero subire variazioni.<\/p>\n<p> \tL\u20198 dicembre sar\u00e0 anche la data di apertura del <strong>palaghiaccio di Piancavallo<\/strong>: grazie all\u2019accordo tra PromoTurismoFVG e i gestori dell\u2019impianto sportivo, la Cooperativa Piancavallo 1265, l\u2019impianto sar\u00e0 operativo per l\u2019inverno 2022\/2023. Gli orari e le giornate di apertura, <u><a href=\"http:\/\/piancavallo1265.com\/impianti-sportivi\/palaghiaccio-piancavallo\/\" target=\"_blank\" rel=\"noopener\"><span style=\"color:#0000cd;\">tutte consultabili sul sito<\/span><\/a><\/u>, varieranno a seconda dei periodi: dall\u20198 all\u201911 dicembre e 17 -18 dicembre il Palapredieri sar\u00e0 accessibile il sabato (10-12\/13.45-19\/20.30-22.30) e la domenica (10-12\/13.45-19), dalla vigilia di Natale all\u20198 gennaio sar\u00e0 aperto tutti i giorni (10-12\/13.45-19\/20.30-22.30), per poi modificare gli orari di apertura a gennaio. Sempre a <strong>Piancavallo sar\u00e0 aperto il bob su rotaia<\/strong>, mentre il parco Nevelandia di Sappada rimarr\u00e0 al momento chiuso al pubblico, in attesa di successive indicazioni.<\/p>\n<p> \t\u00a0<\/p>\n","protected":false},"excerpt":{"rendered":"<p>Aperta la telecabina del Lussari e la seggiovia Tremol1 a Piancavallo solo per i pedoni, la funivia di Ravascletto per lo sci di fondo<\/p>\n","protected":false},"author":28,"featured_media":47972,"comment_status":"closed","ping_status":"closed","sticky":false,"template":"","format":"standard","meta":{"dwc-title":[],"dwc-content":[],"footnotes":""},"categories":[8],"tags":[],"class_list":["post-47971","post","type-post","status-publish","format-standard","has-post-thumbnail","hentry","category-turismo"],"rttpg_featured_image_url":{"full":["https:\/\/imagazine.it\/wp-content\/uploads\/2024\/02\/51215-1.webp",1280,853,false],"landscape":["https:\/\/imagazine.it\/wp-content\/uploads\/2024\/02\/51215-1.webp",1280,853,false],"portraits":["https:\/\/imagazine.it\/wp-content\/uploads\/2024\/02\/51215-1.webp",1280,853,false],"thumbnail":["https:\/\/imagazine.it\/wp-content\/uploads\/2024\/02\/51215-1-150x150.webp",150,150,true],"medium":["https:\/\/imagazine.it\/wp-content\/uploads\/2024\/02\/51215-1-300x200.webp",300,200,true],"large":["https:\/\/imagazine.it\/wp-content\/uploads\/2024\/02\/51215-1-1024x682.webp",640,426,true],"thumblist":["https:\/\/imagazine.it\/wp-content\/uploads\/2024\/02\/51215-1-300x300.webp",300,300,true],"thumbrelated":["https:\/\/imagazine.it\/wp-content\/uploads\/2024\/02\/51215-1-500x500.webp",500,500,true],"meccarouselthumb":["https:\/\/imagazine.it\/wp-content\/uploads\/2024\/02\/51215-1-474x324.webp",474,324,true],"gridsquare":["https:\/\/imagazine.it\/wp-content\/uploads\/2024\/02\/51215-1-391x260.webp",391,260,true],"tileview":["https:\/\/imagazine.it\/wp-content\/uploads\/2024\/02\/51215-1-300x400.webp",300,400,true],"1536x1536":["https:\/\/imagazine.it\/wp-content\/uploads\/2024\/02\/51215-1.webp",1280,853,false],"2048x2048":["https:\/\/imagazine.it\/wp-content\/uploads\/2024\/02\/51215-1.webp",1280,853,false],"newsup-slider-full":["https:\/\/imagazine.it\/wp-content\/uploads\/2024\/02\/51215-1-1280x720.webp",1280,720,true],"newsup-featured":["https:\/\/imagazine.it\/wp-content\/uploads\/2024\/02\/51215-1-1024x682.webp",1024,682,true],"newsup-medium":["https:\/\/imagazine.it\/wp-content\/uploads\/2024\/02\/51215-1-720x380.webp",720,380,true],"tptn_thumbnail":["https:\/\/imagazine.it\/wp-content\/uploads\/2024\/02\/51215-1.webp",250,167,false],"sow-carousel-default":["https:\/\/imagazine.it\/wp-content\/uploads\/2024\/02\/51215-1.webp",272,182,false]},"rttpg_author":{"display_name":"redazione","author_link":"https:\/\/imagazine.it\/home_desk\/author\/redazione\/"},"rttpg_comment":0,"rttpg_category":"<a href=\"https:\/\/imagazine.it\/home_desk\/category\/turismo\/\" rel=\"category tag\">TURISMO<\/a>","rttpg_excerpt":"Aperta la telecabina del Lussari e la seggiovia Tremol1 a Piancavallo solo per i pedoni, la funivia di Ravascletto per lo sci di fondo","_links":{"self":[{"href":"https:\/\/imagazine.it\/home_desk\/wp-json\/wp\/v2\/posts\/47971","targetHints":{"allow":["GET"]}}],"collection":[{"href":"https:\/\/imagazine.it\/home_desk\/wp-json\/wp\/v2\/posts"}],"about":[{"href":"https:\/\/imagazine.it\/home_desk\/wp-json\/wp\/v2\/types\/post"}],"author":[{"embeddable":true,"href":"https:\/\/imagazine.it\/home_desk\/wp-json\/wp\/v2\/users\/28"}],"replies":[{"embeddable":true,"href":"https:\/\/imagazine.it\/home_desk\/wp-json\/wp\/v2\/comments?post=47971"}],"version-history":[{"count":0,"href":"https:\/\/imagazine.it\/home_desk\/wp-json\/wp\/v2\/posts\/47971\/revisions"}],"wp:featuredmedia":[{"embeddable":true,"href":"https:\/\/imagazine.it\/home_desk\/wp-json\/wp\/v2\/media\/47972"}],"wp:attachment":[{"href":"https:\/\/imagazine.it\/home_desk\/wp-json\/wp\/v2\/media?parent=47971"}],"wp:term":[{"taxonomy":"category","embeddable":true,"href":"https:\/\/imagazine.it\/home_desk\/wp-json\/wp\/v2\/categories?post=47971"},{"taxonomy":"post_tag","embeddable":true,"href":"https:\/\/imagazine.it\/home_desk\/wp-json\/wp\/v2\/tags?post=47971"}],"curies":[{"name":"wp","href":"https:\/\/api.w.org\/{rel}","templated":true}]}}