{"id":47963,"date":"2022-12-06T00:00:00","date_gmt":"2022-12-05T23:00:00","guid":{"rendered":"https:\/\/imagazine.it\/il-presepe-di-sabbia-di-lignano-omaggia-i-mosaici-di-aquileia\/"},"modified":"2022-12-06T00:00:00","modified_gmt":"2022-12-05T23:00:00","slug":"il-presepe-di-sabbia-di-lignano-omaggia-i-mosaici-di-aquileia","status":"publish","type":"post","link":"https:\/\/imagazine.it\/home_desk\/il-presepe-di-sabbia-di-lignano-omaggia-i-mosaici-di-aquileia\/","title":{"rendered":"Il presepe di sabbia di Lignano omaggia i mosaici di Aquileia"},"content":{"rendered":"<p> \tIl grande <strong>Presepe di Sabbia<\/strong> di <strong>Lignano Sabbiadoro<\/strong> presenta la sua <strong>diciannovesima edizione<\/strong>.<\/p>\n<p> \tA partire dall\u2019<strong>8 dicembre<\/strong>, e fino al <strong>5 febbraio<\/strong>, il presepe sar\u00e0 visitabile nella tensostruttura allestita all\u2019altezza del Parco San Giovanni Bosco (di fronte alla Chiesa) e vi si potr\u00e0 accedere dall\u2019<strong>ufficio spiaggia n\u00b06<\/strong>. Per tutte le Informazioni e gli orari di apertura visitare il sito <u><a href=\"http:\/\/www.presepelignano.it\" target=\"_blank\" rel=\"noopener\"><span style=\"color:#0000cd;\">www.presepelignano.it<\/span><\/a><\/u>.<\/p>\n<p> \tLa cerimonia di inaugurazione \u00e8 prevista per gioved\u00ec alle 17, mentre l&#8217;opera sar\u00e0 visitabile gi\u00e0 dalle 10 del mattino.<\/p>\n<p> \t\u201c<strong>Tessere d\u2019infinito: storie e leggende del primo Cristianesimo aquileiese<\/strong>\u201d, questo il titolo della grande opera eseguita senza ricorrere a collanti o a sostanze chimiche, solo sabbia dell\u2019arenile di Lignano e acqua marina, unite alla maestria dell\u2019equipe internazionale di maestri scultori. La <strong>XIX edizione<\/strong> dell\u2019opera \u00e8 organizzata, come di consueto, dall\u2019<strong>Associazione Dome Aghe e Savalon d\u2019Aur<\/strong>, in collaborazione con il <strong>Comune<\/strong> <strong>di Lignano Sabbiadoro<\/strong>,<strong> Lignano Sabbiadoro Gestioni<\/strong>, <strong>Consorzio Lignano Holiday<\/strong>, <strong>Lignano in Fiore ONLUS<\/strong> e con il fondamentale sostegno delle associazioni lignanesi.<\/p>\n<p> \tSono tante le novit\u00e0 che la <strong>XIX edizione <\/strong>del <strong>Presepe di Sabbia di Lignano Sabbiadoro<\/strong> tiene in serbo per i suoi visitatori. Oltre alla posizione della tensostruttura, leggermente spostata rispetto alle precedenti edizioni, l\u2019allestimento interno, rinnovato nelle sue componenti tecnologiche, \u00e8 stato messo a punto per esaltare la plasticit\u00e0 delle opere scultoree frutto, quest\u2019anno, di un lungo lavoro progettuale curato da <strong>Lara Gonzo<\/strong> e dal Maestro <strong>Mario Vittadello<\/strong>.<\/p>\n<p> \tIl tema di questa edizione trae libera ispirazione dai mosaici teodoriani della <strong>Basilica di Aquileia<\/strong> e intende accennare <em>per figuras<\/em> alle multiformi origini del Cristianesimo nei territori dell\u2019aquileiese e dell\u2019alto Adriatico; un Cristianesimo che, giunto dal bacino orientale del mar Mediterraneo carico di differenti apporti teologici, \u00e8 stato rielaborato nel seno della grande e cosmopolita Aquileia, per poi\u00a0 raggiungere, quasi per gemmazione, l\u2019intera terra friulana.<\/p>\n<p> \t\u201c<em>Abbiamo cominciato quasi 20 anni fa in una Lignano invernale deserta con un piccolo presepe di sabbia regalato alla comunit\u00e0<\/em> \u2013 commenta <strong>Mario Montrone<\/strong>, presidente dell\u2019<strong>Associazione Dome Aghe e Savalon d\u2019Aur<\/strong> \u2013. <em>Nel corso degli anni la manifestazione \u00e8 cresciuta esponenzialmente, facendosi attiva promotrice di importanti iniziative solidali. Allo stesso tempo, il Presepe di Sabbia \u00e8 diventato sia un simbolo del Natale a Lignano Sabbiadoro sia un imperdibile e ormai tradizionale appuntamento per i visitatori provenienti da tutto il Friuli e da fuori regione (quasi un milione nell\u2019arco di quasi 4 lustri). Anche quest\u2019anno l\u2019iniziativa punta a confermarsi come importante riferimento turistico per la citt\u00e0 balneare e per l\u2019intera Regione Friuli Venezia Giulia<\/em>\u201d.<\/p>\n<p> \t\u201c<strong>Tessere d\u2019infinito<\/strong>\u201d, un tema di grande fascino e di forte impatto, che si \u00e8 tradotto in un percorso sospeso tra storia e leggenda attraverso differenti linguaggi artistici, accomunati da due fili conduttori: \u201c<strong>il mare<\/strong>\u201d\u00a0(principale risorsa di Lignano) e i \u201c<strong>colori della luce<\/strong>\u201d. Il percorso sar\u00e0 suddiviso in quattro blocchi tematici: <strong>leggenda<\/strong>, <strong>ipotesi<\/strong>, <strong>storia<\/strong> e <strong>teologia<\/strong>.<\/p>\n<p> \tIl primo blocco racconter\u00e0 la leggenda che ha fatto di <strong>San Marco<\/strong>, primo Vescovo di Alessandria d\u2019Egitto, il fondatore della <strong>Chiesa di Aquileia<\/strong>; il secondo raffigurer\u00e0, mediante un procedimento allegorico, alcune teorie (in particolare quelle di Gilberto Pressacco e Renato Iacumin) riguardanti le origini del <strong>Cristianesimo aquileiese<\/strong>; il terzo sfiorer\u00e0 alcuni snodi storici sulla scorta di fatti, documenti, fonti e monumenti e, infine, il quarto compendier\u00e0 l\u2019interpretazione di alcuni passaggi teologici che hanno contraddistinto l\u2019antica Chiesa aquileiese: il <strong>Descendit ad Infer(n)a<\/strong>, il <strong>Signum Ionae<\/strong>, la fede nella salvezza universale (<strong>Apocat\u00e0stasis<\/strong>). Per evocare la \u201cfisicit\u00e0\u201d e il \u201ccolore\u201d dei mosaici e, al contempo, per alludere simbolicamente alla\u00a0 \u201cluce\u201d spirituale irradiata dalla nuova fede, si \u00e8 deciso di accostare alle sculture di sabbia tre opere che usano media differenti: si potr\u00e0 camminare su un tratto di pavimento musivo che riproduce fedelmente, nel colore e nelle dimensioni, alcuni segmenti del mosaico pavimentale della \u201c<strong>Cripta degli Scavi<\/strong>\u201d, opera della <strong>Scuola Mosaicisti del Friuli<\/strong> di Spilimbergo; si potr\u00e0 ammirare un impalpabile arcobaleno realizzato da <strong>Jacopo Rumignani<\/strong> con tessuti leggerissimi e trasparenti; ci si trover\u00e0, infine, dinanzi a una grandiosa video installazione digitale che consentir\u00e0 di fare un\u2019esperienza immersiva e quasi mistica nelle acque salvifiche e colorate del misterioso\u00a0 \u201c<strong>mare di Giona<\/strong>\u201d. Questo inserimento virtuale \u2013 reso possibile dalla generosa disponibilit\u00e0 della <strong>Fondazione Societ\u00e0 per la Conservazione della Basilica di Aquileia<\/strong> \u2013 si avvale della progettualit\u00e0 e delle tecnologie di <strong>4Dodo S.r.l<\/strong>. di San Giorgio di Nogaro.<\/p>\n<p> \t\u00a0<\/p>\n<p> \t<strong>CREDITI:<\/strong><\/p>\n<p> \tDa un\u2019idea dell\u2019<strong>Associazione Dome Aghe e Savalon d\u2019Aur<\/strong>. elaborata da <strong>Lara Gonzo<\/strong> e <strong>Ivana Battaglia<\/strong><\/p>\n<p> \t&#8212;&#8212;&#8212;&#8212;&#8212;&#8212;&#8212;&#8212;&#8212;&#8212;<wbr \/>&#8211;<\/p>\n<p> \tIdeazione e direzione artistica: <strong>Lara Gonzo<\/strong>, <strong>Mario Vittadello<\/strong> e <strong>Ornella Scrivante<\/strong><\/p>\n<p> \t&#8212;&#8212;&#8212;&#8212;&#8212;&#8212;&#8212;&#8212;&#8212;&#8212;<wbr \/>&#8211;<\/p>\n<p> \tRealizzazione tecnica dello spazio espositivo: <strong>Antonio Molin<\/strong>, presidente dell\u2019<strong>Accademia della Sabbia<\/strong> di Roma<\/p>\n<p> \t<strong>Il mare di Giona<\/strong>. Scenografia virtuale (proiezioni sulla sabbia), da un\u2019idea di <strong>Federico Cautero<\/strong>; allestimento e realizzazione di <strong>4 DODO s.r.l<\/strong>. di San Giorgio di Nogaro.<\/p>\n<p> \tL\u2019installazione dell\u2019<strong>Arc di San Marc <\/strong>(arcobaleno) e la grafica di fondo \u201c<strong>Basilica di Aquileia<\/strong>\u201d sono dell\u2019artista <strong>Jacopo Rumignani<\/strong> di Lignano Sabbiadoro.<\/p>\n<p> \tLa voce narrante che accompagna i visitatori lungo il percorso \u00e8 di <strong>Massimo Somaglino<\/strong>.<\/p>\n<p> \tLe foto del Presepe sono a cura di <strong>Davide Carbone<\/strong>, <strong>Riccardo Riccamboni<\/strong> e <strong>Ferdi Terrazzani<\/strong>.<\/p>\n<p> \tIl presepe in numeri: <strong>600 metri<\/strong> <strong>quadrati<\/strong> di superficie espositiva, <strong>400 metri<\/strong> <strong>cubi <\/strong>di sabbia, <strong>3 artisti<\/strong> che hanno lavorato per <strong>50 giorni<\/strong> consecutivi.<\/p>\n<p> \t\u00a0<\/p>\n","protected":false},"excerpt":{"rendered":"<p>L&#8217;8 dicembre inaugura l&#8217;opera allestita dall&#8217;equipe internazionale di maestri scultori sul tema &#8220;Storie e leggende del primo Cristianesimo aquileiese&#8221;<\/p>\n","protected":false},"author":28,"featured_media":47964,"comment_status":"closed","ping_status":"closed","sticky":false,"template":"","format":"standard","meta":{"dwc-title":[],"dwc-content":[],"footnotes":""},"categories":[8],"tags":[],"class_list":["post-47963","post","type-post","status-publish","format-standard","has-post-thumbnail","hentry","category-turismo"],"rttpg_featured_image_url":{"full":["https:\/\/imagazine.it\/wp-content\/uploads\/2024\/02\/51210-1.webp",984,656,false],"landscape":["https:\/\/imagazine.it\/wp-content\/uploads\/2024\/02\/51210-1.webp",984,656,false],"portraits":["https:\/\/imagazine.it\/wp-content\/uploads\/2024\/02\/51210-1.webp",984,656,false],"thumbnail":["https:\/\/imagazine.it\/wp-content\/uploads\/2024\/02\/51210-1-150x150.webp",150,150,true],"medium":["https:\/\/imagazine.it\/wp-content\/uploads\/2024\/02\/51210-1-300x200.webp",300,200,true],"large":["https:\/\/imagazine.it\/wp-content\/uploads\/2024\/02\/51210-1.webp",640,427,false],"thumblist":["https:\/\/imagazine.it\/wp-content\/uploads\/2024\/02\/51210-1-300x300.webp",300,300,true],"thumbrelated":["https:\/\/imagazine.it\/wp-content\/uploads\/2024\/02\/51210-1-500x500.webp",500,500,true],"meccarouselthumb":["https:\/\/imagazine.it\/wp-content\/uploads\/2024\/02\/51210-1-474x324.webp",474,324,true],"gridsquare":["https:\/\/imagazine.it\/wp-content\/uploads\/2024\/02\/51210-1-391x260.webp",391,260,true],"tileview":["https:\/\/imagazine.it\/wp-content\/uploads\/2024\/02\/51210-1-300x400.webp",300,400,true],"1536x1536":["https:\/\/imagazine.it\/wp-content\/uploads\/2024\/02\/51210-1.webp",984,656,false],"2048x2048":["https:\/\/imagazine.it\/wp-content\/uploads\/2024\/02\/51210-1.webp",984,656,false],"newsup-slider-full":["https:\/\/imagazine.it\/wp-content\/uploads\/2024\/02\/51210-1.webp",984,656,false],"newsup-featured":["https:\/\/imagazine.it\/wp-content\/uploads\/2024\/02\/51210-1.webp",984,656,false],"newsup-medium":["https:\/\/imagazine.it\/wp-content\/uploads\/2024\/02\/51210-1-720x380.webp",720,380,true],"tptn_thumbnail":["https:\/\/imagazine.it\/wp-content\/uploads\/2024\/02\/51210-1.webp",250,167,false],"sow-carousel-default":["https:\/\/imagazine.it\/wp-content\/uploads\/2024\/02\/51210-1.webp",272,182,false]},"rttpg_author":{"display_name":"redazione","author_link":"https:\/\/imagazine.it\/home_desk\/author\/redazione\/"},"rttpg_comment":0,"rttpg_category":"<a href=\"https:\/\/imagazine.it\/home_desk\/category\/turismo\/\" rel=\"category tag\">TURISMO<\/a>","rttpg_excerpt":"L'8 dicembre inaugura l'opera allestita dall'equipe internazionale di maestri scultori sul tema \"Storie e leggende del primo Cristianesimo aquileiese\"","_links":{"self":[{"href":"https:\/\/imagazine.it\/home_desk\/wp-json\/wp\/v2\/posts\/47963","targetHints":{"allow":["GET"]}}],"collection":[{"href":"https:\/\/imagazine.it\/home_desk\/wp-json\/wp\/v2\/posts"}],"about":[{"href":"https:\/\/imagazine.it\/home_desk\/wp-json\/wp\/v2\/types\/post"}],"author":[{"embeddable":true,"href":"https:\/\/imagazine.it\/home_desk\/wp-json\/wp\/v2\/users\/28"}],"replies":[{"embeddable":true,"href":"https:\/\/imagazine.it\/home_desk\/wp-json\/wp\/v2\/comments?post=47963"}],"version-history":[{"count":0,"href":"https:\/\/imagazine.it\/home_desk\/wp-json\/wp\/v2\/posts\/47963\/revisions"}],"wp:featuredmedia":[{"embeddable":true,"href":"https:\/\/imagazine.it\/home_desk\/wp-json\/wp\/v2\/media\/47964"}],"wp:attachment":[{"href":"https:\/\/imagazine.it\/home_desk\/wp-json\/wp\/v2\/media?parent=47963"}],"wp:term":[{"taxonomy":"category","embeddable":true,"href":"https:\/\/imagazine.it\/home_desk\/wp-json\/wp\/v2\/categories?post=47963"},{"taxonomy":"post_tag","embeddable":true,"href":"https:\/\/imagazine.it\/home_desk\/wp-json\/wp\/v2\/tags?post=47963"}],"curies":[{"name":"wp","href":"https:\/\/api.w.org\/{rel}","templated":true}]}}