{"id":47921,"date":"2022-12-01T00:00:00","date_gmt":"2022-11-30T23:00:00","guid":{"rendered":"https:\/\/imagazine.it\/la-satira-sul-vino-protagonista-a-gorizia\/"},"modified":"2022-12-01T00:00:00","modified_gmt":"2022-11-30T23:00:00","slug":"la-satira-sul-vino-protagonista-a-gorizia","status":"publish","type":"post","link":"https:\/\/imagazine.it\/home_desk\/la-satira-sul-vino-protagonista-a-gorizia\/","title":{"rendered":"La satira sul vino protagonista a Gorizia"},"content":{"rendered":"<p> \tL\u2019attualit\u00e0, gli eventi mondiali ma anche gli\u00a0avvenimenti storici visti e disegnati con i colori e i segni della satira e dell\u2019ironia.<\/p>\n<p> \t<strong>Gorizia<\/strong> si appresta a candidarsi quale caput mundi per autori di vignette satiriche internazionali sul mondo del vino.<\/p>\n<p> \tSabato 3 dicembre infatti alle 17.30 al Grand Hotel Entourage di Piazza Sant\u2019Antonio 2\u00a0saranno proclamati i vincitori della 23sima edizione del concorso internazionale di vignette e illustrazioni satiriche <strong><em>Spirito di Vino<\/em><\/strong>, organizzato\u00a0dal <strong>Movimento Turismo del Vino Friuli Venezia Giulia<\/strong>.<\/p>\n<p> \t\u201cDopo 23 edizioni la satira di Spirito di Vino punge ancora\u201d, dichiara <strong>Elda Felluga<\/strong>, presidente del Movimento Turismo del Vino FVG. \u201cAnche quest\u2019anno la prestigiosa giuria ha avuto grandi difficolt\u00e0 a scegliere le opere finaliste perch\u00e9 questa originale sfida, lanciata annualmente in tutto il mondo, stimola la creativit\u00e0 dei partecipanti che, grazie alle loro creazioni, dialogano sulle diverse visioni legate al vino e alla sua cultura\u201d.<\/p>\n<p> \tLogo di questa edizione il castello simbolo di Gorizia; un omaggio del MTV all\u2019importante appuntamento del 2025. Nova Gorica e Gorizia Capitale della Cultura Europea\u201d.<\/p>\n<p> \tFino al 5 gennaio 2023, ogni giorno dalle 10 alle 20, potr\u00e0 essere visitata la mostra delle opere selezionate per la fase finale e quelle realizzate appositamente dai Maestri vignettisti membri della giuria.<\/p>\n<p> \tUn\u2019occasione per apprezzare l\u2019umorismo e la satira graffiante declinata in stili e linguaggi diversi. In questi 23 anni Spirito di Vino \u00e8 diventato un punto di riferimento<br \/> \tper aspiranti vignettisti e professionisti gi\u00e0 affermati, acquisendo un respiro sempre pi\u00f9 ampio e raccogliendo pi\u00f9 di 9.000 vignette provenienti da oltre 50 paesi del mondo.<\/p>\n<p> \tNon facile il compito di selezione della giuria d\u2019eccezione, capitanata dal <u><a href=\"http:\/\/www.imagazine.it\/notizie-trieste-gorizia-udine-friuli\/3997\" target=\"_blank\" rel=\"noopener\"><span style=\"color:#0000cd;\">presidente in carica <strong>Alfio Krancic<\/strong><\/span><\/a><\/u> e dal presidente onorario <strong>Giorgio Forattini<\/strong>, dai vignettisti <strong>Emilio Giannelli<\/strong>, <strong>Valerio Marini<\/strong> e da illustri nomi del giornalismo e della grafica quali <strong>Gianluigi Colin<\/strong>, <strong>Franz Botr\u00e9<\/strong> ed <strong>Enzo Rizzo, Carlo Cambi, Paolo Marchi, Aldo Colonetti, Fede &#038; Tinto, Francesco Salvi<\/strong> e da Elda Felluga.<\/p>\n<p> \t\u00a0<\/p>\n","protected":false},"excerpt":{"rendered":"<p>Dalle vignette alle illustrazioni satiriche: attesa per la scelta del vincitore. Tutte le opere in mostra fino al 5 gennaio<\/p>\n","protected":false},"author":23,"featured_media":47922,"comment_status":"closed","ping_status":"closed","sticky":false,"template":"","format":"standard","meta":{"dwc-title":[],"dwc-content":[],"footnotes":""},"categories":[37],"tags":[],"class_list":["post-47921","post","type-post","status-publish","format-standard","has-post-thumbnail","hentry","category-cultura-e-spettacolo"],"rttpg_featured_image_url":{"full":["https:\/\/imagazine.it\/wp-content\/uploads\/2024\/02\/51110-1.webp",1000,710,false],"landscape":["https:\/\/imagazine.it\/wp-content\/uploads\/2024\/02\/51110-1.webp",1000,710,false],"portraits":["https:\/\/imagazine.it\/wp-content\/uploads\/2024\/02\/51110-1.webp",1000,710,false],"thumbnail":["https:\/\/imagazine.it\/wp-content\/uploads\/2024\/02\/51110-1-150x150.webp",150,150,true],"medium":["https:\/\/imagazine.it\/wp-content\/uploads\/2024\/02\/51110-1-300x213.webp",300,213,true],"large":["https:\/\/imagazine.it\/wp-content\/uploads\/2024\/02\/51110-1.webp",640,454,false],"thumblist":["https:\/\/imagazine.it\/wp-content\/uploads\/2024\/02\/51110-1-300x300.webp",300,300,true],"thumbrelated":["https:\/\/imagazine.it\/wp-content\/uploads\/2024\/02\/51110-1-500x500.webp",500,500,true],"meccarouselthumb":["https:\/\/imagazine.it\/wp-content\/uploads\/2024\/02\/51110-1-474x324.webp",474,324,true],"gridsquare":["https:\/\/imagazine.it\/wp-content\/uploads\/2024\/02\/51110-1-391x260.webp",391,260,true],"tileview":["https:\/\/imagazine.it\/wp-content\/uploads\/2024\/02\/51110-1-300x400.webp",300,400,true],"1536x1536":["https:\/\/imagazine.it\/wp-content\/uploads\/2024\/02\/51110-1.webp",1000,710,false],"2048x2048":["https:\/\/imagazine.it\/wp-content\/uploads\/2024\/02\/51110-1.webp",1000,710,false],"newsup-slider-full":["https:\/\/imagazine.it\/wp-content\/uploads\/2024\/02\/51110-1.webp",1000,710,false],"newsup-featured":["https:\/\/imagazine.it\/wp-content\/uploads\/2024\/02\/51110-1.webp",1000,710,false],"newsup-medium":["https:\/\/imagazine.it\/wp-content\/uploads\/2024\/02\/51110-1-720x380.webp",720,380,true],"tptn_thumbnail":["https:\/\/imagazine.it\/wp-content\/uploads\/2024\/02\/51110-1.webp",250,178,false],"sow-carousel-default":["https:\/\/imagazine.it\/wp-content\/uploads\/2024\/02\/51110-1.webp",256,182,false]},"rttpg_author":{"display_name":"Margherita Reguitti","author_link":"https:\/\/imagazine.it\/home_desk\/author\/reguitti\/"},"rttpg_comment":0,"rttpg_category":"<a href=\"https:\/\/imagazine.it\/home_desk\/category\/cultura-e-spettacolo\/\" rel=\"category tag\">CULTURA&amp;SPETTACOLO<\/a>","rttpg_excerpt":"Dalle vignette alle illustrazioni satiriche: attesa per la scelta del vincitore. Tutte le opere in mostra fino al 5 gennaio","_links":{"self":[{"href":"https:\/\/imagazine.it\/home_desk\/wp-json\/wp\/v2\/posts\/47921","targetHints":{"allow":["GET"]}}],"collection":[{"href":"https:\/\/imagazine.it\/home_desk\/wp-json\/wp\/v2\/posts"}],"about":[{"href":"https:\/\/imagazine.it\/home_desk\/wp-json\/wp\/v2\/types\/post"}],"author":[{"embeddable":true,"href":"https:\/\/imagazine.it\/home_desk\/wp-json\/wp\/v2\/users\/23"}],"replies":[{"embeddable":true,"href":"https:\/\/imagazine.it\/home_desk\/wp-json\/wp\/v2\/comments?post=47921"}],"version-history":[{"count":0,"href":"https:\/\/imagazine.it\/home_desk\/wp-json\/wp\/v2\/posts\/47921\/revisions"}],"wp:featuredmedia":[{"embeddable":true,"href":"https:\/\/imagazine.it\/home_desk\/wp-json\/wp\/v2\/media\/47922"}],"wp:attachment":[{"href":"https:\/\/imagazine.it\/home_desk\/wp-json\/wp\/v2\/media?parent=47921"}],"wp:term":[{"taxonomy":"category","embeddable":true,"href":"https:\/\/imagazine.it\/home_desk\/wp-json\/wp\/v2\/categories?post=47921"},{"taxonomy":"post_tag","embeddable":true,"href":"https:\/\/imagazine.it\/home_desk\/wp-json\/wp\/v2\/tags?post=47921"}],"curies":[{"name":"wp","href":"https:\/\/api.w.org\/{rel}","templated":true}]}}