{"id":47917,"date":"2022-12-01T00:00:00","date_gmt":"2022-11-30T23:00:00","guid":{"rendered":"https:\/\/imagazine.it\/melanoma-individuate-mutazioni-genetiche-rare-potenzialmente-trattabili\/"},"modified":"2022-12-01T00:00:00","modified_gmt":"2022-11-30T23:00:00","slug":"melanoma-individuate-mutazioni-genetiche-rare-potenzialmente-trattabili","status":"publish","type":"post","link":"https:\/\/imagazine.it\/home_desk\/melanoma-individuate-mutazioni-genetiche-rare-potenzialmente-trattabili\/","title":{"rendered":"Melanoma, individuate mutazioni genetiche rare potenzialmente trattabili"},"content":{"rendered":"<p> \tIndividuate e caratterizzate<strong> mutazioni genetiche rare <\/strong>responsabili di melanoma potenzialmente curabili con terapie gi\u00e0 esistenti: \u00e8 il principale risultato del <strong>progetto NO-MEL<\/strong> condotto da un team di <strong>ricercatori dell\u2019Universit\u00e0 degli Studi di Trieste <\/strong>e del<strong> CRO di Aviano <\/strong>e finanziato da<strong> Regione FVG.<\/strong><\/p>\n<p> \tI melanomi sono tumori rari particolarmente maligni. L\u2019incidenza di questa patologia negli ultimi anni ha dimostrato un incremento costante: <strong>in Friuli Venezia Giulia<\/strong>, in particolare, sono stimati pi\u00f9 di 400 casi all\u2019anno, con <strong>tassi pi\u00f9 alti\u00a0rispetto alla\u00a0media nazionale<\/strong>.<\/p>\n<p> \t<strong>Circa la met\u00e0 dei melanomi\u00a0\u00e8 causata da una\u00a0mutazione\u00a0del gene BRAF<\/strong> (di cui la pi\u00f9 comune \u00e8 la cosiddetta V600E), per la quale esistono al momento diverse terapie mirate. \u00c8 importante osservare che solo i pazienti che al momento della diagnosi\u00a0possiedono\u00a0questa particolare mutazione possono accedere a tali terapie.<\/p>\n<p> \tTutti gli altri pazienti (10%) vengono indirizzati a trattamenti alternativi molto meno efficaci o compassionevoli.<\/p>\n<p> \tEd \u00e8 proprio a questa non trascurabile comunit\u00e0 di pazienti che lo studio dell\u2019Universit\u00e0 di Trieste e CRO di Aviano si \u00e8 rivolto\u00a0riuscendo a caratterizzare almeno <strong>altre\u00a0due mutazioni del gene BRAF <\/strong>che, in base ai dati in vitro ottenuti nello studio, <strong>potrebbero rispondere positivamente alle terapie disponibili<\/strong>.\u00a0<\/p>\n<p> \tResponsabile scientifico del progetto NO-MEL \u00e8 la professoressa <strong>Sabrina Pricl<\/strong> dell\u2019<strong>Universit\u00e0 degli Studi di Trieste<\/strong>, che ha condotto lo studio in collaborazione con la dottoressa <strong>Roberta Maestro<\/strong>, direttrice della Struttura di\u00a0Oncogenetica e oncogenomica funzionale del <strong>Centro di Riferimento Oncologico<\/strong>, e la dottoressa <strong>Valentina Damiano<\/strong>.<\/p>\n<p> \tUna delle due varianti studiate (la BRAFA598V), inoltre, \u00e8 di particolare interesse in quanto coinvolta\u00a0anche\u00a0in alcuni tumori della tiroide\u00a0che potrebbero quindi essere in futuro trattati\u00a0con le terapie fino a ora riservate alla cura\u00a0dei melanomi.<\/p>\n<p> \tLo studio multidisciplinare ha coinvolto numerosi ricercatori del gruppo MolBNL@UniTS dell\u2019ateneo giuliano, tra cui il professor <strong>Erik Laurini<\/strong>, il dottor <strong>Domenico Marson<\/strong>, la dottoressa <strong>Maria Russi<\/strong> e la dottoressa <strong>Suzana Aulic<\/strong>.<\/p>\n<p> \tLo studio ha ottenuto inoltre <strong>risultati promettenti<\/strong> circa la progettazione di nanoparticelle biocompatibili per la <strong>somministrazione pi\u00f9 efficace e con meno effetti collaterali dei farmaci <\/strong>contro questa grave patologia cutanea.\u00a0<\/p>\n<p> \tNell\u2019ambito di NO-MEL il team UniTS\/CRO ha indagato inoltre le <strong>potenzialit\u00e0 di nuovi farmaci\u00a0inibitori delle mutazioni coinvolte nel melanoma<\/strong>, gi\u00e0 in fase di approvazione o di avanzata sperimentazione, anche in azione combinata con terapie gi\u00e0 utilizzate per bloccare la proliferazione delle cellule cancerose.<\/p>\n<p> \t\u00a0<\/p>\n","protected":false},"excerpt":{"rendered":"<p>Importante scoperta di un team di ricercatori dell\u2019Universit\u00e0 degli Studi di Trieste e del CRO di Aviano finanziato dalla Regione<\/p>\n","protected":false},"author":28,"featured_media":47918,"comment_status":"closed","ping_status":"closed","sticky":false,"template":"","format":"standard","meta":{"dwc-title":[],"dwc-content":[],"footnotes":""},"categories":[5],"tags":[],"class_list":["post-47917","post","type-post","status-publish","format-standard","has-post-thumbnail","hentry","category-attualita"],"rttpg_featured_image_url":{"full":["https:\/\/imagazine.it\/wp-content\/uploads\/2024\/02\/51107-1.webp",820,394,false],"landscape":["https:\/\/imagazine.it\/wp-content\/uploads\/2024\/02\/51107-1.webp",820,394,false],"portraits":["https:\/\/imagazine.it\/wp-content\/uploads\/2024\/02\/51107-1.webp",820,394,false],"thumbnail":["https:\/\/imagazine.it\/wp-content\/uploads\/2024\/02\/51107-1-150x150.webp",150,150,true],"medium":["https:\/\/imagazine.it\/wp-content\/uploads\/2024\/02\/51107-1-300x144.webp",300,144,true],"large":["https:\/\/imagazine.it\/wp-content\/uploads\/2024\/02\/51107-1.webp",640,308,false],"thumblist":["https:\/\/imagazine.it\/wp-content\/uploads\/2024\/02\/51107-1-300x300.webp",300,300,true],"thumbrelated":["https:\/\/imagazine.it\/wp-content\/uploads\/2024\/02\/51107-1-500x394.webp",500,394,true],"meccarouselthumb":["https:\/\/imagazine.it\/wp-content\/uploads\/2024\/02\/51107-1-474x324.webp",474,324,true],"gridsquare":["https:\/\/imagazine.it\/wp-content\/uploads\/2024\/02\/51107-1-391x260.webp",391,260,true],"tileview":["https:\/\/imagazine.it\/wp-content\/uploads\/2024\/02\/51107-1-300x394.webp",300,394,true],"1536x1536":["https:\/\/imagazine.it\/wp-content\/uploads\/2024\/02\/51107-1.webp",820,394,false],"2048x2048":["https:\/\/imagazine.it\/wp-content\/uploads\/2024\/02\/51107-1.webp",820,394,false],"newsup-slider-full":["https:\/\/imagazine.it\/wp-content\/uploads\/2024\/02\/51107-1.webp",820,394,false],"newsup-featured":["https:\/\/imagazine.it\/wp-content\/uploads\/2024\/02\/51107-1.webp",820,394,false],"newsup-medium":["https:\/\/imagazine.it\/wp-content\/uploads\/2024\/02\/51107-1-720x380.webp",720,380,true],"tptn_thumbnail":["https:\/\/imagazine.it\/wp-content\/uploads\/2024\/02\/51107-1.webp",250,120,false],"sow-carousel-default":["https:\/\/imagazine.it\/wp-content\/uploads\/2024\/02\/51107-1.webp",272,131,false]},"rttpg_author":{"display_name":"redazione","author_link":"https:\/\/imagazine.it\/home_desk\/author\/redazione\/"},"rttpg_comment":0,"rttpg_category":"<a href=\"https:\/\/imagazine.it\/home_desk\/category\/attualita\/\" rel=\"category tag\">ATTUALIT\u00c0<\/a>","rttpg_excerpt":"Importante scoperta di un team di ricercatori dell\u2019Universit\u00e0 degli Studi di Trieste e del CRO di Aviano finanziato dalla Regione","_links":{"self":[{"href":"https:\/\/imagazine.it\/home_desk\/wp-json\/wp\/v2\/posts\/47917","targetHints":{"allow":["GET"]}}],"collection":[{"href":"https:\/\/imagazine.it\/home_desk\/wp-json\/wp\/v2\/posts"}],"about":[{"href":"https:\/\/imagazine.it\/home_desk\/wp-json\/wp\/v2\/types\/post"}],"author":[{"embeddable":true,"href":"https:\/\/imagazine.it\/home_desk\/wp-json\/wp\/v2\/users\/28"}],"replies":[{"embeddable":true,"href":"https:\/\/imagazine.it\/home_desk\/wp-json\/wp\/v2\/comments?post=47917"}],"version-history":[{"count":0,"href":"https:\/\/imagazine.it\/home_desk\/wp-json\/wp\/v2\/posts\/47917\/revisions"}],"wp:featuredmedia":[{"embeddable":true,"href":"https:\/\/imagazine.it\/home_desk\/wp-json\/wp\/v2\/media\/47918"}],"wp:attachment":[{"href":"https:\/\/imagazine.it\/home_desk\/wp-json\/wp\/v2\/media?parent=47917"}],"wp:term":[{"taxonomy":"category","embeddable":true,"href":"https:\/\/imagazine.it\/home_desk\/wp-json\/wp\/v2\/categories?post=47917"},{"taxonomy":"post_tag","embeddable":true,"href":"https:\/\/imagazine.it\/home_desk\/wp-json\/wp\/v2\/tags?post=47917"}],"curies":[{"name":"wp","href":"https:\/\/api.w.org\/{rel}","templated":true}]}}