{"id":47915,"date":"2022-11-30T00:00:00","date_gmt":"2022-11-29T23:00:00","guid":{"rendered":"https:\/\/imagazine.it\/gorizia-accende-lalbero-e-il-dicembre-goriziano\/"},"modified":"2022-11-30T00:00:00","modified_gmt":"2022-11-29T23:00:00","slug":"gorizia-accende-lalbero-e-il-dicembre-goriziano","status":"publish","type":"post","link":"https:\/\/imagazine.it\/home_desk\/gorizia-accende-lalbero-e-il-dicembre-goriziano\/","title":{"rendered":"Gorizia accende l&#8217;albero e il Dicembre Goriziano"},"content":{"rendered":"<p> \tCon l\u2019accensione dell\u2019albero di Natale in piazza Vittoria si aprir\u00e0 ufficialmente il <strong>Dicembre Goriziano 2022<\/strong>, il cui programma condiviso fra Comune di Gorizia, Ascom Confcommercio, Camera di commercio Venezia Giulia, Pro loco e associazioni cittadine prevete oltre 70 appuntamenti che scandiranno il periodo natalizio.<\/p>\n<p> \tL\u2019appuntamento \u00e8 <strong>venerd\u00ec 2 dicembre alle 18<\/strong>, con l\u2019accompagnamento, come tradizione, del concerto della <strong>Fanfara della Brigata di Cavalleria Pozzuolo del Friuli<\/strong>.<\/p>\n<p> \t<strong>L\u2019abete di piazza Vittoria e le luminarie<\/strong><\/p>\n<p> \t\u201cNel rispetto dei principi di sobriet\u00e0 e contenimento delle spese che ci siamo prefissati quest\u2019anno, abbiamo ripristinato una tradizione per la citt\u00e0, quella cio\u00e8 di collocare in piazza Vittoria un abete proveniente dalla donazione da parte di un privato cittadino. In questo caso si tratta di un abete bianco di 15 metri di altezza donato da Giovanna Martinz di Sant\u2019Andrea\u201d, spiega l\u2019assessore comunale all\u2019Ambiente,<strong> Francesco Del Sordi<\/strong>.<\/p>\n<p> \t\u201cL\u2019albero \u2013 aggiunge \u2013 era cresciuto al punto da essere diventato troppo grande per il giardino in cui era stato piantato una quarantina d\u2019anni fa, quando era stato portato a Gorizia da Malborghetto. I proprietari hanno quindi deciso di tagliarlo. Sar\u00e0 decorato con luci gi\u00e0 in possesso del Comune\u201d.<\/p>\n<p> \tVenerd\u00ec sar\u00e0 accesa poi una prima parte delle luminarie in centro, mentre le altre, comprese quelle del Castello, saranno attivate nei giorni successivi.<\/p>\n<p> \tTutte le luci saranno a led e con accensione e spegnimento programmato. Le luminarie saranno finanziate con una parte del contributo da 59mila euro che la Camera di commercio Venezia Giulia ha destinato al Dicembre Goriziano. Determinante anche il contributo destinato dalla Cassa Rurale FVG al maxi contenitore di appuntamenti natalizio.<\/p>\n<p> \t\u201cL\u2019accensione dell\u2019abete e delle luci aprir\u00e0 il variegato cartellone di eventi frutto della sinergia tra le istituzioni, tante associazioni e i vari comparti dello stesso Comune, oltre che con Nova Gorica. Tra iniziative per i bambini, mercatini, visite culturali, mostre, enogastronomia ed eventi sportivi, si tratta a tutti gli effetti di un vero e banco di prova in vista di GO! 2025\u201d, fa notare l\u2019assessore alle Attivit\u00e0 produttive,<strong> Luca Cagliari<\/strong>.<\/p>\n<p> \t<strong>La Fiera di Sant\u2019Andrea e la Mostra Assaggio vini<\/strong><\/p>\n<p> \tIl fine settimana sar\u00e0 caratterizzato anche da altri appuntamenti del Dicembre Goriziano, oltre che dalla <strong>Fiera di Sant\u2019Andrea<\/strong>, che torna nella sua versione tradizionale dopo due anni contrassegnati dalle limitazioni dovute alla pandemia.<\/p>\n<p> \tLe <strong>giostre<\/strong>, una sessantina, si fermeranno <strong>da sabato 3 a domenica 11 dicembre<\/strong>, tra i Giardini pubblici e piazza Cesare Battisti. Le circa 200 bancarelle da sabato 3 a luned\u00ec 5 si posizioneranno in corso Verdi, via Roma, via Crispi, via De Gasperi, via Oberdan e piazza Vittoria. Il primo fine settimana di dicembre sar\u00e0 anche l\u2019occasione per andare alla scoperta delle eccellenze enogastronomiche del territorio con la <strong>Mostra Assaggio Vini<\/strong>: alle 15.30 di sabato 3 Autoktona, in collaborazione con l\u2019associazione Via Rastello e il Panettone del Conte de L\u2019Oca Golosa pasticceria, inaugurer\u00e0 il tradizionale evento, ospitato in via Rastello 60 dalla Chincaglieria Gastronomica. I banchi d\u2019assaggio, con i vini di Collio, Carso, Brda e Vipava oltre alla birra di Antica Contea, saranno aperti fino alle 22.<\/p>\n<p> \tInoltre alle 17.30 sar\u00e0 illustrato il Progetto Zegla Cru, il primo cru del Collio, nonch\u00e8 il pi\u00f9 piccolo del Friuli Venezia Giulia, che cresce sulle colline con vista sul Collio Brda. Alle 18.30 sar\u00e0 presentato in anteprima \u201c<em>Collio Brda Classic 2022: the movie!<\/em>\u201d, il documentario realizzato in occasione della ciclostorica transfrontaliera.<\/p>\n<p> \tDomenica 4 dicembre i banchi d\u2019assaggio saranno operativi dalle 10 alle 22. Alle 11.30 ci sar\u00e0 la degustazione racconto sul Collio bianco da uve autoctone, mentre alle 13 protagonista sar\u00e0 proprio Autoktona, con l\u2019azienda agricola Villa Vasi. Alle 16 le chef <strong>Chiara Canzoneri<\/strong> e <strong>Michela Fabbro<\/strong> proporranno lo showcooking del Mastel\u00f9t dedicato alla \u201cMostarda sopraffina\u201d. In via Rastello, nella piazzetta all\u2019angolo con via delle Monache, alle 16 di sabato 3 sar\u00e0 inaugurato \u201cIl Mastel\u00f9t &#8211; Il Natale di via Rastello\u201d, con la presentazione del programma e dei partner.<\/p>\n<p> \t<strong>Le mostre al Mercato coperto e gli altri eventi<\/strong><\/p>\n<p> \tSabato 3 dicembre prender\u00e0 il via anche la doppia iniziativa natalizia ospitata dall\u2019inedita location del <strong>Mercato coperto di via Boccaccio<\/strong>: la mostra dei presepi provenienti dal Museo del Presepio di Trieste, promossa dall\u2019associazione culturale Etnos Gorizia e Fra Oreste dei Padri cappuccini in collaborazione con Pro Loco, e l\u2019esposizione fotografica \u201cNatale a Gorizia\u201d, con 28 scatti stampati su pannelli dedicati all\u2019atmosfera natalizia in citt\u00e0, organizzata da Mitteldream Artegorizia e Pro Loco. Entrambe le rassegne resteranno visitabili fino all\u20198 gennaio. Torna da sabato 3 al 5 gennaio 2023 dalle 10 alle 20 al Grand Hotel Enturage di piazza Sant\u2019Antonio la mostra \u201cSpirito divino\u201d, concorso internazionale di vignette satiriche dedicate al vino del Movimento Turismo del Vino Friuli Venezia Giulia.<\/p>\n<p> \tDomenica 4 per gli amanti delle camminate e della corsa ci sar\u00e0 con ritrovo alle 8 \u201cAl Rifugio\u201d di via Udine 105\/b a Lucinico il <strong>Trofeo Pasolini 100<\/strong>, marcia di 6sei o 12 chilometri che toccher\u00e0 i territori dei Comuni di Gorizia, Mossa, San Lorenzo Isontino e Farra d\u2019Isonzo. Le iscrizioni saranno raccolte sul luogo del ritrovo dalle 8 alle 9.30. L\u2019organizzazione \u00e8 del Gruppo Marciatori di Gorizia e in collaborazione con il Collettivo Terzo Teatro.<\/p>\n<p> \tInizier\u00e0 poi l\u2019attesa di <strong>San Nicol\u00f2<\/strong>, che luned\u00ec 5 camminer\u00e0 dai Giardini pubblici alla Libreria Faidutti di via Oberdan, dove sar\u00e0 proposto un evento per bambini di tutte le et\u00e0, in sinergia con l\u2019associazione Librilliamo e la Pro Loco, con i dolciumi offerti dalle aziende La Giulia e Witor\u2019s. Marted\u00ec 6 alle 15 in piazza Transalpina i bimbi di Gorizia e Nova Gorica potranno incontrare San Nicol\u00f2 \/ Sveti Miklav\u017e, ascoltare la sua storia e ricevere dei doni, per iniziativa della Caritas Diocesana di Gorizia con la collaborazione di Croce Rossa Comitato di Gorizia, Humanitarno drustvo Kid di Nova Gorica, Karitas Nova Gorica. Sempre per i pi\u00f9 piccoli, alle 17 al Kulturni Dom di via Brass, sar\u00e0 in scena \u201cObjemi drevo!- Abbraccia l\u2019albero!\u201d, una fiaba istruttiva raccontata a passo di danza, nell\u2019ambito della rassegna di teatro per bambini Komigo Baby 2022.<\/p>\n<p> \t\u00a0<\/p>\n","protected":false},"excerpt":{"rendered":"<p>Da sabato l&#8217;apertura del Luna Park nell&#8217;ambito della Fiera di Sant&#8217;Andrea e la mostra Assaggio Vini<\/p>\n","protected":false},"author":28,"featured_media":47916,"comment_status":"closed","ping_status":"closed","sticky":false,"template":"","format":"standard","meta":{"dwc-title":[],"dwc-content":[],"footnotes":""},"categories":[5],"tags":[],"class_list":["post-47915","post","type-post","status-publish","format-standard","has-post-thumbnail","hentry","category-attualita"],"rttpg_featured_image_url":{"full":["https:\/\/imagazine.it\/wp-content\/uploads\/2024\/02\/51102-1.webp",1000,667,false],"landscape":["https:\/\/imagazine.it\/wp-content\/uploads\/2024\/02\/51102-1.webp",1000,667,false],"portraits":["https:\/\/imagazine.it\/wp-content\/uploads\/2024\/02\/51102-1.webp",1000,667,false],"thumbnail":["https:\/\/imagazine.it\/wp-content\/uploads\/2024\/02\/51102-1-150x150.webp",150,150,true],"medium":["https:\/\/imagazine.it\/wp-content\/uploads\/2024\/02\/51102-1-300x200.webp",300,200,true],"large":["https:\/\/imagazine.it\/wp-content\/uploads\/2024\/02\/51102-1.webp",640,427,false],"thumblist":["https:\/\/imagazine.it\/wp-content\/uploads\/2024\/02\/51102-1-300x300.webp",300,300,true],"thumbrelated":["https:\/\/imagazine.it\/wp-content\/uploads\/2024\/02\/51102-1-500x500.webp",500,500,true],"meccarouselthumb":["https:\/\/imagazine.it\/wp-content\/uploads\/2024\/02\/51102-1-474x324.webp",474,324,true],"gridsquare":["https:\/\/imagazine.it\/wp-content\/uploads\/2024\/02\/51102-1-391x260.webp",391,260,true],"tileview":["https:\/\/imagazine.it\/wp-content\/uploads\/2024\/02\/51102-1-300x400.webp",300,400,true],"1536x1536":["https:\/\/imagazine.it\/wp-content\/uploads\/2024\/02\/51102-1.webp",1000,667,false],"2048x2048":["https:\/\/imagazine.it\/wp-content\/uploads\/2024\/02\/51102-1.webp",1000,667,false],"newsup-slider-full":["https:\/\/imagazine.it\/wp-content\/uploads\/2024\/02\/51102-1.webp",1000,667,false],"newsup-featured":["https:\/\/imagazine.it\/wp-content\/uploads\/2024\/02\/51102-1.webp",1000,667,false],"newsup-medium":["https:\/\/imagazine.it\/wp-content\/uploads\/2024\/02\/51102-1-720x380.webp",720,380,true],"tptn_thumbnail":["https:\/\/imagazine.it\/wp-content\/uploads\/2024\/02\/51102-1.webp",250,167,false],"sow-carousel-default":["https:\/\/imagazine.it\/wp-content\/uploads\/2024\/02\/51102-1.webp",272,182,false]},"rttpg_author":{"display_name":"redazione","author_link":"https:\/\/imagazine.it\/home_desk\/author\/redazione\/"},"rttpg_comment":0,"rttpg_category":"<a href=\"https:\/\/imagazine.it\/home_desk\/category\/attualita\/\" rel=\"category tag\">ATTUALIT\u00c0<\/a>","rttpg_excerpt":"Da sabato l'apertura del Luna Park nell'ambito della Fiera di Sant'Andrea e la mostra Assaggio Vini","_links":{"self":[{"href":"https:\/\/imagazine.it\/home_desk\/wp-json\/wp\/v2\/posts\/47915","targetHints":{"allow":["GET"]}}],"collection":[{"href":"https:\/\/imagazine.it\/home_desk\/wp-json\/wp\/v2\/posts"}],"about":[{"href":"https:\/\/imagazine.it\/home_desk\/wp-json\/wp\/v2\/types\/post"}],"author":[{"embeddable":true,"href":"https:\/\/imagazine.it\/home_desk\/wp-json\/wp\/v2\/users\/28"}],"replies":[{"embeddable":true,"href":"https:\/\/imagazine.it\/home_desk\/wp-json\/wp\/v2\/comments?post=47915"}],"version-history":[{"count":0,"href":"https:\/\/imagazine.it\/home_desk\/wp-json\/wp\/v2\/posts\/47915\/revisions"}],"wp:featuredmedia":[{"embeddable":true,"href":"https:\/\/imagazine.it\/home_desk\/wp-json\/wp\/v2\/media\/47916"}],"wp:attachment":[{"href":"https:\/\/imagazine.it\/home_desk\/wp-json\/wp\/v2\/media?parent=47915"}],"wp:term":[{"taxonomy":"category","embeddable":true,"href":"https:\/\/imagazine.it\/home_desk\/wp-json\/wp\/v2\/categories?post=47915"},{"taxonomy":"post_tag","embeddable":true,"href":"https:\/\/imagazine.it\/home_desk\/wp-json\/wp\/v2\/tags?post=47915"}],"curies":[{"name":"wp","href":"https:\/\/api.w.org\/{rel}","templated":true}]}}