{"id":47907,"date":"2022-11-30T00:00:00","date_gmt":"2022-11-29T23:00:00","guid":{"rendered":"https:\/\/imagazine.it\/trieste-un-caffe-per-aiutare-le-famiglie-dei-bambini-chirurgici-del-burlo\/"},"modified":"2022-11-30T00:00:00","modified_gmt":"2022-11-29T23:00:00","slug":"trieste-un-caffe-per-aiutare-le-famiglie-dei-bambini-chirurgici-del-burlo","status":"publish","type":"post","link":"https:\/\/imagazine.it\/home_desk\/trieste-un-caffe-per-aiutare-le-famiglie-dei-bambini-chirurgici-del-burlo\/","title":{"rendered":"Trieste, un caff\u00e8 per aiutare le famiglie dei bambini chirurgici del Burlo"},"content":{"rendered":"<p> \tTorna la<strong> campagna \u201cOffri un caff\u00e8 buonissimo<\/strong>\u201d, ideata da\u00a0<strong>A.B.C.\u00a0Associazione per i Bambini Chirurgici del Burlo <\/strong>insieme a <strong>Confcommercio<\/strong> e <strong>Fipe Trieste.<\/strong><\/p>\n<p> \tA <strong>Trieste<\/strong> il caff\u00e8 \u00e8 simbolo della cultura cittadina e con A.B.C. torna a farsi portatore di solidariet\u00e0. Tutti i cittadini sono invitati <strong>a lasciare in dono i<\/strong><strong>l <\/strong><strong>valore<\/strong> <strong>di un caff\u00e8 per sostenere i progetti di A.B.C<\/strong>. Ad accogliere le donazioni saranno le cassettine in legno, riconoscibili dalla immagine della campagna <strong>e ospitate negli esercizi pubblici e commerciali<\/strong> che aderiscono all\u2019iniziativa e che oggi sono oltre 90.<\/p>\n<p> \tEsercenti, imprenditori, negozianti <strong>che volessero aderire alla campagna, possono ancora farlo<\/strong> scrivendo a FIPE Trieste. La campagna proseguir\u00e0 fino ai primi mesi del 2023.<\/p>\n<p> \tChi, tra i cittadini, volesse trovare <strong>il luogo pi\u00f9 vicino<\/strong> per offrire il suo caff\u00e8, <u><a href=\"https:\/\/abcburlo.it\/offri-un-caffe-buonissimo\/\" target=\"_blank\" rel=\"noopener\"><span style=\"color:#0000cd;\">pu\u00f2 andare sul sito di A.B.C.<\/span><\/a><\/u><\/p>\n<p> \tAl fianco dell\u2019Associazione, una rete che vede capofila<strong> Confcommercio e Fipe Trieste<\/strong>, che anche quest\u2019anno hanno dato concreto supporto per il coinvolgimento del tessuto commerciale cittadino. Ad essi si aggiunge il sostegno di <strong>Associazione Caff\u00e8 Trieste e Solidariet\u00e0 Trieste<\/strong>.<\/p>\n<p> \tCon l&#8217;hashtag <strong>#uncaffexABC<\/strong> \u00e8 possibile condividere foto e pensieri intorno alla campagna e contribuire alla sua diffusione.<\/p>\n<p> \tLa campagna viene lanciata per sostenere i progetti dell\u2019Associazione, che da diciassette anni <strong>accompagna e supporta i bambini che devono affrontare lunghi e ripetuti interventi chirurgici all\u2019IRCCS Burlo Garofolo di Trieste e le loro famiglie<\/strong>. Nella fattispecie il raccolto di questa edizione di \u201cOffri un Caff\u00e8 buonissimo\u201d sar\u00e0 destinato all\u2019accoglienza delle famiglie nelle Case A.B.C.<\/p>\n<p> \tIn questi ultimi anni, a causa delle incertezze sociali ed economiche, molte famiglie vivono condizioni di crescente fragilit\u00e0 e le richieste di aiuto si sono fatte pi\u00f9 numerose e articolate in nuovi bisogni. Bisogni ai quali l&#8217;associazione risponde quotidianamente con le sue progettualit\u00e0 (accoglienza nelle case A.B.C., sostegno economico, supporto psicologico ed emotivo anche a distanza, ricerca e sostegno all&#8217;ospedale) che, insieme, si configurano come un vero e proprio <strong>modello di azione a 360 gradi: prericovero, ospedalizzazione e post ricovero.<\/strong><\/p>\n<p> \tI progetti che A.B.C. garantisce non intervengono solamente nel qui e ora, ma cercano di <strong>prevenire eventuali traumi o difficolt\u00e0 che possono intervenire anche sul lungo periodo<\/strong>. I dati di letteratura e la storia clinica, forniscono evidenza del fatto che la mancata rielaborazione del vissuto chirurgico potrebbe incidere negativamente sul percorso di crescita del bambino e pi\u00f9 in generale sulla vita dei componenti di tutta la famiglia.\u00a0<\/p>\n<p> \tNel 2022 sono state <strong>169 le famiglie accolte<\/strong> e <strong>180 le accoglienze svolte<\/strong> (molte famiglie, infatti devono tornare pi\u00f9 volte per i lunghi percorsi con i loro piccoli). <strong>Oltre 1.000<\/strong> sono stati i giorni di accoglienza nelle 5 case A.B.C. finora nel 2022. Dall\u2019inizio dell\u2019anno <strong>165 famiglie sono state invece coinvolte nel sostegno emotivo in reparto<\/strong> e <strong>122 famiglie sono state seguite fin dalla diagnosi prenatale <\/strong>e lungo tutto il percorso di cura.<\/p>\n<p> \tGrazie al supporto della campagna \u201cOffri un caff\u00e8 buonissimo\u201d, A.B.C. <strong>potr\u00e0 accogliere e sostenere 35 famiglie in una delle cinque case nel 2023<\/strong>, con <strong>un impatto su oltre 100 persone<\/strong> (se si considera mediamente che si spostano famiglie di tre persone): e le 100 persone potranno essere anche di pi\u00f9, se le famiglie decideranno di farsi accompagnare altri familiari (figli o fratelli e genitori a supporto), che saranno anch\u2019essi accolti nelle case, cos\u00ec che la famiglia possa rimanere unita.<\/p>\n<p> \t<em>\u201cUna campagna da duplice valore, sia per la solidariet\u00e0 che mette in campo, sia per l\u2019importante rete di istituzioni che mette insieme. Ringraziamo in particolare Confcommercio Trieste Fipe Trieste \u2013 e naturalmente tutti i partner coinvolti \u2013 ma anche gli esercenti, sempre numerosissimi, per aver garantito la continuit\u00e0 del progetto. Queste conferme che si rinnovano di anno in anno consentono di progettare meglio il futuro dei progetti di A.B.C. e di conseguenza anche di poter meglio rispondere ai bisogni delle famiglie di cui A.B.C. si prende cura\u201d,<\/em> il commento di <strong>Giusy Battain, direttrice di A.B.C.<\/strong><\/p>\n<p> \t\u201c<em>Sono convinto \u2013 <\/em>ha affermato<strong> Antonio Paoletti<\/strong>,\u00a0presidente di Confcommercio Trieste<em> \u2013 che le imprese del terziario risponderanno con la consueta generosit\u00e0 e partecipazione a questa proposta di solidariet\u00e0, ribadendo in tal modo il loro capillare legame con il territorio e la loro disponibilit\u00e0 a contribuire a una causa di grande rilevanza<\/em>. <em>L\u2019adesione a \u201cOffri un caff\u00e8 buonissimo\u201d rientra peraltro in quel contesto di attenzione per il sociale che l\u2019associazione di categoria concretizza nell\u2019arco dell\u2019anno anche attraverso altre iniziative, alcune delle quali poste in essere a fronte di situazioni emergenziali com\u2019\u00e8 stato il caso dell\u2019arrivo a Trieste dei cittadini ucraini in fuga dalla guerra<\/em>\u201d.<\/p>\n<p> \t<em>\u201cCrediamo inoltre<\/em> \u2013 ha sottolineato <strong>Elena Pellaschiar<\/strong>,\u00a0vicepresidente dell\u2019associazione di categoria\u00a0\u2013 <em>che, specie nell\u2019attuale momento di difficolt\u00e0, ciascuno, in base alle proprie possibilit\u00e0, debba spendersi a favore della collettivit\u00e0, sostenendo azioni e progetti forieri di benefici e opportunit\u00e0 per il territorio e atti pure a consolidarne la sua coesione sociale<\/em>\u201d. \u00a0\u00a0\u00a0\u00a0<\/p>\n<p> \t\u201c<em>Con un piccolo gesto dei singoli, la comunit\u00e0 pu\u00f2 dare un sostegno importante a famiglie che gi\u00e0 devono fare i conti con la fragilit\u00e0 di un bambino, e si trovano ad affrontare anche il problema logistico. Ci ha fatto piacere vedere crescere in questi anni le soluzioni abitative che A.B.C riesce a garantire; e ci onora aver contribuito almeno in parte a questo risultato<\/em>\u201d, ha dichiarato <strong>Federica Suban<\/strong>, presidente Fipe-Trieste.<\/p>\n<p> \t\u201c<em>Non posso che unirmi ai ringraziamenti ad A.B.C., a Confcommercio e agli esercenti che hanno aderito a questa campagna. Non verr\u00e0 mai sottolineata abbastanza l\u2019importanza che queste iniziative hanno, non solo per l\u2019aspetto economico, sicuramente fondamentale, ma anche e soprattutto per il valore che hanno i sentimenti di solidariet\u00e0 e di partecipazione dai quali sono supportate. Il Burlo si \u201cnutre\u201d di questi sentimenti, che si manifestano con gesti quotidiani anche piccoli come quelli di cui parliamo oggi, ma che riescono a fare la differenza per molti pazienti e per le loro famiglie\u201d<\/em> ha dichiarato <strong>Paola Toscani<\/strong>, direttore sanitario del Burlo.<\/p>\n<p> \tAlla presentazione dell\u2019iniziativa ha presenziato <strong>Felice Fulio Bragoni<\/strong>, presidente di Solidariet\u00e0 Trieste.<\/p>\n<p> \t\u00a0<\/p>\n","protected":false},"excerpt":{"rendered":"<p>Oltre 90 attivit\u00e0 cittadine hanno aderito all&#8217;iniziativa di raccolta fondi<\/p>\n","protected":false},"author":28,"featured_media":47908,"comment_status":"closed","ping_status":"closed","sticky":false,"template":"","format":"standard","meta":{"dwc-title":[],"dwc-content":[],"footnotes":""},"categories":[5],"tags":[],"class_list":["post-47907","post","type-post","status-publish","format-standard","has-post-thumbnail","hentry","category-attualita"],"rttpg_featured_image_url":{"full":["https:\/\/imagazine.it\/wp-content\/uploads\/2024\/02\/51098-1.webp",1000,750,false],"landscape":["https:\/\/imagazine.it\/wp-content\/uploads\/2024\/02\/51098-1.webp",1000,750,false],"portraits":["https:\/\/imagazine.it\/wp-content\/uploads\/2024\/02\/51098-1.webp",1000,750,false],"thumbnail":["https:\/\/imagazine.it\/wp-content\/uploads\/2024\/02\/51098-1-150x150.webp",150,150,true],"medium":["https:\/\/imagazine.it\/wp-content\/uploads\/2024\/02\/51098-1-300x225.webp",300,225,true],"large":["https:\/\/imagazine.it\/wp-content\/uploads\/2024\/02\/51098-1.webp",640,480,false],"thumblist":["https:\/\/imagazine.it\/wp-content\/uploads\/2024\/02\/51098-1-300x300.webp",300,300,true],"thumbrelated":["https:\/\/imagazine.it\/wp-content\/uploads\/2024\/02\/51098-1-500x500.webp",500,500,true],"meccarouselthumb":["https:\/\/imagazine.it\/wp-content\/uploads\/2024\/02\/51098-1-474x324.webp",474,324,true],"gridsquare":["https:\/\/imagazine.it\/wp-content\/uploads\/2024\/02\/51098-1-391x260.webp",391,260,true],"tileview":["https:\/\/imagazine.it\/wp-content\/uploads\/2024\/02\/51098-1-300x400.webp",300,400,true],"1536x1536":["https:\/\/imagazine.it\/wp-content\/uploads\/2024\/02\/51098-1.webp",1000,750,false],"2048x2048":["https:\/\/imagazine.it\/wp-content\/uploads\/2024\/02\/51098-1.webp",1000,750,false],"newsup-slider-full":["https:\/\/imagazine.it\/wp-content\/uploads\/2024\/02\/51098-1-1000x720.webp",1000,720,true],"newsup-featured":["https:\/\/imagazine.it\/wp-content\/uploads\/2024\/02\/51098-1.webp",1000,750,false],"newsup-medium":["https:\/\/imagazine.it\/wp-content\/uploads\/2024\/02\/51098-1-720x380.webp",720,380,true],"tptn_thumbnail":["https:\/\/imagazine.it\/wp-content\/uploads\/2024\/02\/51098-1.webp",250,188,false],"sow-carousel-default":["https:\/\/imagazine.it\/wp-content\/uploads\/2024\/02\/51098-1.webp",243,182,false]},"rttpg_author":{"display_name":"redazione","author_link":"https:\/\/imagazine.it\/home_desk\/author\/redazione\/"},"rttpg_comment":0,"rttpg_category":"<a href=\"https:\/\/imagazine.it\/home_desk\/category\/attualita\/\" rel=\"category tag\">ATTUALIT\u00c0<\/a>","rttpg_excerpt":"Oltre 90 attivit\u00e0 cittadine hanno aderito all'iniziativa di raccolta fondi","_links":{"self":[{"href":"https:\/\/imagazine.it\/home_desk\/wp-json\/wp\/v2\/posts\/47907","targetHints":{"allow":["GET"]}}],"collection":[{"href":"https:\/\/imagazine.it\/home_desk\/wp-json\/wp\/v2\/posts"}],"about":[{"href":"https:\/\/imagazine.it\/home_desk\/wp-json\/wp\/v2\/types\/post"}],"author":[{"embeddable":true,"href":"https:\/\/imagazine.it\/home_desk\/wp-json\/wp\/v2\/users\/28"}],"replies":[{"embeddable":true,"href":"https:\/\/imagazine.it\/home_desk\/wp-json\/wp\/v2\/comments?post=47907"}],"version-history":[{"count":0,"href":"https:\/\/imagazine.it\/home_desk\/wp-json\/wp\/v2\/posts\/47907\/revisions"}],"wp:featuredmedia":[{"embeddable":true,"href":"https:\/\/imagazine.it\/home_desk\/wp-json\/wp\/v2\/media\/47908"}],"wp:attachment":[{"href":"https:\/\/imagazine.it\/home_desk\/wp-json\/wp\/v2\/media?parent=47907"}],"wp:term":[{"taxonomy":"category","embeddable":true,"href":"https:\/\/imagazine.it\/home_desk\/wp-json\/wp\/v2\/categories?post=47907"},{"taxonomy":"post_tag","embeddable":true,"href":"https:\/\/imagazine.it\/home_desk\/wp-json\/wp\/v2\/tags?post=47907"}],"curies":[{"name":"wp","href":"https:\/\/api.w.org\/{rel}","templated":true}]}}