{"id":47899,"date":"2022-11-29T00:00:00","date_gmt":"2022-11-28T23:00:00","guid":{"rendered":"https:\/\/imagazine.it\/lo-spirito-del-fvg-nel-natale-del-vaticano\/"},"modified":"2022-11-29T00:00:00","modified_gmt":"2022-11-28T23:00:00","slug":"lo-spirito-del-fvg-nel-natale-del-vaticano","status":"publish","type":"post","link":"https:\/\/imagazine.it\/home_desk\/lo-spirito-del-fvg-nel-natale-del-vaticano\/","title":{"rendered":"Lo spirito del FVG nel Natale del Vaticano"},"content":{"rendered":"<p> \tPresentato ufficialmente il <strong>presepe di Sutrio<\/strong> che da sabato 3 dicembre all&#8217;Epifania sar\u00e0 <strong>esposto in piazza San Pietro a Roma<\/strong> per le festivit\u00e0 natalizie.<\/p>\n<p> \tIl Presepe del Natale 2022 in Vaticano, <u><a href=\"http:\/\/www.imagazine.it\/notizie-trieste-gorizia-udine-friuli\/12870\" target=\"_blank\" rel=\"noopener\"><span style=\"color:#0000cd;\">realizzato da un team di artisti e artigiani del legno<\/span><\/a><\/u> che da decenni sono attivi sul territorio, rappresenta la nativit\u00e0 a grandezza naturale, scolpita in grossi tronchi di legno di cedro e sar\u00e0 inaugurato alle 17 di sabato, dopo che in mattinata una delegazione del Friuli Venezia Giulia, guidata dal governatore Fedriga, sar\u00e0 stata ricevuta dal Santo Padre in Vaticano.<\/p>\n<p> \tIl sindaco di Sutrio <strong>Manlio Mattia<\/strong> ha spiegato come l&#8217;impegno per questo progetto, che avr\u00e0 valenza mondiale, risalga al 2020 e come il suo intento sia di esprimere, attraverso il presepe, i valori della cristianit\u00e0 e dell&#8217;umanit\u00e0.<\/p>\n<p> \tInfine, <strong>monsignor Guido Genero<\/strong>, intervenendo in rappresentanza dell&#8217;Arcidiocesi di Udine, ha sottolineato come il presepe sia una professione di fede realizzata con le immagini e come questa rappresentazione metta in luce l&#8217;umanit\u00e0 di Dio che nasce come un bambino.<\/p>\n<p> \tIl presepe, sostenuto dalla Regione e PromoTurismoFVG d&#8217;intesa con l&#8217;Arcidiocesi di Udine, ha una superficie totale di 116 metri quadrati sui quali sono disposte 18 statue ricavate da tronchi di legno massello di cedro. L&#8217;allestimento \u00e8 stato concepito con grande attenzione ai valori della sostenibilit\u00e0; la culla che ospiter\u00e0 il bambino \u00e8 stata realizzata dal direttore artistico del progetto <strong>Stefano Comelli<\/strong> assieme a <strong>Martha Muser<\/strong> e ricavata dall&#8217;intreccio delle radici di alberi abbattuti dalla tempesta Vaia. Ogni personaggio dell&#8217;opera briller\u00e0, inoltre, grazie al progetto di light design donato al Comune di Sutrio dalla ditta croata Skir\u00e0.<\/p>\n<p> \tA fare da sottofondo musicale al presepe saranno inoltre le melodie e le canzoni di alcuni artisti del Friuli Venezia Giulia: due brani del <strong>Coro di Ruda<\/strong> accompagneranno la cerimonia dell&#8217;accensione delle luci del presepe, inoltre &#8220;\u00e8 Natale&#8221; intonata da <strong>Andrea Nassivera<\/strong> e altri dieci brani, di cui due realizzati dal carnico <strong>Lino Straulino<\/strong>, che faranno da sottofondo al presepe per tutto il periodo di permanenza dell&#8217;opera a Roma.<\/p>\n<p> \tMaggiori informazioni sul presepe di Sutrio sono reperibili attraverso <u><a href=\"http:\/\/www.presepesutrio.it\" target=\"_blank\" rel=\"noopener\"><span style=\"color:#0000cd;\">il sito web dedicato<\/span><\/a><\/u>.<\/p>\n<p> \t\u00a0<\/p>\n","protected":false},"excerpt":{"rendered":"<p>Esposta in piazza San Pietro l&#8217;opera realizzata da artisti e artigiani del territorio. I brani del Coro di Ruda per la cerimonia di accensione delle luci<\/p>\n","protected":false},"author":28,"featured_media":47900,"comment_status":"closed","ping_status":"closed","sticky":false,"template":"","format":"standard","meta":{"dwc-title":[],"dwc-content":[],"footnotes":""},"categories":[5],"tags":[],"class_list":["post-47899","post","type-post","status-publish","format-standard","has-post-thumbnail","hentry","category-attualita"],"rttpg_featured_image_url":{"full":["https:\/\/imagazine.it\/wp-content\/uploads\/2024\/02\/51082-1.webp",1000,663,false],"landscape":["https:\/\/imagazine.it\/wp-content\/uploads\/2024\/02\/51082-1.webp",1000,663,false],"portraits":["https:\/\/imagazine.it\/wp-content\/uploads\/2024\/02\/51082-1.webp",1000,663,false],"thumbnail":["https:\/\/imagazine.it\/wp-content\/uploads\/2024\/02\/51082-1-150x150.webp",150,150,true],"medium":["https:\/\/imagazine.it\/wp-content\/uploads\/2024\/02\/51082-1-300x199.webp",300,199,true],"large":["https:\/\/imagazine.it\/wp-content\/uploads\/2024\/02\/51082-1.webp",640,424,false],"thumblist":["https:\/\/imagazine.it\/wp-content\/uploads\/2024\/02\/51082-1-300x300.webp",300,300,true],"thumbrelated":["https:\/\/imagazine.it\/wp-content\/uploads\/2024\/02\/51082-1-500x500.webp",500,500,true],"meccarouselthumb":["https:\/\/imagazine.it\/wp-content\/uploads\/2024\/02\/51082-1-474x324.webp",474,324,true],"gridsquare":["https:\/\/imagazine.it\/wp-content\/uploads\/2024\/02\/51082-1-391x260.webp",391,260,true],"tileview":["https:\/\/imagazine.it\/wp-content\/uploads\/2024\/02\/51082-1-300x400.webp",300,400,true],"1536x1536":["https:\/\/imagazine.it\/wp-content\/uploads\/2024\/02\/51082-1.webp",1000,663,false],"2048x2048":["https:\/\/imagazine.it\/wp-content\/uploads\/2024\/02\/51082-1.webp",1000,663,false],"newsup-slider-full":["https:\/\/imagazine.it\/wp-content\/uploads\/2024\/02\/51082-1.webp",1000,663,false],"newsup-featured":["https:\/\/imagazine.it\/wp-content\/uploads\/2024\/02\/51082-1.webp",1000,663,false],"newsup-medium":["https:\/\/imagazine.it\/wp-content\/uploads\/2024\/02\/51082-1-720x380.webp",720,380,true],"tptn_thumbnail":["https:\/\/imagazine.it\/wp-content\/uploads\/2024\/02\/51082-1.webp",250,166,false],"sow-carousel-default":["https:\/\/imagazine.it\/wp-content\/uploads\/2024\/02\/51082-1.webp",272,180,false]},"rttpg_author":{"display_name":"redazione","author_link":"https:\/\/imagazine.it\/home_desk\/author\/redazione\/"},"rttpg_comment":0,"rttpg_category":"<a href=\"https:\/\/imagazine.it\/home_desk\/category\/attualita\/\" rel=\"category tag\">ATTUALIT\u00c0<\/a>","rttpg_excerpt":"Esposta in piazza San Pietro l'opera realizzata da artisti e artigiani del territorio. I brani del Coro di Ruda per la cerimonia di accensione delle luci","_links":{"self":[{"href":"https:\/\/imagazine.it\/home_desk\/wp-json\/wp\/v2\/posts\/47899","targetHints":{"allow":["GET"]}}],"collection":[{"href":"https:\/\/imagazine.it\/home_desk\/wp-json\/wp\/v2\/posts"}],"about":[{"href":"https:\/\/imagazine.it\/home_desk\/wp-json\/wp\/v2\/types\/post"}],"author":[{"embeddable":true,"href":"https:\/\/imagazine.it\/home_desk\/wp-json\/wp\/v2\/users\/28"}],"replies":[{"embeddable":true,"href":"https:\/\/imagazine.it\/home_desk\/wp-json\/wp\/v2\/comments?post=47899"}],"version-history":[{"count":0,"href":"https:\/\/imagazine.it\/home_desk\/wp-json\/wp\/v2\/posts\/47899\/revisions"}],"wp:featuredmedia":[{"embeddable":true,"href":"https:\/\/imagazine.it\/home_desk\/wp-json\/wp\/v2\/media\/47900"}],"wp:attachment":[{"href":"https:\/\/imagazine.it\/home_desk\/wp-json\/wp\/v2\/media?parent=47899"}],"wp:term":[{"taxonomy":"category","embeddable":true,"href":"https:\/\/imagazine.it\/home_desk\/wp-json\/wp\/v2\/categories?post=47899"},{"taxonomy":"post_tag","embeddable":true,"href":"https:\/\/imagazine.it\/home_desk\/wp-json\/wp\/v2\/tags?post=47899"}],"curies":[{"name":"wp","href":"https:\/\/api.w.org\/{rel}","templated":true}]}}