{"id":47897,"date":"2022-11-29T00:00:00","date_gmt":"2022-11-28T23:00:00","guid":{"rendered":"https:\/\/imagazine.it\/buon-anno-trieste-elisa-in-concerto-per-le-persone-fragili\/"},"modified":"2022-11-29T00:00:00","modified_gmt":"2022-11-28T23:00:00","slug":"buon-anno-trieste-elisa-in-concerto-per-le-persone-fragili","status":"publish","type":"post","link":"https:\/\/imagazine.it\/home_desk\/buon-anno-trieste-elisa-in-concerto-per-le-persone-fragili\/","title":{"rendered":"Buon Anno Trieste, Elisa in concerto per le persone fragili"},"content":{"rendered":"<p> \tPresentato il concerto<strong> Buon Anno Trieste<\/strong>, giunto alla sua 41esima edizione, in programma al politeama Rossetti del capoluogo regionale il prossimo 6 gennaio con inizio alle 20.30, che vedr\u00e0 su protagonista assoluta sul palco <strong>Elisa<\/strong>.<\/p>\n<p> \t&#8220;Il concerto Buon Anno Trieste con Elisa promosso dalla Confcommercio giuliana rappresenta un importante appuntamento con la citt\u00e0 che associa la voglia di stare insieme alla solidariet\u00e0 verso chi ha bisogno in una fase in cui il capoluogo regionale sta mostrando una grandissima vitalit\u00e0&#8221;, ha dichiarato l&#8217;assessore regionale alle Attivit\u00e0 produttive e al Turismo <strong>Sergio Emidio Bini<\/strong>.<\/p>\n<p> \tDestinatari del concerto, come ha spiegato il presidente della Confcommercio locale <strong>Antonio Paoletti<\/strong>, saranno &#8220;Trieste entra in gioco&#8221;, cui si dedic\u00f2 l&#8217;ex dirigente della stessa associazione di categoria Fulvio Benvenuti da poco scomparso, che sostiene l&#8217;inclusione nello sport dei giovani disabili o con famiglie in difficolt\u00e0, e la Casa Famiglia della Fondazione Villa Russiz.<\/p>\n<p> \tSupportano il concerto, oltre a Regione e PromoTurismoFVG, il Comune di Trieste, presente alla conferenza stampa con il vicesindaco <strong>Serena Tonel<\/strong> e l&#8217;assessore alla Cultura <strong>Giorgio Rossi<\/strong>, Fondazione CrTrieste, Bat Italia, Bcc Staranzano e Villesse, Confidi Venezia Giulia e 50&#038;Pi\u00f9 Trieste.<\/p>\n<p> \t\u00a0<\/p>\n","protected":false},"excerpt":{"rendered":"<p>Sul palco del Rossetti in favore dell&#8217;inclusione nello sport dei giovani disabili o con famiglie in difficolt\u00e0<\/p>\n","protected":false},"author":28,"featured_media":47898,"comment_status":"closed","ping_status":"closed","sticky":false,"template":"","format":"standard","meta":{"dwc-title":[],"dwc-content":[],"footnotes":""},"categories":[37],"tags":[],"class_list":["post-47897","post","type-post","status-publish","format-standard","has-post-thumbnail","hentry","category-cultura-e-spettacolo"],"rttpg_featured_image_url":{"full":["https:\/\/imagazine.it\/wp-content\/uploads\/2024\/02\/51081-1.webp",1600,1200,false],"landscape":["https:\/\/imagazine.it\/wp-content\/uploads\/2024\/02\/51081-1.webp",1600,1200,false],"portraits":["https:\/\/imagazine.it\/wp-content\/uploads\/2024\/02\/51081-1.webp",1600,1200,false],"thumbnail":["https:\/\/imagazine.it\/wp-content\/uploads\/2024\/02\/51081-1-150x150.webp",150,150,true],"medium":["https:\/\/imagazine.it\/wp-content\/uploads\/2024\/02\/51081-1-300x225.webp",300,225,true],"large":["https:\/\/imagazine.it\/wp-content\/uploads\/2024\/02\/51081-1-1024x768.webp",640,480,true],"thumblist":["https:\/\/imagazine.it\/wp-content\/uploads\/2024\/02\/51081-1-300x300.webp",300,300,true],"thumbrelated":["https:\/\/imagazine.it\/wp-content\/uploads\/2024\/02\/51081-1-500x500.webp",500,500,true],"meccarouselthumb":["https:\/\/imagazine.it\/wp-content\/uploads\/2024\/02\/51081-1-474x324.webp",474,324,true],"gridsquare":["https:\/\/imagazine.it\/wp-content\/uploads\/2024\/02\/51081-1-391x260.webp",391,260,true],"tileview":["https:\/\/imagazine.it\/wp-content\/uploads\/2024\/02\/51081-1-300x400.webp",300,400,true],"1536x1536":["https:\/\/imagazine.it\/wp-content\/uploads\/2024\/02\/51081-1-1536x1152.webp",1536,1152,true],"2048x2048":["https:\/\/imagazine.it\/wp-content\/uploads\/2024\/02\/51081-1.webp",1600,1200,false],"newsup-slider-full":["https:\/\/imagazine.it\/wp-content\/uploads\/2024\/02\/51081-1-1280x720.webp",1280,720,true],"newsup-featured":["https:\/\/imagazine.it\/wp-content\/uploads\/2024\/02\/51081-1-1024x768.webp",1024,768,true],"newsup-medium":["https:\/\/imagazine.it\/wp-content\/uploads\/2024\/02\/51081-1-720x380.webp",720,380,true],"tptn_thumbnail":["https:\/\/imagazine.it\/wp-content\/uploads\/2024\/02\/51081-1.webp",250,188,false],"sow-carousel-default":["https:\/\/imagazine.it\/wp-content\/uploads\/2024\/02\/51081-1.webp",243,182,false]},"rttpg_author":{"display_name":"redazione","author_link":"https:\/\/imagazine.it\/home_desk\/author\/redazione\/"},"rttpg_comment":0,"rttpg_category":"<a href=\"https:\/\/imagazine.it\/home_desk\/category\/cultura-e-spettacolo\/\" rel=\"category tag\">CULTURA&amp;SPETTACOLO<\/a>","rttpg_excerpt":"Sul palco del Rossetti in favore dell'inclusione nello sport dei giovani disabili o con famiglie in difficolt\u00e0","_links":{"self":[{"href":"https:\/\/imagazine.it\/home_desk\/wp-json\/wp\/v2\/posts\/47897","targetHints":{"allow":["GET"]}}],"collection":[{"href":"https:\/\/imagazine.it\/home_desk\/wp-json\/wp\/v2\/posts"}],"about":[{"href":"https:\/\/imagazine.it\/home_desk\/wp-json\/wp\/v2\/types\/post"}],"author":[{"embeddable":true,"href":"https:\/\/imagazine.it\/home_desk\/wp-json\/wp\/v2\/users\/28"}],"replies":[{"embeddable":true,"href":"https:\/\/imagazine.it\/home_desk\/wp-json\/wp\/v2\/comments?post=47897"}],"version-history":[{"count":0,"href":"https:\/\/imagazine.it\/home_desk\/wp-json\/wp\/v2\/posts\/47897\/revisions"}],"wp:featuredmedia":[{"embeddable":true,"href":"https:\/\/imagazine.it\/home_desk\/wp-json\/wp\/v2\/media\/47898"}],"wp:attachment":[{"href":"https:\/\/imagazine.it\/home_desk\/wp-json\/wp\/v2\/media?parent=47897"}],"wp:term":[{"taxonomy":"category","embeddable":true,"href":"https:\/\/imagazine.it\/home_desk\/wp-json\/wp\/v2\/categories?post=47897"},{"taxonomy":"post_tag","embeddable":true,"href":"https:\/\/imagazine.it\/home_desk\/wp-json\/wp\/v2\/tags?post=47897"}],"curies":[{"name":"wp","href":"https:\/\/api.w.org\/{rel}","templated":true}]}}