{"id":47895,"date":"2022-11-29T00:00:00","date_gmt":"2022-11-28T23:00:00","guid":{"rendered":"https:\/\/imagazine.it\/ater-trieste-cantieri-per-17-milioni-con-il-superbonus\/"},"modified":"2022-11-29T00:00:00","modified_gmt":"2022-11-28T23:00:00","slug":"ater-trieste-cantieri-per-17-milioni-con-il-superbonus","status":"publish","type":"post","link":"https:\/\/imagazine.it\/home_desk\/ater-trieste-cantieri-per-17-milioni-con-il-superbonus\/","title":{"rendered":"Ater Trieste, cantieri per 17 milioni con il Superbonus"},"content":{"rendered":"<p> \tSi sono conclusi i primi cantieri con super bonus 110 % predisposti da <strong>Ater Trieste<\/strong>, in via Paisiello, ma i lavori complessivi riguardano in tutto 22 stabili, con 389 alloggi interessati, e ammontano a oltre 17 milioni di euro.<\/p>\n<p> \tLe ditte impegnate nei lavori sono: Harley Dickinson, Ase (Acegas), Bluenergy Assistance e System Mind srl.<\/p>\n<p> \tIl presidente di Ater Trieste, <strong>Riccardo Novacco<\/strong>, ricorda come si lavori \u201cda pi\u00f9 di un anno su questo tema, e ringrazio i nostri uffici che si sono spesi con grande attenzione, perch\u00e9 non si tratta di procedure semplici. Saranno interventi fondamentali per la citt\u00e0, perch\u00e9 sono soluzioni a livello energetico che guardano al futuro e soprattutto, fin da subito, garantiranno un risparmio concreto agli inquilini. Sottolineo come sia stata un\u2019operazione complessa perch\u00e9 le regole del super bonus sono molto ferme e decise, non c\u2019\u00e8 elasticit\u00e0 di azione e il minimo errore determina una serie di problematiche. Dietro ogni cantiere ci sono mesi di lavoro burocratico, per cui un ringraziamento enorme va ai dipendenti Ater. \u00c8 stato un percorso difficile ma siamo convinti che i risvolti per gli inquilini, in termini di contenimento delle spese, saranno molto postivi, in un periodo in cui le bollette sono sempre pi\u00f9 esose\u201d.<\/p>\n<p> \tQuesti i cantieri Ater con super bonus gi\u00e0 deliberato: <strong>via Montasio<\/strong> <strong>1-11<\/strong>, 6 stabili, 86 alloggi, lavori su termocappotto, centrale termica, sisma bonus e bonifica amianto, partiti a gennaio 2022, durata 18 mesi, importo 5.134.763,60 euro; <strong>via Paisiello<\/strong> <strong>7<\/strong>, uno stabile, 38 alloggi, lavori su termocappotto e accentramento contatori, lavori partiti a settembre 2021, durata 10 mesi, importo 1.560.000 euro; &#8211;<strong>via Paisiello 9<\/strong>, identico intervento del civico 7; <strong>via Respighi 5<\/strong>, uno stabile, 38 alloggi, lavori su termocappotto e accentramento contatori, lavori partiti a settembre 2021, durata 10 mesi, importo 1.560.000 euro; <strong>via San Mauro dal civico 2 al 12 e via San Tommaso 5<\/strong>, 7 stabili, 99 alloggi, lavori su termocappotto, predisposizione per accentramento contatori e bonifica amianto, partiti a maggio 2022, durata un anno, importo 3.500.000 euro; <strong>via Toffani 1<\/strong>, uno stabile, 15 alloggi, lavori su termocappotto, predisposizione per accentramento contatori e centrale termica, partiti nell\u2019estate 2022, durata 6 mesi, importo 620.000 euro; <strong>via Toffani 3 e 5<\/strong>: identico intervento del civico 1; <strong>via Costalunga 47-49<\/strong>, 2 stabili, 31 alloggi, lavori su termocappotto, predisposizione per accentramento contatori e bonifica amianto, partiti nell\u2019estate 2022, durata 6 mesi, importo 1.500.000 euro; <strong>via Palmanova<\/strong>, uno stabile, 14 alloggi, lavori su termocappotto, lavori partiti a fine estate 2022, durata 6 mesi, importo 550.000 euro.<\/p>\n<p> \tASE, AcegasApsAmga Servizi Energetici, ha seguito tre interventi di riqualificazione energetica nel comprensorio di via Paisiello, per un totale di 4 milioni di euro di investimento messi a disposizione dalla stessa ASE.<\/p>\n<p> \tSi tratta degli stabili al civico 7, composto da 40 unit\u00e0 abitative, al civico 9, per altre 40 unit\u00e0 abitative, e in piazzale Respighi 5, per 39 unit\u00e0 abitative: in tutti i condomini gli interventi effettuati sono la realizzazione del cappotto isolante e la sostituzione dei serramenti. In totale, quindi, grazie agli interventi apportati da ASE, saranno 119 le famiglie che potranno contare su un risparmio energetico annuo di circa il 30%. <strong>Ogni famiglia risparmier\u00e0 all\u2019anno circa 400 euro per il riscaldamento<\/strong> e ogni condominio eviter\u00e0 di disperdere nell\u2019atmosfera 20 tonnellate di emissioni di Co2, per un totale complessivo di 60 tonnellate di Co2 all\u2019anno non emesse nell\u2019aria di Trieste.<\/p>\n<p> \tI lavori di riqualificazione energetica sono iniziati ad agosto del 2021 e si stanno completando proprio in questi giorni.<\/p>\n<p> \t\u201cUn risultato importante, soprattutto perch\u00e9 grazie all\u2019applicazione dello sconto in fattura abbiamo realizzato queste riqualificazioni energetiche nell\u2019edilizia popolare, portando un vantaggio economico nelle bollette delle famiglie, a costo zero per i residenti \u2013 spiega <strong>Giorgio Golinelli<\/strong>, amministratore delegato di ASE \u2013. Il tutto portando grandi benefici all\u2019ambiente e diminuendo le emissioni, fattori fondamentali per costruire un futuro sostenibile delle nostre citt\u00e0. Un obiettivo raggiunto grazie alla collaborazione con Ater, con cui abbiamo condiviso il <em>know-how<\/em> derivato da anni di esperienza nel settore e lo sviluppo di continui progetti di ricerca e innovazione tecnologica\u201d.<\/p>\n<p> \tHarley&#038;Dikkinson si \u00e8 occupata nel dettaglio dei lavori del complesso di via Montasio, per i civici 1-3-5-7-9-11, di quello di via San Mauro, per i civici 2-4-6-8-10-12, e di quello di via San Tommaso 6 a Opicina.<\/p>\n<p> \tPer il primo cantiere si tratta della realizzazione del cappotto termico e aerogel su tutte le superficie verticali dell\u2019immobile, una nuova centrale termina a basso consumo, e la bonifica completa dell\u2019amianto nel seminterrato e nelle cantine, oltre alla riqualificazione antisismica, con oltre 5 milioni di euro. Per gli stabili di via San Mauro e via San Tommaso anche in questo caso si tratta della realizzazione del cappotto termico ed aerogel su tutte le superficie verticali dell\u2019immobile, e ancora di nuove dorsali gas e il rifacimento e l\u2019isolazione dei tetti. La spesa totale \u00e8 di quasi 3 milioni e mezzo di euro.<\/p>\n<p> \t\u00a0<\/p>\n","protected":false},"excerpt":{"rendered":"<p>In tutto il territorio cittadini sono 389 alloggi interessati dagli interventi coperti dal 110%. Ecco quali<\/p>\n","protected":false},"author":28,"featured_media":47896,"comment_status":"closed","ping_status":"closed","sticky":false,"template":"","format":"standard","meta":{"dwc-title":[],"dwc-content":[],"footnotes":""},"categories":[5],"tags":[],"class_list":["post-47895","post","type-post","status-publish","format-standard","has-post-thumbnail","hentry","category-attualita"],"rttpg_featured_image_url":{"full":["https:\/\/imagazine.it\/wp-content\/uploads\/2024\/02\/51078-1.webp",1000,750,false],"landscape":["https:\/\/imagazine.it\/wp-content\/uploads\/2024\/02\/51078-1.webp",1000,750,false],"portraits":["https:\/\/imagazine.it\/wp-content\/uploads\/2024\/02\/51078-1.webp",1000,750,false],"thumbnail":["https:\/\/imagazine.it\/wp-content\/uploads\/2024\/02\/51078-1-150x150.webp",150,150,true],"medium":["https:\/\/imagazine.it\/wp-content\/uploads\/2024\/02\/51078-1-300x225.webp",300,225,true],"large":["https:\/\/imagazine.it\/wp-content\/uploads\/2024\/02\/51078-1.webp",640,480,false],"thumblist":["https:\/\/imagazine.it\/wp-content\/uploads\/2024\/02\/51078-1-300x300.webp",300,300,true],"thumbrelated":["https:\/\/imagazine.it\/wp-content\/uploads\/2024\/02\/51078-1-500x500.webp",500,500,true],"meccarouselthumb":["https:\/\/imagazine.it\/wp-content\/uploads\/2024\/02\/51078-1-474x324.webp",474,324,true],"gridsquare":["https:\/\/imagazine.it\/wp-content\/uploads\/2024\/02\/51078-1-391x260.webp",391,260,true],"tileview":["https:\/\/imagazine.it\/wp-content\/uploads\/2024\/02\/51078-1-300x400.webp",300,400,true],"1536x1536":["https:\/\/imagazine.it\/wp-content\/uploads\/2024\/02\/51078-1.webp",1000,750,false],"2048x2048":["https:\/\/imagazine.it\/wp-content\/uploads\/2024\/02\/51078-1.webp",1000,750,false],"newsup-slider-full":["https:\/\/imagazine.it\/wp-content\/uploads\/2024\/02\/51078-1-1000x720.webp",1000,720,true],"newsup-featured":["https:\/\/imagazine.it\/wp-content\/uploads\/2024\/02\/51078-1.webp",1000,750,false],"newsup-medium":["https:\/\/imagazine.it\/wp-content\/uploads\/2024\/02\/51078-1-720x380.webp",720,380,true],"tptn_thumbnail":["https:\/\/imagazine.it\/wp-content\/uploads\/2024\/02\/51078-1.webp",250,188,false],"sow-carousel-default":["https:\/\/imagazine.it\/wp-content\/uploads\/2024\/02\/51078-1.webp",243,182,false]},"rttpg_author":{"display_name":"redazione","author_link":"https:\/\/imagazine.it\/home_desk\/author\/redazione\/"},"rttpg_comment":0,"rttpg_category":"<a href=\"https:\/\/imagazine.it\/home_desk\/category\/attualita\/\" rel=\"category tag\">ATTUALIT\u00c0<\/a>","rttpg_excerpt":"In tutto il territorio cittadini sono 389 alloggi interessati dagli interventi coperti dal 110%. Ecco quali","_links":{"self":[{"href":"https:\/\/imagazine.it\/home_desk\/wp-json\/wp\/v2\/posts\/47895","targetHints":{"allow":["GET"]}}],"collection":[{"href":"https:\/\/imagazine.it\/home_desk\/wp-json\/wp\/v2\/posts"}],"about":[{"href":"https:\/\/imagazine.it\/home_desk\/wp-json\/wp\/v2\/types\/post"}],"author":[{"embeddable":true,"href":"https:\/\/imagazine.it\/home_desk\/wp-json\/wp\/v2\/users\/28"}],"replies":[{"embeddable":true,"href":"https:\/\/imagazine.it\/home_desk\/wp-json\/wp\/v2\/comments?post=47895"}],"version-history":[{"count":0,"href":"https:\/\/imagazine.it\/home_desk\/wp-json\/wp\/v2\/posts\/47895\/revisions"}],"wp:featuredmedia":[{"embeddable":true,"href":"https:\/\/imagazine.it\/home_desk\/wp-json\/wp\/v2\/media\/47896"}],"wp:attachment":[{"href":"https:\/\/imagazine.it\/home_desk\/wp-json\/wp\/v2\/media?parent=47895"}],"wp:term":[{"taxonomy":"category","embeddable":true,"href":"https:\/\/imagazine.it\/home_desk\/wp-json\/wp\/v2\/categories?post=47895"},{"taxonomy":"post_tag","embeddable":true,"href":"https:\/\/imagazine.it\/home_desk\/wp-json\/wp\/v2\/tags?post=47895"}],"curies":[{"name":"wp","href":"https:\/\/api.w.org\/{rel}","templated":true}]}}