{"id":47885,"date":"2022-11-28T00:00:00","date_gmt":"2022-11-27T23:00:00","guid":{"rendered":"https:\/\/imagazine.it\/prevenzione-e-formazione-monfalcone-si-attiva-per-i-giovani\/"},"modified":"2022-11-28T00:00:00","modified_gmt":"2022-11-27T23:00:00","slug":"prevenzione-e-formazione-monfalcone-si-attiva-per-i-giovani","status":"publish","type":"post","link":"https:\/\/imagazine.it\/home_desk\/prevenzione-e-formazione-monfalcone-si-attiva-per-i-giovani\/","title":{"rendered":"Prevenzione e formazione, Monfalcone si attiva per i giovani"},"content":{"rendered":"<p> \tIl Comune di <strong>Monfalcone<\/strong> promuove il progetto \u201c<em>I ragazzi non sono soli: strade e percorsi per stare bene<\/em>\u201d &#8211; finanziato da Fondazione Carigo &#8211; organizzato in collaborazione con tre associazioni di volontariato locali e il contributo di psicologhe esperte che realizzano degli interventi, nelle <strong>quattro scuole secondarie di Monfalcone<\/strong> e presso il <strong>Centro Giovani Innovation Young<\/strong>, relativi alla prevenzione e sensibilizzazione su tematiche che riguardano i pi\u00f9 giovani.<\/p>\n<p> \tGli appuntamenti, rivolti agli alunni dell\u2019ultimo anno delle scuole Giacich e Randaccio e agli studenti delle classi del primo e secondo anno di Pertini e Buonarroti, sono stati curati dalle associazioni <strong>Vanessa Onlus \u201cUn ponte per la vita e la solidariet\u00e0\u201d, \u201cFenice Onlus ODV\u201d e \u201cSolidariet\u00e0 \u00e8 vita ODV\u201d<\/strong>.<\/p>\n<p> \tL\u2019associazione \u201cSolidariet\u00e0 \u00e8 Vita ODV\u201d cura il laboratorio \u201cEmotionLab\u201d presso il Centro Giovani di Monfalcone: un ciclo di incontri a cadenza settimanale rivolti a partecipanti fra i 14 e i 35 anni. Uno spazio finalizzato alla promozione del benessere psicologico dei giovani, per aiutarli a riconoscere i propri bisogni e valorizzare le proprie risorse, nel quale vengono forniti gli strumenti per imparare a conoscere e <strong>gestire le emozioni, l\u2019ansia e l\u2019autostima<\/strong>.\u00a0<\/p>\n<p> \tIl primo ciclo di incontri si \u00e8 gi\u00e0 concluso, mentre dal 2 dicembre cominceranno i lavori del secondo gruppo, con incontri che si svolgeranno ogni venerd\u00ec dalle 17 alle 19. \u00c8 ancora possibile iscriversi contattando il Centro Giovani Innovation Young al numero 0481 494656 o inviando una mail all\u2019indirizzo <a href=\"mailto:innovation_young@comune.monfalcone.go.it\" target=\"_blank\" rel=\"noopener\">innovation_young@comune.<wbr \/>monfalcone.go.it<\/a>.<\/p>\n<p> \tInoltre, per coinvolgere anche le famiglie degli adolescenti, vengono dedicati alcuni incontri rivolti a <strong>genitori e insegnanti<\/strong> che si svolgono presso il Centro Giovani, in viale S. Marco 70, dalle ore 18 alle 19.30: marted\u00ec 22 novembre gli esperti hanno incontrato i genitori degli studenti dell\u2019 ISIS Pertini, marted\u00ec 29 novembre porte aperte alle famiglie degli alunni dell\u2019Istituto Comprensivo Giacich, marted\u00ec 6 dicembre appuntamento per le famiglie degli studenti dell\u2019ISIS Buonarroti e mercoled\u00ec 14 dicembre incontro destinato ai genitori degli alunni dell\u2019Istituto Comprensivo Randaccio.<\/p>\n<p> \tGli incontri organizzati dall\u2019associazione \u201cVanessa Guido APS\u201d all\u2019interno delle scuole hanno avuto come obiettivo l\u2019informazione e la sensibilizzazione di ragazzi, scuola e famiglie sul tema delle <strong>dipendenze<\/strong>, spiegandone gli aspetti sociali e giuridici e riservando uno spazio di condivisione per i ragazzi finalizzato anche a far conoscere le risorse disponibili sul territorio per fronteggiare il problema.<\/p>\n<p> \tCon l\u2019associazione \u201cFenice FVG ODV\u201d viene affrontato il tema dei <strong>disturbi dell\u2019alimentazione<\/strong>, stimolando una riflessione sulle pressioni sociali che i ragazzi possono trovarsi ad affrontare nelle relazioni con coetanei e adulti e sui social, e fornendo informazioni e strumenti per riconoscere efficacemente le situazioni di disagio e intervenire tempestivamente.<\/p>\n<p> \t\u00a0<\/p>\n","protected":false},"excerpt":{"rendered":"<p>Attivate progettualit\u00e0 con tre associazioni del territorio. Dalle dipendenze ai disturbi alimentari, fino alla gestione di ansia e autostima: coinvolti genitori e insegnanti<\/p>\n","protected":false},"author":28,"featured_media":47886,"comment_status":"closed","ping_status":"closed","sticky":false,"template":"","format":"standard","meta":{"dwc-title":[],"dwc-content":[],"footnotes":""},"categories":[5],"tags":[],"class_list":["post-47885","post","type-post","status-publish","format-standard","has-post-thumbnail","hentry","category-attualita"],"rttpg_featured_image_url":{"full":["https:\/\/imagazine.it\/wp-content\/uploads\/2024\/02\/51066-1.webp",750,436,false],"landscape":["https:\/\/imagazine.it\/wp-content\/uploads\/2024\/02\/51066-1.webp",750,436,false],"portraits":["https:\/\/imagazine.it\/wp-content\/uploads\/2024\/02\/51066-1.webp",750,436,false],"thumbnail":["https:\/\/imagazine.it\/wp-content\/uploads\/2024\/02\/51066-1-150x150.webp",150,150,true],"medium":["https:\/\/imagazine.it\/wp-content\/uploads\/2024\/02\/51066-1-300x174.webp",300,174,true],"large":["https:\/\/imagazine.it\/wp-content\/uploads\/2024\/02\/51066-1.webp",640,372,false],"thumblist":["https:\/\/imagazine.it\/wp-content\/uploads\/2024\/02\/51066-1-300x300.webp",300,300,true],"thumbrelated":["https:\/\/imagazine.it\/wp-content\/uploads\/2024\/02\/51066-1-500x436.webp",500,436,true],"meccarouselthumb":["https:\/\/imagazine.it\/wp-content\/uploads\/2024\/02\/51066-1-474x324.webp",474,324,true],"gridsquare":["https:\/\/imagazine.it\/wp-content\/uploads\/2024\/02\/51066-1-391x260.webp",391,260,true],"tileview":["https:\/\/imagazine.it\/wp-content\/uploads\/2024\/02\/51066-1-300x400.webp",300,400,true],"1536x1536":["https:\/\/imagazine.it\/wp-content\/uploads\/2024\/02\/51066-1.webp",750,436,false],"2048x2048":["https:\/\/imagazine.it\/wp-content\/uploads\/2024\/02\/51066-1.webp",750,436,false],"newsup-slider-full":["https:\/\/imagazine.it\/wp-content\/uploads\/2024\/02\/51066-1.webp",750,436,false],"newsup-featured":["https:\/\/imagazine.it\/wp-content\/uploads\/2024\/02\/51066-1.webp",750,436,false],"newsup-medium":["https:\/\/imagazine.it\/wp-content\/uploads\/2024\/02\/51066-1-720x380.webp",720,380,true],"tptn_thumbnail":["https:\/\/imagazine.it\/wp-content\/uploads\/2024\/02\/51066-1.webp",250,145,false],"sow-carousel-default":["https:\/\/imagazine.it\/wp-content\/uploads\/2024\/02\/51066-1.webp",272,158,false]},"rttpg_author":{"display_name":"redazione","author_link":"https:\/\/imagazine.it\/home_desk\/author\/redazione\/"},"rttpg_comment":0,"rttpg_category":"<a href=\"https:\/\/imagazine.it\/home_desk\/category\/attualita\/\" rel=\"category tag\">ATTUALIT\u00c0<\/a>","rttpg_excerpt":"Attivate progettualit\u00e0 con tre associazioni del territorio. Dalle dipendenze ai disturbi alimentari, fino alla gestione di ansia e autostima: coinvolti genitori e insegnanti","_links":{"self":[{"href":"https:\/\/imagazine.it\/home_desk\/wp-json\/wp\/v2\/posts\/47885","targetHints":{"allow":["GET"]}}],"collection":[{"href":"https:\/\/imagazine.it\/home_desk\/wp-json\/wp\/v2\/posts"}],"about":[{"href":"https:\/\/imagazine.it\/home_desk\/wp-json\/wp\/v2\/types\/post"}],"author":[{"embeddable":true,"href":"https:\/\/imagazine.it\/home_desk\/wp-json\/wp\/v2\/users\/28"}],"replies":[{"embeddable":true,"href":"https:\/\/imagazine.it\/home_desk\/wp-json\/wp\/v2\/comments?post=47885"}],"version-history":[{"count":0,"href":"https:\/\/imagazine.it\/home_desk\/wp-json\/wp\/v2\/posts\/47885\/revisions"}],"wp:featuredmedia":[{"embeddable":true,"href":"https:\/\/imagazine.it\/home_desk\/wp-json\/wp\/v2\/media\/47886"}],"wp:attachment":[{"href":"https:\/\/imagazine.it\/home_desk\/wp-json\/wp\/v2\/media?parent=47885"}],"wp:term":[{"taxonomy":"category","embeddable":true,"href":"https:\/\/imagazine.it\/home_desk\/wp-json\/wp\/v2\/categories?post=47885"},{"taxonomy":"post_tag","embeddable":true,"href":"https:\/\/imagazine.it\/home_desk\/wp-json\/wp\/v2\/tags?post=47885"}],"curies":[{"name":"wp","href":"https:\/\/api.w.org\/{rel}","templated":true}]}}